{"id":21029,"date":"2023-03-07T10:47:42","date_gmt":"2023-03-07T13:47:42","guid":{"rendered":"https:\/\/elfederalmendoza.com\/?p=21029"},"modified":"2023-03-07T10:47:43","modified_gmt":"2023-03-07T13:47:43","slug":"fotos-impactante-choque-en-lujan-dejo-a-una-pareja-con-graves-heridas","status":"publish","type":"post","link":"https:\/\/elfederalmendoza.com.ar\/index.php\/2023\/03\/07\/fotos-impactante-choque-en-lujan-dejo-a-una-pareja-con-graves-heridas\/","title":{"rendered":"-FOTOS- Impactante choque en Luj\u00e1n dej\u00f3 a una pareja con graves heridas"},"content":{"rendered":"\n<p>El accidente sucedi\u00f3 entre una camioneta Fiat Fiorino y un cami\u00f3n <strong>en ruta 7 y Cochabamba de Luj\u00e1n<\/strong>. Ambos ocupantes del primer rodado resultaron lesionados de gravedad.<\/p>\n\n\n\n<p><strong>Dos personas sufrieron heridas de gravedad tras un accidente ocurrido este martes por la ma\u00f1ana en el departamento de\u00a0Luj\u00e1n<\/strong>. Las v\u00edctimas iban en una camioneta e impactaron contra un cami\u00f3n.<strong>\u00a0El conductor del utilitario sali\u00f3 despedido mientras que la acompa\u00f1ante qued\u00f3 atrapada en el habit\u00e1culo.<\/strong><\/p>\n\n\n\n<figure class=\"wp-block-image size-full\"><img loading=\"lazy\" decoding=\"async\" width=\"1018\" height=\"636\" src=\"https:\/\/elfederalmendoza.com\/wp-content\/uploads\/2023\/03\/CHOQUE-LUJAN1.jpg\" alt=\"\" class=\"wp-image-21030\" srcset=\"https:\/\/elfederalmendoza.com.ar\/wp-content\/uploads\/2023\/03\/CHOQUE-LUJAN1.jpg 1018w, https:\/\/elfederalmendoza.com.ar\/wp-content\/uploads\/2023\/03\/CHOQUE-LUJAN1-300x187.jpg 300w, https:\/\/elfederalmendoza.com.ar\/wp-content\/uploads\/2023\/03\/CHOQUE-LUJAN1-768x480.jpg 768w\" sizes=\"auto, (max-width: 1018px) 100vw, 1018px\" \/><\/figure>\n\n\n\n<p>El hecho sucedi\u00f3 pasadas las 6 cuando\u00a0<strong>una camioneta Fiat Fiorino circulaba por calle\u00a0Cochabamba hacia el sur, en la zona de Agrelo, Luj\u00e1n.<\/strong><\/p>\n\n\n\n<p><strong>Un cami\u00f3n Mercedes Benz hacia lo propio por ruta 7<\/strong>&nbsp;hacia el oeste y ambos rodados chocaron violentamente. Seg\u00fan un testigo, el conductor de la camioneta intent\u00f3 cruzar<strong>&nbsp;la ruta sin tomar los recaudos necesarios e impact\u00f3 en una rueda trasera del acoplado.<\/strong><\/p>\n\n\n\n<figure class=\"wp-block-image is-resized\"><img loading=\"lazy\" decoding=\"async\" src=\"https:\/\/media.sitioandino.com.ar\/p\/2cc8f10080fb1fb8bf215c755eaab978\/adjuntos\/335\/imagenes\/000\/621\/0000621727\/790x0\/smart\/accidente-lujanjpg.jpg\" alt=\"\" width=\"961\" height=\"723\"\/><\/figure>\n\n\n\n<p><strong>Como consecuencia del violento impacto, el conductor del utilitario sali\u00f3 despidiendo. Y como consecuencia de esa ca\u00edda, sufri\u00f3 lesiones de gravedad<\/strong>. Lo identificaron como&nbsp;<strong>Lionel David Cortez, de 26 a\u00f1os<\/strong>.<\/p>\n\n\n\n<p>En tanto, la acompa\u00f1ante, identificada como&nbsp;<strong>Mar\u00eda Elina Morales, 33 a\u00f1os<\/strong>, qued\u00f3 atrapada en el interior. Ambas personas, oriundas de Guaymall\u00e9n, fueron trasladadas por una ambulancia del&nbsp;<strong>Servicio de Emergencia Coordinado hasta el Hospital Central.<\/strong><\/p>\n\n\n\n<figure class=\"wp-block-image is-resized\"><img loading=\"lazy\" decoding=\"async\" src=\"https:\/\/media.sitioandino.com.ar\/p\/85315d6b7ec54a19c287451dd1134c26\/adjuntos\/335\/imagenes\/000\/621\/0000621742\/790x0\/smart\/accidente-lujan-5jpg.jpg\" alt=\"\" width=\"966\" height=\"646\"\/><\/figure>\n\n\n\n<p>En tanto, el conductor del cami\u00f3n, de 55 a\u00f1os, no sufri\u00f3 lesiones.&nbsp;<strong>Polic\u00eda Cient\u00edfica estuvo trabajando en la escena por orden de las autoridades judiciales. Hubo complicaciones con la circulaci\u00f3n de veh\u00edculos<\/strong>.<\/p>\n\n\n\n<figure class=\"wp-block-image is-resized\"><img loading=\"lazy\" decoding=\"async\" src=\"https:\/\/media.sitioandino.com.ar\/p\/57f0f9e7d5a8f254e440c625de1cd417\/adjuntos\/335\/imagenes\/000\/621\/0000621743\/790x0\/smart\/accidente-lujanjpg.jpg\" alt=\"\" width=\"965\" height=\"645\"\/><\/figure>\n\n\n\n<p><\/p>\n","protected":false},"excerpt":{"rendered":"<p>El accidente sucedi\u00f3 entre una camioneta Fiat Fiorino y un cami\u00f3n en ruta 7 y Cochabamba de Luj\u00e1n. Ambos ocupantes del primer rodado resultaron lesionados de gravedad. Dos personas sufrieron heridas de gravedad tras un accidente ocurrido este martes por la ma\u00f1ana en el departamento de\u00a0Luj\u00e1n. Las v\u00edctimas iban en una camioneta e impactaron contra<a class=\"read-more\" href=\"https:\/\/elfederalmendoza.com.ar\/index.php\/2023\/03\/07\/fotos-impactante-choque-en-lujan-dejo-a-una-pareja-con-graves-heridas\/\"> [&hellip;]<\/a><\/p>\n","protected":false},"author":2,"featured_media":21031,"comment_status":"open","ping_status":"open","sticky":false,"template":"","format":"standard","meta":{"footnotes":""},"categories":[1],"tags":[],"class_list":["post-21029","post","type-post","status-publish","format-standard","has-post-thumbnail","hentry","category-mza"],"rttpg_featured_image_url":{"full":["https:\/\/elfederalmendoza.com.ar\/wp-content\/uploads\/2023\/03\/CHOQUE-LUJAN.jpg",998,637,false],"landscape":["https:\/\/elfederalmendoza.com.ar\/wp-content\/uploads\/2023\/03\/CHOQUE-LUJAN.jpg",998,637,false],"portraits":["https:\/\/elfederalmendoza.com.ar\/wp-content\/uploads\/2023\/03\/CHOQUE-LUJAN.jpg",998,637,false],"thumbnail":["https:\/\/elfederalmendoza.com.ar\/wp-content\/uploads\/2023\/03\/CHOQUE-LUJAN-150x150.jpg",150,150,true],"medium":["https:\/\/elfederalmendoza.com.ar\/wp-content\/uploads\/2023\/03\/CHOQUE-LUJAN-300x191.jpg",300,191,true],"large":["https:\/\/elfederalmendoza.com.ar\/wp-content\/uploads\/2023\/03\/CHOQUE-LUJAN.jpg",640,408,false],"1536x1536":["https:\/\/elfederalmendoza.com.ar\/wp-content\/uploads\/2023\/03\/CHOQUE-LUJAN.jpg",998,637,false],"2048x2048":["https:\/\/elfederalmendoza.com.ar\/wp-content\/uploads\/2023\/03\/CHOQUE-LUJAN.jpg",998,637,false],"ultp_layout_landscape_large":["https:\/\/elfederalmendoza.com.ar\/wp-content\/uploads\/2023\/03\/CHOQUE-LUJAN.jpg",998,637,false],"ultp_layout_landscape":["https:\/\/elfederalmendoza.com.ar\/wp-content\/uploads\/2023\/03\/CHOQUE-LUJAN-870x570.jpg",870,570,true],"ultp_layout_portrait":["https:\/\/elfederalmendoza.com.ar\/wp-content\/uploads\/2023\/03\/CHOQUE-LUJAN-600x637.jpg",600,637,true],"ultp_layout_square":["https:\/\/elfederalmendoza.com.ar\/wp-content\/uploads\/2023\/03\/CHOQUE-LUJAN-600x600.jpg",600,600,true],"rpwe-thumbnail":["https:\/\/elfederalmendoza.com.ar\/wp-content\/uploads\/2023\/03\/CHOQUE-LUJAN-45x45.jpg",45,45,true],"advps-thumb-one":["https:\/\/elfederalmendoza.com.ar\/wp-content\/uploads\/2023\/03\/CHOQUE-LUJAN-998x420.jpg",998,420,true]},"rttpg_author":{"display_name":"Redacci\u00f3n El Federal","author_link":"https:\/\/elfederalmendoza.com.ar\/index.php\/author\/angelflores\/"},"rttpg_comment":0,"rttpg_category":"<a href=\"https:\/\/elfederalmendoza.com.ar\/index.php\/category\/mza\/\" rel=\"category tag\">Mendoza<\/a>","rttpg_excerpt":"El accidente sucedi\u00f3 entre una camioneta Fiat Fiorino y un cami\u00f3n en ruta 7 y Cochabamba de Luj\u00e1n. Ambos ocupantes del primer rodado resultaron lesionados de gravedad. Dos personas sufrieron heridas de gravedad tras un accidente ocurrido este martes por la ma\u00f1ana en el departamento de\u00a0Luj\u00e1n. Las v\u00edctimas iban en una camioneta e impactaron contra&hellip;","_links":{"self":[{"href":"https:\/\/elfederalmendoza.com.ar\/index.php\/wp-json\/wp\/v2\/posts\/21029","targetHints":{"allow":["GET"]}}],"collection":[{"href":"https:\/\/elfederalmendoza.com.ar\/index.php\/wp-json\/wp\/v2\/posts"}],"about":[{"href":"https:\/\/elfederalmendoza.com.ar\/index.php\/wp-json\/wp\/v2\/types\/post"}],"author":[{"embeddable":true,"href":"https:\/\/elfederalmendoza.com.ar\/index.php\/wp-json\/wp\/v2\/users\/2"}],"replies":[{"embeddable":true,"href":"https:\/\/elfederalmendoza.com.ar\/index.php\/wp-json\/wp\/v2\/comments?post=21029"}],"version-history":[{"count":1,"href":"https:\/\/elfederalmendoza.com.ar\/index.php\/wp-json\/wp\/v2\/posts\/21029\/revisions"}],"predecessor-version":[{"id":21032,"href":"https:\/\/elfederalmendoza.com.ar\/index.php\/wp-json\/wp\/v2\/posts\/21029\/revisions\/21032"}],"wp:featuredmedia":[{"embeddable":true,"href":"https:\/\/elfederalmendoza.com.ar\/index.php\/wp-json\/wp\/v2\/media\/21031"}],"wp:attachment":[{"href":"https:\/\/elfederalmendoza.com.ar\/index.php\/wp-json\/wp\/v2\/media?parent=21029"}],"wp:term":[{"taxonomy":"category","embeddable":true,"href":"https:\/\/elfederalmendoza.com.ar\/index.php\/wp-json\/wp\/v2\/categories?post=21029"},{"taxonomy":"post_tag","embeddable":true,"href":"https:\/\/elfederalmendoza.com.ar\/index.php\/wp-json\/wp\/v2\/tags?post=21029"}],"curies":[{"name":"wp","href":"https:\/\/api.w.org\/{rel}","templated":true}]}}