{"id":21035,"date":"2023-03-07T10:58:07","date_gmt":"2023-03-07T13:58:07","guid":{"rendered":"https:\/\/elfederalmendoza.com\/?p=21035"},"modified":"2023-03-07T10:58:38","modified_gmt":"2023-03-07T13:58:38","slug":"irresponsabilidad-extraordinaria-la-fuerte-critica-de-un-diputado-mendocino-al-canje-de-deuda","status":"publish","type":"post","link":"https:\/\/elfederalmendoza.com.ar\/index.php\/2023\/03\/07\/irresponsabilidad-extraordinaria-la-fuerte-critica-de-un-diputado-mendocino-al-canje-de-deuda\/","title":{"rendered":"\u201cIrresponsabilidad extraordinaria\u201d: la fuerte cr\u00edtica de un diputado mendocino al canje de deuda"},"content":{"rendered":"\n<p>El Ministerio de Econom\u00eda formaliz\u00f3 este lunes la convocatoria a un&nbsp;<mark>canje de deuda en pesos con vencimiento en el segundo trimestre de 2023,<\/mark>&nbsp;por dos canastas de bonos, una que incluye exclusivamente t\u00edtulos ajustados por inflaci\u00f3n (CER), y una segunda con una combinaci\u00f3n de 70% ajustados por CER y 30% de bonos duales -que ajustan por inflaci\u00f3n o tipo de cambio-, con vencimientos en 2024 y 2025.<\/p>\n\n\n\n<p>En total,&nbsp;<mark>el canje de deuda abarcar\u00e1 a t\u00edtulos por unos $ 7 billones<\/mark>&nbsp;que est\u00e1n divididos en partes similares entre organismos p\u00fablicos y entidades privadas, fundamentalmente bancos, aunque tambi\u00e9n hay otros inversores institucionales como fondos de inversi\u00f3n y empresas aseguradoras. La apertura de la licitaci\u00f3n ser\u00e1 el jueves 9 de marzo y cerrar\u00e1 el lunes 13.<\/p>\n\n\n\n<p>\u201c<em>Este acuerdo desactiva la idea de la bomba que algunos quieren plantar<\/em>, despeja la incertidumbre en los vencimientos del 2023 y sirve de base para que otros acuerdos mejoren el nivel de acceso al cr\u00e9dito para los ciudadanos, lo que significa mayor inversi\u00f3n en la econom\u00eda\u201d, remarc\u00f3 el ministro de Econom\u00eda,&nbsp;<strong>Sergio Massa<\/strong>&nbsp;tras el anuncio que lleg\u00f3 despu\u00e9s de semanas de negociaciones con las entidades.<\/p>\n\n\n\n<p>As\u00ed las cosas, Massa logr\u00f3 renegociar la deuda gracias a que los bancos accedieron a que recibir bonos con vencimientos en abril del 2024, octubre de 2024 y febrero de 2025. Es decir,&nbsp;<mark>es un problema que se traslada al pr\u00f3ximo gobierno<\/mark>.<\/p>\n\n\n\n<p>En esa sinton\u00eda, el diputado nacional&nbsp;<strong>Lisandro Nieri<\/strong>&nbsp;(Juntos por el Cambio) cuestion\u00f3 la medida del Gobierno nacional y la calific\u00f3 como<em>&nbsp;\u201cuna irresponsabilidad extraordinaria\u201d.&nbsp;<\/em>Adem\u00e1s, el exministro de Hacienda apunt\u00f3 contra&nbsp;<em>\u201cla complicidad de quienes adhieren a cualquier costo a esta medida\u201d.<\/em><\/p>\n\n\n\n<p>\u201cAl Gobierno s\u00f3lo le quedan d\u00f3lares para 2 o 3 semanas de importaciones. Patear la deuda en pesos con vencimiento al primer d\u00eda del pr\u00f3ximo gobierno es de una irresponsabilidad extraordinaria\u201d, asegur\u00f3 Nieri en un extenso hilo de Twitter. Adem\u00e1s se\u00f1al\u00f3:<\/p>\n\n\n\n<ul class=\"wp-block-list\">\n<li>\u201cNo asombra de una gesti\u00f3n econ\u00f3mica que ya lleva casi 40 meses de desaciertos.&nbsp;<mark>Pero alarma la complicidad<\/mark>&nbsp;de quienes adhieren a cualquier costo a esta medida\u201d.<\/li>\n\n\n\n<li>\u201cMe gustar\u00eda ver el informe del Comit\u00e9 de Riesgo sobre la adhesi\u00f3n.<mark>&nbsp;\u00bfNo le alarma que la tenencia de t\u00edtulos p\u00fablicos equivalga a + del 75% de los dep\u00f3sitos?&nbsp;<\/mark>Pobre el relegado financiamiento al sector productivo.\u201d<\/li>\n\n\n\n<li>\u201cHace un a\u00f1o el gobierno se comprometi\u00f3 a reducir d\u00e9ficit fiscal primario, fortalecer reservas y bajar la emisi\u00f3n. Incumplieron en todo. Casi no hubo consecuencias\u201d.<\/li>\n\n\n\n<li>\u201cTomaron un d\u00e9ficit primario de 0,4% del PBI. Si lo entregaran como se comprometieron, ser\u00eda de 1,9%\u201d.<\/li>\n\n\n\n<li>\u201cPero falta&nbsp;<mark>la mentira de la \u2018contabilidad creativa\u2019<\/mark>: los intereses de bonos CER, no devengar gastos (como CAMMESA) y la ins\u00f3lita no registraci\u00f3n del subsidio conocido como \u2018d\u00f3lar soja\u2019. Agreguemos 0,5% m\u00e1s por la \u00faltima moratoria previsional y el Plan Platita 2. Ni en eso se limitan, a\u00fan con el prontuario posterior a las PASO 2021.&nbsp;<mark>Dejar\u00e1n un d\u00e9ficit primario 10 veces mayor al que recibieron<\/mark>\u201c.<\/li>\n\n\n\n<li>\u201cNada me asombra del\u00a0<mark>peor gobierno de la historia<\/mark>, pero me indigna que, por acci\u00f3n u omisi\u00f3n, haya actores de reparto que est\u00e9n ayudando a crear un gran problema futuro\u201d.<\/li>\n<\/ul>\n\n\n\n<p><em>Fuente: El Sol<\/em><\/p>\n","protected":false},"excerpt":{"rendered":"<p>El Ministerio de Econom\u00eda formaliz\u00f3 este lunes la convocatoria a un&nbsp;canje de deuda en pesos con vencimiento en el segundo trimestre de 2023,&nbsp;por dos canastas de bonos, una que incluye exclusivamente t\u00edtulos ajustados por inflaci\u00f3n (CER), y una segunda con una combinaci\u00f3n de 70% ajustados por CER y 30% de bonos duales -que ajustan por<a class=\"read-more\" href=\"https:\/\/elfederalmendoza.com.ar\/index.php\/2023\/03\/07\/irresponsabilidad-extraordinaria-la-fuerte-critica-de-un-diputado-mendocino-al-canje-de-deuda\/\"> [&hellip;]<\/a><\/p>\n","protected":false},"author":2,"featured_media":21036,"comment_status":"open","ping_status":"open","sticky":false,"template":"","format":"standard","meta":{"footnotes":""},"categories":[1],"tags":[],"class_list":["post-21035","post","type-post","status-publish","format-standard","has-post-thumbnail","hentry","category-mza"],"rttpg_featured_image_url":{"full":["https:\/\/elfederalmendoza.com.ar\/wp-content\/uploads\/2023\/03\/Lisandro-Nieri.webp",1200,800,false],"landscape":["https:\/\/elfederalmendoza.com.ar\/wp-content\/uploads\/2023\/03\/Lisandro-Nieri.webp",1200,800,false],"portraits":["https:\/\/elfederalmendoza.com.ar\/wp-content\/uploads\/2023\/03\/Lisandro-Nieri.webp",1200,800,false],"thumbnail":["https:\/\/elfederalmendoza.com.ar\/wp-content\/uploads\/2023\/03\/Lisandro-Nieri-150x150.webp",150,150,true],"medium":["https:\/\/elfederalmendoza.com.ar\/wp-content\/uploads\/2023\/03\/Lisandro-Nieri-300x200.webp",300,200,true],"large":["https:\/\/elfederalmendoza.com.ar\/wp-content\/uploads\/2023\/03\/Lisandro-Nieri-1024x683.webp",640,427,true],"1536x1536":["https:\/\/elfederalmendoza.com.ar\/wp-content\/uploads\/2023\/03\/Lisandro-Nieri.webp",1200,800,false],"2048x2048":["https:\/\/elfederalmendoza.com.ar\/wp-content\/uploads\/2023\/03\/Lisandro-Nieri.webp",1200,800,false],"ultp_layout_landscape_large":["https:\/\/elfederalmendoza.com.ar\/wp-content\/uploads\/2023\/03\/Lisandro-Nieri-1200x800.webp",1200,800,true],"ultp_layout_landscape":["https:\/\/elfederalmendoza.com.ar\/wp-content\/uploads\/2023\/03\/Lisandro-Nieri-870x570.webp",870,570,true],"ultp_layout_portrait":["https:\/\/elfederalmendoza.com.ar\/wp-content\/uploads\/2023\/03\/Lisandro-Nieri-600x800.webp",600,800,true],"ultp_layout_square":["https:\/\/elfederalmendoza.com.ar\/wp-content\/uploads\/2023\/03\/Lisandro-Nieri-600x600.webp",600,600,true],"rpwe-thumbnail":["https:\/\/elfederalmendoza.com.ar\/wp-content\/uploads\/2023\/03\/Lisandro-Nieri-45x45.webp",45,45,true],"advps-thumb-one":["https:\/\/elfederalmendoza.com.ar\/wp-content\/uploads\/2023\/03\/Lisandro-Nieri-1200x420.webp",1200,420,true]},"rttpg_author":{"display_name":"Redacci\u00f3n El Federal","author_link":"https:\/\/elfederalmendoza.com.ar\/index.php\/author\/angelflores\/"},"rttpg_comment":0,"rttpg_category":"<a href=\"https:\/\/elfederalmendoza.com.ar\/index.php\/category\/mza\/\" rel=\"category tag\">Mendoza<\/a>","rttpg_excerpt":"El Ministerio de Econom\u00eda formaliz\u00f3 este lunes la convocatoria a un&nbsp;canje de deuda en pesos con vencimiento en el segundo trimestre de 2023,&nbsp;por dos canastas de bonos, una que incluye exclusivamente t\u00edtulos ajustados por inflaci\u00f3n (CER), y una segunda con una combinaci\u00f3n de 70% ajustados por CER y 30% de bonos duales -que ajustan por&hellip;","_links":{"self":[{"href":"https:\/\/elfederalmendoza.com.ar\/index.php\/wp-json\/wp\/v2\/posts\/21035","targetHints":{"allow":["GET"]}}],"collection":[{"href":"https:\/\/elfederalmendoza.com.ar\/index.php\/wp-json\/wp\/v2\/posts"}],"about":[{"href":"https:\/\/elfederalmendoza.com.ar\/index.php\/wp-json\/wp\/v2\/types\/post"}],"author":[{"embeddable":true,"href":"https:\/\/elfederalmendoza.com.ar\/index.php\/wp-json\/wp\/v2\/users\/2"}],"replies":[{"embeddable":true,"href":"https:\/\/elfederalmendoza.com.ar\/index.php\/wp-json\/wp\/v2\/comments?post=21035"}],"version-history":[{"count":2,"href":"https:\/\/elfederalmendoza.com.ar\/index.php\/wp-json\/wp\/v2\/posts\/21035\/revisions"}],"predecessor-version":[{"id":21039,"href":"https:\/\/elfederalmendoza.com.ar\/index.php\/wp-json\/wp\/v2\/posts\/21035\/revisions\/21039"}],"wp:featuredmedia":[{"embeddable":true,"href":"https:\/\/elfederalmendoza.com.ar\/index.php\/wp-json\/wp\/v2\/media\/21036"}],"wp:attachment":[{"href":"https:\/\/elfederalmendoza.com.ar\/index.php\/wp-json\/wp\/v2\/media?parent=21035"}],"wp:term":[{"taxonomy":"category","embeddable":true,"href":"https:\/\/elfederalmendoza.com.ar\/index.php\/wp-json\/wp\/v2\/categories?post=21035"},{"taxonomy":"post_tag","embeddable":true,"href":"https:\/\/elfederalmendoza.com.ar\/index.php\/wp-json\/wp\/v2\/tags?post=21035"}],"curies":[{"name":"wp","href":"https:\/\/api.w.org\/{rel}","templated":true}]}}