{"id":21040,"date":"2023-03-07T11:10:00","date_gmt":"2023-03-07T14:10:00","guid":{"rendered":"https:\/\/elfederalmendoza.com\/?p=21040"},"modified":"2023-03-07T11:10:01","modified_gmt":"2023-03-07T14:10:01","slug":"una-nena-sufrio-graves-quemaduras-en-el-90-de-su-cuerpo-al-incendiarse-su-casa-de-godoy-cruz","status":"publish","type":"post","link":"https:\/\/elfederalmendoza.com.ar\/index.php\/2023\/03\/07\/una-nena-sufrio-graves-quemaduras-en-el-90-de-su-cuerpo-al-incendiarse-su-casa-de-godoy-cruz\/","title":{"rendered":"Una nena sufri\u00f3 graves quemaduras en el 90% de su cuerpo al incendiarse su casa de Godoy Cruz"},"content":{"rendered":"\n<p>Una nena de 12 a\u00f1os sufri\u00f3 graves\u00a0<strong>quemaduras en el 90% de su cuerpo al incendiarse su casas de Godoy Cruz.<\/strong>\u00a0La primera hip\u00f3tesis es que el fuego se produjo como consecuencia de un desperfecto el\u00e9ctrico. La v\u00edctima fue rescatada por vecinos y qued\u00f3 internada en el <strong>Hospital Lagomaggiore<\/strong> en muy delicado estado de salud, seg\u00fan inform\u00f3 Diario Uno.<\/p>\n\n\n\n<p>El incendio ocurri\u00f3 poco antes de las 10 del lunes, en una casa de la&nbsp;<strong>manzana G del barrio Puesta del Sol, de Godoy Cruz,<\/strong>&nbsp;donde al parecer hubo un desperfecto el\u00e9ctrico en el ventilador de una de las habitaciones de la vivienda.<\/p>\n\n\n\n<figure class=\"wp-block-image\"><img decoding=\"async\" src=\"https:\/\/media.diariouno.com.ar\/p\/f89ba8a837c675b9aeb12fe6f583889a\/adjuntos\/298\/imagenes\/009\/125\/0009125117\/1200x0\/smart\/incendio-mendoza-godoy-cruz-2jpg.jpg\" alt=\"El incendio habr\u00eda comenzado en la habitaci\u00f3n de la nena luego de un cortocircuito en un ventilador.\"\/><\/figure>\n\n\n\n<p>El incendio habr\u00eda comenzado en la habitaci\u00f3n de la nena luego de un cortocircuito en un ventilador.<\/p>\n\n\n\n<p>Como consecuencia, una nena de 12 a\u00f1os qued\u00f3 atrapada en el medio del incendio y sufri\u00f3 graves quemaduras. Los vecinos ayudaron a sacarla de all\u00ed y luego fue trasladada al Hospital Lagomaggiore donde los m\u00e9dicos constataron que ten\u00eda el&nbsp;<strong>90% del cuerpo con quemaduras de grado B, es decir que son heridas muy graves y profundas,&nbsp;<\/strong>y qued\u00f3 en terapia intensiva.<\/p>\n\n\n\n<p>El incendio<strong>\u00a0afect\u00f3 por completo la habitaci\u00f3n de la v\u00edctima<\/strong>, donde habr\u00eda ocurrido el cortocircuito.<\/p>\n\n\n\n<p>Diario UNO<a href=\"https:\/\/www.facebook.com\/dialog\/feed?app_id=161316767303985&amp;link=https%3A%2F%2Fwww.diariouno.com.ar%2Fpoliciales%2Funa-nena-12-anos-sufrio-graves-quemaduras-el-90-su-cuerpo-al-incendiarse-su-casa-godoy-cruz-n1081884&amp;name=Una+nena+sufri%C3%B3+graves+quemaduras+en+el+90%25+de+su+cuerpo+al+incendiarse+su+casa+de+Godoy+Cruz&amp;caption=incendio+en+Mendoza&amp;description=El+fuego+se+produjo+por+un+problema+el%C3%A9ctrico+en+una+casa+del+barrio+Puesta+del+Sol.+La+nena+de+12+a%C3%B1os+fue+rescatada+con+quemaduras+en+todo+su+cuerpo+y+fue+llevada+al+Hospital+Lagomaggiore%2C+donde+qued%C3%B3+internada+con+pron%C3%B3stico+reservado&amp;redirect_uri=https%3A%2F%2Fwww.diariouno.com.ar%2Fpoliciales%2Funa-nena-12-anos-sufrio-graves-quemaduras-el-90-su-cuerpo-al-incendiarse-su-casa-godoy-cruz-n1081884\" target=\"_blank\" rel=\"noreferrer noopener\"><\/a><\/p>\n","protected":false},"excerpt":{"rendered":"<p>Una nena de 12 a\u00f1os sufri\u00f3 graves\u00a0quemaduras en el 90% de su cuerpo al incendiarse su casas de Godoy Cruz.\u00a0La primera hip\u00f3tesis es que el fuego se produjo como consecuencia de un desperfecto el\u00e9ctrico. La v\u00edctima fue rescatada por vecinos y qued\u00f3 internada en el Hospital Lagomaggiore en muy delicado estado de salud, seg\u00fan inform\u00f3<a class=\"read-more\" href=\"https:\/\/elfederalmendoza.com.ar\/index.php\/2023\/03\/07\/una-nena-sufrio-graves-quemaduras-en-el-90-de-su-cuerpo-al-incendiarse-su-casa-de-godoy-cruz\/\"> [&hellip;]<\/a><\/p>\n","protected":false},"author":2,"featured_media":21041,"comment_status":"open","ping_status":"open","sticky":false,"template":"","format":"standard","meta":{"footnotes":""},"categories":[1],"tags":[],"class_list":["post-21040","post","type-post","status-publish","format-standard","has-post-thumbnail","hentry","category-mza"],"rttpg_featured_image_url":{"full":["https:\/\/elfederalmendoza.com.ar\/wp-content\/uploads\/2023\/03\/QUEMADURAS.jpg",993,553,false],"landscape":["https:\/\/elfederalmendoza.com.ar\/wp-content\/uploads\/2023\/03\/QUEMADURAS.jpg",993,553,false],"portraits":["https:\/\/elfederalmendoza.com.ar\/wp-content\/uploads\/2023\/03\/QUEMADURAS.jpg",993,553,false],"thumbnail":["https:\/\/elfederalmendoza.com.ar\/wp-content\/uploads\/2023\/03\/QUEMADURAS-150x150.jpg",150,150,true],"medium":["https:\/\/elfederalmendoza.com.ar\/wp-content\/uploads\/2023\/03\/QUEMADURAS-300x167.jpg",300,167,true],"large":["https:\/\/elfederalmendoza.com.ar\/wp-content\/uploads\/2023\/03\/QUEMADURAS.jpg",640,356,false],"1536x1536":["https:\/\/elfederalmendoza.com.ar\/wp-content\/uploads\/2023\/03\/QUEMADURAS.jpg",993,553,false],"2048x2048":["https:\/\/elfederalmendoza.com.ar\/wp-content\/uploads\/2023\/03\/QUEMADURAS.jpg",993,553,false],"ultp_layout_landscape_large":["https:\/\/elfederalmendoza.com.ar\/wp-content\/uploads\/2023\/03\/QUEMADURAS.jpg",993,553,false],"ultp_layout_landscape":["https:\/\/elfederalmendoza.com.ar\/wp-content\/uploads\/2023\/03\/QUEMADURAS-870x553.jpg",870,553,true],"ultp_layout_portrait":["https:\/\/elfederalmendoza.com.ar\/wp-content\/uploads\/2023\/03\/QUEMADURAS-600x553.jpg",600,553,true],"ultp_layout_square":["https:\/\/elfederalmendoza.com.ar\/wp-content\/uploads\/2023\/03\/QUEMADURAS-600x553.jpg",600,553,true],"rpwe-thumbnail":["https:\/\/elfederalmendoza.com.ar\/wp-content\/uploads\/2023\/03\/QUEMADURAS-45x45.jpg",45,45,true],"advps-thumb-one":["https:\/\/elfederalmendoza.com.ar\/wp-content\/uploads\/2023\/03\/QUEMADURAS-993x420.jpg",993,420,true]},"rttpg_author":{"display_name":"Redacci\u00f3n El Federal","author_link":"https:\/\/elfederalmendoza.com.ar\/index.php\/author\/angelflores\/"},"rttpg_comment":0,"rttpg_category":"<a href=\"https:\/\/elfederalmendoza.com.ar\/index.php\/category\/mza\/\" rel=\"category tag\">Mendoza<\/a>","rttpg_excerpt":"Una nena de 12 a\u00f1os sufri\u00f3 graves\u00a0quemaduras en el 90% de su cuerpo al incendiarse su casas de Godoy Cruz.\u00a0La primera hip\u00f3tesis es que el fuego se produjo como consecuencia de un desperfecto el\u00e9ctrico. La v\u00edctima fue rescatada por vecinos y qued\u00f3 internada en el Hospital Lagomaggiore en muy delicado estado de salud, seg\u00fan inform\u00f3&hellip;","_links":{"self":[{"href":"https:\/\/elfederalmendoza.com.ar\/index.php\/wp-json\/wp\/v2\/posts\/21040","targetHints":{"allow":["GET"]}}],"collection":[{"href":"https:\/\/elfederalmendoza.com.ar\/index.php\/wp-json\/wp\/v2\/posts"}],"about":[{"href":"https:\/\/elfederalmendoza.com.ar\/index.php\/wp-json\/wp\/v2\/types\/post"}],"author":[{"embeddable":true,"href":"https:\/\/elfederalmendoza.com.ar\/index.php\/wp-json\/wp\/v2\/users\/2"}],"replies":[{"embeddable":true,"href":"https:\/\/elfederalmendoza.com.ar\/index.php\/wp-json\/wp\/v2\/comments?post=21040"}],"version-history":[{"count":1,"href":"https:\/\/elfederalmendoza.com.ar\/index.php\/wp-json\/wp\/v2\/posts\/21040\/revisions"}],"predecessor-version":[{"id":21042,"href":"https:\/\/elfederalmendoza.com.ar\/index.php\/wp-json\/wp\/v2\/posts\/21040\/revisions\/21042"}],"wp:featuredmedia":[{"embeddable":true,"href":"https:\/\/elfederalmendoza.com.ar\/index.php\/wp-json\/wp\/v2\/media\/21041"}],"wp:attachment":[{"href":"https:\/\/elfederalmendoza.com.ar\/index.php\/wp-json\/wp\/v2\/media?parent=21040"}],"wp:term":[{"taxonomy":"category","embeddable":true,"href":"https:\/\/elfederalmendoza.com.ar\/index.php\/wp-json\/wp\/v2\/categories?post=21040"},{"taxonomy":"post_tag","embeddable":true,"href":"https:\/\/elfederalmendoza.com.ar\/index.php\/wp-json\/wp\/v2\/tags?post=21040"}],"curies":[{"name":"wp","href":"https:\/\/api.w.org\/{rel}","templated":true}]}}