{"id":21047,"date":"2023-03-08T10:31:10","date_gmt":"2023-03-08T13:31:10","guid":{"rendered":"https:\/\/elfederalmendoza.com\/?p=21047"},"modified":"2023-03-08T10:39:02","modified_gmt":"2023-03-08T13:39:02","slug":"conmocion-en-guaymallen-por-la-muerte-de-un-nino-de-6-anos-al-caer-en-un-pozo-en-una-obra","status":"publish","type":"post","link":"https:\/\/elfederalmendoza.com.ar\/index.php\/2023\/03\/08\/conmocion-en-guaymallen-por-la-muerte-de-un-nino-de-6-anos-al-caer-en-un-pozo-en-una-obra\/","title":{"rendered":"Conmoci\u00f3n en Guaymall\u00e9n por la muerte de un ni\u00f1o de 6 a\u00f1os al caer en un pozo en una obra"},"content":{"rendered":"\n<p>El ni\u00f1o, identificado como<strong> Eric Maman\u00ed <\/strong>cay\u00f3 50 metros por un pozo y muri\u00f3 este martes por la noche. El director de Obras Privadas de Guaymall\u00e9n confirm\u00f3 que el due\u00f1o es <strong>Florentino Paco<\/strong>. <strong>El hombre llevaba obreros bolivianos indocumentados y los hac\u00eda dormir ah\u00ed.<\/strong><\/p>\n\n\n\n<p>Un tr\u00e1gico hecho enlut\u00f3 la tarde\/noche de este martes en Mendoza. Es que&nbsp;<strong>un ni\u00f1o de seis a\u00f1os de edad falleci\u00f3 luego de caer en un pozo<\/strong>&nbsp;de agua de&nbsp;<em><strong>Guaymall\u00e9n<\/strong><\/em>.<\/p>\n\n\n\n<p>La Polic\u00eda de Mendoza tom\u00f3 conocimiento del caso a trav\u00e9s de un llamado al 911 pasadas las 19, el cual alertaba sobre el lamentable episodio ocurrido en un&nbsp;<strong>complejo de departamentos de calle Urquiza al 795, donde se ejecutan varias obras de construcci\u00f3n<\/strong>.<\/p>\n\n\n\n<p>Seg\u00fan informaci\u00f3n policial, la v\u00edctima -identificada como\u00a0<strong>Erick Maman\u00ed<\/strong>\u00a0(6)- se encontraba en el lugar junto a su madre y su padre, quien presta servicios como obrero en el complejo habitacional. Por razones que se investigan, el peque\u00f1o\u00a0se precipit\u00f3 en el pozo, de unos 50 metros de profundidad.<\/p>\n\n\n\n<figure class=\"wp-block-image is-resized\"><img loading=\"lazy\" decoding=\"async\" src=\"https:\/\/media.sitioandino.com.ar\/p\/56e0d00a893567932fc6f874a9d29fae\/adjuntos\/335\/imagenes\/000\/190\/0000190848\/790x0\/smart\/foto-archivo.jpg\" alt=\"Polic\u00eda Cient\u00edfica trabaja en la zona para determinar lo ocurrido en el complejo de Guaymall\u00e9n (imagen de archivo)\" width=\"965\" height=\"644\"\/><figcaption class=\"wp-element-caption\"><em>Polic\u00eda Cient\u00edfica trabaja en la zona para determinar lo ocurrido en el complejo de Guaymall\u00e9n (imagen de archivo)<\/em>. Foto: Cristian Lozano<\/figcaption><\/figure>\n\n\n\n<p>Con ayuda de sus colegas,&nbsp;<strong>el padre descendi\u00f3 por la excavaci\u00f3n<\/strong>, primero con una cuerda, luego por un ca\u00f1o y finalmente lanz\u00e1ndose al vac\u00edo. Mientras, personal policial y de Bomberos Voluntarios de Guaymall\u00e9n, Godoy Cruz y el Cuartel Central se trasladaba a la zona.<\/p>\n\n\n\n<p>Al arribo de los efectivos,&nbsp;<strong>un bombero descendi\u00f3 a las porfundidas y extrajo en primera instancia el cuerpo del ni\u00f1o<\/strong>, quien fue asistido por m\u00e9dicos del Servicio de Emergencias Coordinado (SEC), que lo esperaban. Lamentablemente no pudieron reanimarlo.<\/p>\n\n\n\n<p>Luego fue el turno del&nbsp;<strong>padre<\/strong>, quien m\u00e1s all\u00e1 del estado de shock, no presentaba lesiones de consideraci\u00f3n. Fue&nbsp;<strong>trasladado al hospital Central y permanece estable<\/strong>.<\/p>\n\n\n\n<p>En el lugar trabaja personal del Ministerio P\u00fablico Fiscal, de Comisar\u00eda 44, de Polic\u00eda Cient\u00edfica y de la Municipalidad de Guaymall\u00e9n. Estos \u00faltimos para verificar las condiciones edilicias y administrativas del complejo.<\/p>\n","protected":false},"excerpt":{"rendered":"<p>El ni\u00f1o, identificado como Eric Maman\u00ed cay\u00f3 50 metros por un pozo y muri\u00f3 este martes por la noche. El director de Obras Privadas de Guaymall\u00e9n confirm\u00f3 que el due\u00f1o es Florentino Paco. El hombre llevaba obreros bolivianos indocumentados y los hac\u00eda dormir ah\u00ed. Un tr\u00e1gico hecho enlut\u00f3 la tarde\/noche de este martes en Mendoza.<a class=\"read-more\" href=\"https:\/\/elfederalmendoza.com.ar\/index.php\/2023\/03\/08\/conmocion-en-guaymallen-por-la-muerte-de-un-nino-de-6-anos-al-caer-en-un-pozo-en-una-obra\/\"> [&hellip;]<\/a><\/p>\n","protected":false},"author":2,"featured_media":21048,"comment_status":"open","ping_status":"open","sticky":false,"template":"","format":"standard","meta":{"footnotes":""},"categories":[1],"tags":[],"class_list":["post-21047","post","type-post","status-publish","format-standard","has-post-thumbnail","hentry","category-mza"],"rttpg_featured_image_url":{"full":["https:\/\/elfederalmendoza.com.ar\/wp-content\/uploads\/2023\/03\/mamani.jpg",896,600,false],"landscape":["https:\/\/elfederalmendoza.com.ar\/wp-content\/uploads\/2023\/03\/mamani.jpg",896,600,false],"portraits":["https:\/\/elfederalmendoza.com.ar\/wp-content\/uploads\/2023\/03\/mamani.jpg",896,600,false],"thumbnail":["https:\/\/elfederalmendoza.com.ar\/wp-content\/uploads\/2023\/03\/mamani-150x150.jpg",150,150,true],"medium":["https:\/\/elfederalmendoza.com.ar\/wp-content\/uploads\/2023\/03\/mamani-300x201.jpg",300,201,true],"large":["https:\/\/elfederalmendoza.com.ar\/wp-content\/uploads\/2023\/03\/mamani.jpg",640,429,false],"1536x1536":["https:\/\/elfederalmendoza.com.ar\/wp-content\/uploads\/2023\/03\/mamani.jpg",896,600,false],"2048x2048":["https:\/\/elfederalmendoza.com.ar\/wp-content\/uploads\/2023\/03\/mamani.jpg",896,600,false],"ultp_layout_landscape_large":["https:\/\/elfederalmendoza.com.ar\/wp-content\/uploads\/2023\/03\/mamani.jpg",896,600,false],"ultp_layout_landscape":["https:\/\/elfederalmendoza.com.ar\/wp-content\/uploads\/2023\/03\/mamani-870x570.jpg",870,570,true],"ultp_layout_portrait":["https:\/\/elfederalmendoza.com.ar\/wp-content\/uploads\/2023\/03\/mamani-600x600.jpg",600,600,true],"ultp_layout_square":["https:\/\/elfederalmendoza.com.ar\/wp-content\/uploads\/2023\/03\/mamani-600x600.jpg",600,600,true],"rpwe-thumbnail":["https:\/\/elfederalmendoza.com.ar\/wp-content\/uploads\/2023\/03\/mamani-45x45.jpg",45,45,true],"advps-thumb-one":["https:\/\/elfederalmendoza.com.ar\/wp-content\/uploads\/2023\/03\/mamani-896x420.jpg",896,420,true]},"rttpg_author":{"display_name":"Redacci\u00f3n El Federal","author_link":"https:\/\/elfederalmendoza.com.ar\/index.php\/author\/angelflores\/"},"rttpg_comment":0,"rttpg_category":"<a href=\"https:\/\/elfederalmendoza.com.ar\/index.php\/category\/mza\/\" rel=\"category tag\">Mendoza<\/a>","rttpg_excerpt":"El ni\u00f1o, identificado como Eric Maman\u00ed cay\u00f3 50 metros por un pozo y muri\u00f3 este martes por la noche. El director de Obras Privadas de Guaymall\u00e9n confirm\u00f3 que el due\u00f1o es Florentino Paco. El hombre llevaba obreros bolivianos indocumentados y los hac\u00eda dormir ah\u00ed. Un tr\u00e1gico hecho enlut\u00f3 la tarde\/noche de este martes en Mendoza.&hellip;","_links":{"self":[{"href":"https:\/\/elfederalmendoza.com.ar\/index.php\/wp-json\/wp\/v2\/posts\/21047","targetHints":{"allow":["GET"]}}],"collection":[{"href":"https:\/\/elfederalmendoza.com.ar\/index.php\/wp-json\/wp\/v2\/posts"}],"about":[{"href":"https:\/\/elfederalmendoza.com.ar\/index.php\/wp-json\/wp\/v2\/types\/post"}],"author":[{"embeddable":true,"href":"https:\/\/elfederalmendoza.com.ar\/index.php\/wp-json\/wp\/v2\/users\/2"}],"replies":[{"embeddable":true,"href":"https:\/\/elfederalmendoza.com.ar\/index.php\/wp-json\/wp\/v2\/comments?post=21047"}],"version-history":[{"count":2,"href":"https:\/\/elfederalmendoza.com.ar\/index.php\/wp-json\/wp\/v2\/posts\/21047\/revisions"}],"predecessor-version":[{"id":21050,"href":"https:\/\/elfederalmendoza.com.ar\/index.php\/wp-json\/wp\/v2\/posts\/21047\/revisions\/21050"}],"wp:featuredmedia":[{"embeddable":true,"href":"https:\/\/elfederalmendoza.com.ar\/index.php\/wp-json\/wp\/v2\/media\/21048"}],"wp:attachment":[{"href":"https:\/\/elfederalmendoza.com.ar\/index.php\/wp-json\/wp\/v2\/media?parent=21047"}],"wp:term":[{"taxonomy":"category","embeddable":true,"href":"https:\/\/elfederalmendoza.com.ar\/index.php\/wp-json\/wp\/v2\/categories?post=21047"},{"taxonomy":"post_tag","embeddable":true,"href":"https:\/\/elfederalmendoza.com.ar\/index.php\/wp-json\/wp\/v2\/tags?post=21047"}],"curies":[{"name":"wp","href":"https:\/\/api.w.org\/{rel}","templated":true}]}}