{"id":21051,"date":"2023-03-08T10:53:31","date_gmt":"2023-03-08T13:53:31","guid":{"rendered":"https:\/\/elfederalmendoza.com\/?p=21051"},"modified":"2023-03-08T10:53:32","modified_gmt":"2023-03-08T13:53:32","slug":"un-intendente-presento-un-proyecto-con-fuertes-multas-al-acoso-callejero-en-el-dia-de-la-mujer","status":"publish","type":"post","link":"https:\/\/elfederalmendoza.com.ar\/index.php\/2023\/03\/08\/un-intendente-presento-un-proyecto-con-fuertes-multas-al-acoso-callejero-en-el-dia-de-la-mujer\/","title":{"rendered":"Un intendente present\u00f3 un proyecto con fuertes multas al \u00abacoso callejero\u00bb en el D\u00eda de la Mujer"},"content":{"rendered":"\n<p>Tras las alarmantes estad\u00edsticas que muestras que el 87% de las mujeres y mujeres trans sufrieron al menos una situaci\u00f3n de acoso sexual callejero en la capital mendocina, el intendente<strong>\u00a0Ulpiano Suarez<\/strong>\u00a0present\u00f3 ante el Concejo Deliberante de la Ciudad de Mendoza el<strong>\u00a0proyecto de ordenanza para la creaci\u00f3n del Programa de Concientizaci\u00f3n, Prevenci\u00f3n, Sanci\u00f3n y Erradicaci\u00f3n del Acoso Sexual Callejero\u00a0<\/strong>en la Ciudad de Mendoza, denominado \u201cCiudad libre de acoso\u201d.<\/p>\n\n\n\n<p>\u00abEste programa municipal viene a complementar el C\u00f3digo de Convivencia Ciudadana de la Ciudad, entendiendo que una sociedad que apunta a la igualdad debe estar libre de violencias. As\u00ed, se pretende impedir y erradicar el acoso sexual callejero que experimentan las personas, principalmente mujeres en el transcurso de sus vidas\u201d, manifest\u00f3 el jefe capitalino este\u00a0mi\u00e9rcoles 8 de marzo, en el marco del D\u00eda Internacional de la Mujer, el intendente.<\/p>\n\n\n\n<p>La normativa impulsada por Ulpiano Suarez define al acoso sexual callejero como a las conductas f\u00edsicas o verbales, de naturaleza o connotaci\u00f3n sexual basadas en el g\u00e9nero realizadas por una o m\u00e1s personas en contra de otra u otras que no desean o rechazan estas conductas en tanto afectan su dignidad, sus derechos fundamentales como la libertad, integridad y libre tr\u00e1nsito, creando en ellas intimidaci\u00f3n, hostilidad, degradaci\u00f3n, humillaci\u00f3n o un ambiente ofensivo en los espacios p\u00fablicos y en los espacios privados de acceso p\u00fablico.<\/p>\n\n\n\n<p><strong>Los pilares fundamentales de este programa que complementan la normativa existente se remiten a:<\/strong><\/p>\n\n\n\n<ul class=\"wp-block-list\">\n<li>&nbsp;Relevamiento de datos mediante la realizaci\u00f3n de encuestas sobre la percepci\u00f3n de acoso callejero.<\/li>\n\n\n\n<li>Conocimiento sobre la problem\u00e1tica de la ciudadan\u00eda en general.<\/li>\n\n\n\n<li>Realizaci\u00f3n de capacitaciones y campa\u00f1as de concientizaci\u00f3n.<\/li>\n\n\n\n<li>Disposici\u00f3n de un formulario para exposici\u00f3n de casos y denuncias.<\/li>\n\n\n\n<li>Convenios con organizaciones de la sociedad civil y organismos p\u00fablicos.<\/li>\n\n\n\n<li>Incorporaci\u00f3n de una secci\u00f3n en el C\u00f3digo de Convivencia.<\/li>\n<\/ul>\n\n\n\n<figure class=\"wp-block-image\"><img decoding=\"async\" src=\"https:\/\/media.diariouno.com.ar\/p\/caf4d4bf82bc75ce4cd33638b5300815\/adjuntos\/298\/imagenes\/009\/096\/0009096420\/1200x0\/smart\/ulpiano-suarez-canal-7jpg.jpg\" alt=\"\"\/><figcaption class=\"wp-element-caption\"> Intendente<strong>\u00a0Ulpiano Suarez<\/strong><\/figcaption><\/figure>\n\n\n\n<p>As\u00ed, \u201cCiudad libre de acoso\u201d se plantea los objetivos de conocer la percepci\u00f3n de esta problem\u00e1tica seg\u00fan las personas que viven y transitan por la Ciudad de Mendoza; elaborar un mapa georreferencial que evidencie la situaci\u00f3n por zona y sensibilizar a la ciudadan\u00eda sobre el acoso callejero y la importancia de la corresponsabilidad, mediante la construcci\u00f3n de espacios de reflexi\u00f3n.<\/p>\n\n\n\n<p>A partir de sondeos realizados en la capital, se cuenta con estad\u00edsticas que reflejan que el 87% de las mujeres y mujeres trans sufrieron al menos una situaci\u00f3n de acoso sexual callejero. Estas pr\u00e1cticas son padecidas de manera sistem\u00e1tica y, seg\u00fan entrevistas realizadas, desde los nueve a\u00f1os de edad la mayor\u00eda de las mujeres comienza a sentirse expuesta e insegura en el espacio p\u00fablico.En pos de ello y de lograr una sociedad igualitaria y libre de violencias, es que resulta necesaria la regulaci\u00f3n e incorporaci\u00f3n en el C\u00f3digo de Convivencia de esta conducta y su pertinente sanci\u00f3n. As\u00ed, se establece:<\/p>\n\n\n\n<p>(\u2026) la realizaci\u00f3n de las conductas descriptas, es constitutiva de infracci\u00f3n grave. Y la sanci\u00f3n ser\u00e1 muy grave cuando la realizaci\u00f3n de las conductas tipificadas sea realizada por dos o m\u00e1s personas.<\/p>\n\n\n\n<p>Una particularidad del proyecto es que en todos los casos el infractor sancionado con multa, deber\u00e1 adem\u00e1s efectuar una jornada de capacitaci\u00f3n obligatoria que ser\u00e1 dictada por la Coordinaci\u00f3n de G\u00e9nero y Diversidad dependiente de la Secretar\u00eda de Gobierno.<\/p>\n\n\n\n<p><strong>Fuente:&nbsp;<\/strong>Prensa Ciudad de Mendoza.<\/p>\n\n\n\n<p><a rel=\"noreferrer noopener\" href=\"https:\/\/www.facebook.com\/dialog\/feed?app_id=161316767303985&amp;link=https%3A%2F%2Fwww.diariouno.com.ar%2Fpolitica%2Fulpiano-suarez-presento-un-proyecto-erradicar-el-acoso-sexual-callejero-la-ciudad-n1082158&amp;name=Ulpiano+Suarez+present%C3%B3+un+proyecto+para+erradicar+el+acoso+sexual+callejero+en+la+Ciudad&amp;caption=Ulpiano+Suarez&amp;description=El+87%25+de+las+mujeres+ha+sido+acosada.+Se+trata+de+un+programa+en+la+Ciudad+de+Mendoza+que+contempla+la+concientizaci%C3%B3n%2C+la+prevenci%C3%B3n+y+fuertes+sanciones+para+los+infractores+que+acosen+a+mujeres&amp;redirect_uri=https%3A%2F%2Fwww.diariouno.com.ar%2Fpolitica%2Fulpiano-suarez-presento-un-proyecto-erradicar-el-acoso-sexual-callejero-la-ciudad-n1082158\" target=\"_blank\"><\/a><\/p>\n","protected":false},"excerpt":{"rendered":"<p>Tras las alarmantes estad\u00edsticas que muestras que el 87% de las mujeres y mujeres trans sufrieron al menos una situaci\u00f3n de acoso sexual callejero en la capital mendocina, el intendente\u00a0Ulpiano Suarez\u00a0present\u00f3 ante el Concejo Deliberante de la Ciudad de Mendoza el\u00a0proyecto de ordenanza para la creaci\u00f3n del Programa de Concientizaci\u00f3n, Prevenci\u00f3n, Sanci\u00f3n y Erradicaci\u00f3n del<a class=\"read-more\" href=\"https:\/\/elfederalmendoza.com.ar\/index.php\/2023\/03\/08\/un-intendente-presento-un-proyecto-con-fuertes-multas-al-acoso-callejero-en-el-dia-de-la-mujer\/\"> [&hellip;]<\/a><\/p>\n","protected":false},"author":2,"featured_media":21052,"comment_status":"open","ping_status":"open","sticky":false,"template":"","format":"standard","meta":{"footnotes":""},"categories":[1],"tags":[],"class_list":["post-21051","post","type-post","status-publish","format-standard","has-post-thumbnail","hentry","category-mza"],"rttpg_featured_image_url":{"full":["https:\/\/elfederalmendoza.com.ar\/wp-content\/uploads\/2023\/03\/acoso-callejero-mendoza.jpg",1056,666,false],"landscape":["https:\/\/elfederalmendoza.com.ar\/wp-content\/uploads\/2023\/03\/acoso-callejero-mendoza.jpg",1056,666,false],"portraits":["https:\/\/elfederalmendoza.com.ar\/wp-content\/uploads\/2023\/03\/acoso-callejero-mendoza.jpg",1056,666,false],"thumbnail":["https:\/\/elfederalmendoza.com.ar\/wp-content\/uploads\/2023\/03\/acoso-callejero-mendoza-150x150.jpg",150,150,true],"medium":["https:\/\/elfederalmendoza.com.ar\/wp-content\/uploads\/2023\/03\/acoso-callejero-mendoza-300x189.jpg",300,189,true],"large":["https:\/\/elfederalmendoza.com.ar\/wp-content\/uploads\/2023\/03\/acoso-callejero-mendoza-1024x646.jpg",640,404,true],"1536x1536":["https:\/\/elfederalmendoza.com.ar\/wp-content\/uploads\/2023\/03\/acoso-callejero-mendoza.jpg",1056,666,false],"2048x2048":["https:\/\/elfederalmendoza.com.ar\/wp-content\/uploads\/2023\/03\/acoso-callejero-mendoza.jpg",1056,666,false],"ultp_layout_landscape_large":["https:\/\/elfederalmendoza.com.ar\/wp-content\/uploads\/2023\/03\/acoso-callejero-mendoza.jpg",1056,666,false],"ultp_layout_landscape":["https:\/\/elfederalmendoza.com.ar\/wp-content\/uploads\/2023\/03\/acoso-callejero-mendoza-870x570.jpg",870,570,true],"ultp_layout_portrait":["https:\/\/elfederalmendoza.com.ar\/wp-content\/uploads\/2023\/03\/acoso-callejero-mendoza-600x666.jpg",600,666,true],"ultp_layout_square":["https:\/\/elfederalmendoza.com.ar\/wp-content\/uploads\/2023\/03\/acoso-callejero-mendoza-600x600.jpg",600,600,true],"rpwe-thumbnail":["https:\/\/elfederalmendoza.com.ar\/wp-content\/uploads\/2023\/03\/acoso-callejero-mendoza-45x45.jpg",45,45,true],"advps-thumb-one":["https:\/\/elfederalmendoza.com.ar\/wp-content\/uploads\/2023\/03\/acoso-callejero-mendoza-1056x420.jpg",1056,420,true]},"rttpg_author":{"display_name":"Redacci\u00f3n El Federal","author_link":"https:\/\/elfederalmendoza.com.ar\/index.php\/author\/angelflores\/"},"rttpg_comment":0,"rttpg_category":"<a href=\"https:\/\/elfederalmendoza.com.ar\/index.php\/category\/mza\/\" rel=\"category tag\">Mendoza<\/a>","rttpg_excerpt":"Tras las alarmantes estad\u00edsticas que muestras que el 87% de las mujeres y mujeres trans sufrieron al menos una situaci\u00f3n de acoso sexual callejero en la capital mendocina, el intendente\u00a0Ulpiano Suarez\u00a0present\u00f3 ante el Concejo Deliberante de la Ciudad de Mendoza el\u00a0proyecto de ordenanza para la creaci\u00f3n del Programa de Concientizaci\u00f3n, Prevenci\u00f3n, Sanci\u00f3n y Erradicaci\u00f3n del&hellip;","_links":{"self":[{"href":"https:\/\/elfederalmendoza.com.ar\/index.php\/wp-json\/wp\/v2\/posts\/21051","targetHints":{"allow":["GET"]}}],"collection":[{"href":"https:\/\/elfederalmendoza.com.ar\/index.php\/wp-json\/wp\/v2\/posts"}],"about":[{"href":"https:\/\/elfederalmendoza.com.ar\/index.php\/wp-json\/wp\/v2\/types\/post"}],"author":[{"embeddable":true,"href":"https:\/\/elfederalmendoza.com.ar\/index.php\/wp-json\/wp\/v2\/users\/2"}],"replies":[{"embeddable":true,"href":"https:\/\/elfederalmendoza.com.ar\/index.php\/wp-json\/wp\/v2\/comments?post=21051"}],"version-history":[{"count":1,"href":"https:\/\/elfederalmendoza.com.ar\/index.php\/wp-json\/wp\/v2\/posts\/21051\/revisions"}],"predecessor-version":[{"id":21053,"href":"https:\/\/elfederalmendoza.com.ar\/index.php\/wp-json\/wp\/v2\/posts\/21051\/revisions\/21053"}],"wp:featuredmedia":[{"embeddable":true,"href":"https:\/\/elfederalmendoza.com.ar\/index.php\/wp-json\/wp\/v2\/media\/21052"}],"wp:attachment":[{"href":"https:\/\/elfederalmendoza.com.ar\/index.php\/wp-json\/wp\/v2\/media?parent=21051"}],"wp:term":[{"taxonomy":"category","embeddable":true,"href":"https:\/\/elfederalmendoza.com.ar\/index.php\/wp-json\/wp\/v2\/categories?post=21051"},{"taxonomy":"post_tag","embeddable":true,"href":"https:\/\/elfederalmendoza.com.ar\/index.php\/wp-json\/wp\/v2\/tags?post=21051"}],"curies":[{"name":"wp","href":"https:\/\/api.w.org\/{rel}","templated":true}]}}