{"id":21073,"date":"2023-03-08T18:33:50","date_gmt":"2023-03-08T21:33:50","guid":{"rendered":"https:\/\/elfederalmendoza.com\/?p=21073"},"modified":"2023-03-08T18:34:40","modified_gmt":"2023-03-08T21:34:40","slug":"quien-es-florentino-paco-el-dueno-del-predio-de-guaymallen-donde-murio-el-nino-de-6-anos-y-que-aseguran-seria-testaferro-de-evo-morales","status":"publish","type":"post","link":"https:\/\/elfederalmendoza.com.ar\/index.php\/2023\/03\/08\/quien-es-florentino-paco-el-dueno-del-predio-de-guaymallen-donde-murio-el-nino-de-6-anos-y-que-aseguran-seria-testaferro-de-evo-morales\/","title":{"rendered":"Qui\u00e9n es Florentino Paco, el due\u00f1o del predio de Guaymall\u00e9n donde muri\u00f3 el ni\u00f1o de 6 a\u00f1os y que aseguran ser\u00eda testaferro de Evo Morales"},"content":{"rendered":"\n<p><strong><a href=\"https:\/\/elfederalmendoza.com\/index.php\/2023\/03\/08\/conmocion-en-guaymallen-por-la-muerte-de-un-nino-de-6-anos-al-caer-en-un-pozo-en-una-obra\/\">La muerte de un ni\u00f1o de 6 a\u00f1os<\/a><\/strong> expuso finalmente a&nbsp;<strong>Florentino Daniel Paco<\/strong>, el due\u00f1o del predio donde muri\u00f3 peque\u00f1o tras caer en un poco. Se trata del titular de&nbsp;<strong>constructora Idandi<\/strong>, una firma que se mueve en Guaymall\u00e9n con la impunidad que le regala la pol\u00edtica, seg\u00fan inform\u00f3 Mendoza Today.<\/p>\n\n\n\n<p>En completa soledad,&nbsp;<strong>Diario Mendoza Today<\/strong>&nbsp;viene revelando desde hace a\u00f1os c\u00f3mo la empresa trabaja: sin autorizaci\u00f3n, sin estudios de impacto ambiental, sin cartel de obra, sin representante t\u00e9cnico, sin saber de qui\u00e9nes son los terrenos en cuesti\u00f3n y, lo peor,<strong>&nbsp;sin cumplir con las m\u00ednimas reglas del C\u00f3digo de Edificaci\u00f3n<\/strong>.<\/p>\n\n\n\n<figure class=\"wp-block-image size-full is-resized\"><img loading=\"lazy\" decoding=\"async\" src=\"https:\/\/elfederalmendoza.com\/wp-content\/uploads\/2023\/03\/clausurado.jpg\" alt=\"\" class=\"wp-image-21077\" width=\"962\" height=\"544\" srcset=\"https:\/\/elfederalmendoza.com.ar\/wp-content\/uploads\/2023\/03\/clausurado.jpg 773w, https:\/\/elfederalmendoza.com.ar\/wp-content\/uploads\/2023\/03\/clausurado-300x170.jpg 300w, https:\/\/elfederalmendoza.com.ar\/wp-content\/uploads\/2023\/03\/clausurado-768x434.jpg 768w\" sizes=\"auto, (max-width: 962px) 100vw, 962px\" \/><\/figure>\n\n\n\n<p>El t\u00e9cnico que le maneja todas las obras a Paco, unas 200, se llama&nbsp;<strong>Miguel Maldonado<\/strong>, matricula 5281, quien no tiene siquiera inscripci\u00f3n en la AFIP. Hasta ahora, seg\u00fan pudo confirmar este diario, el hombre ha presentado aproximadamente unos 109.000m2 en planos,&nbsp;<strong>los cuales obran el milagro de entrar y salir del municipio en solo 15 d\u00edas<\/strong>.<\/p>\n\n\n\n<p>\u201cLa Municipalidad de Guaymall\u00e9n le otorga a Idandi \u2018excepciones\u2019 a las reglas de edificaci\u00f3n cada vez que las pide. Tal es as\u00ed que, entre los empleados de la Secretar\u00eda de Obras Privadas se habla de la&nbsp;<strong>\u2018cl\u00e1usula Paco\u2019<\/strong>&nbsp;cuando alguna persona busca recurrir a puntuales excepciones\u201d, de acuerdo a lo publicado por este diario oportunamente.<\/p>\n\n\n\n<p>Todo lo descripto deriva en que muchos de los complejos que construye Idandi tengan severos defectos en su armado, porque nadie los controla.&nbsp;<strong>Como ocurre con el barrio Alta Urquiza, cuyas quejas de los vecinos se dejan ver en redes sociales.<\/strong><\/p>\n\n\n\n<p>Quien tenga alguna duda sobre la impunidad con la que se mueve esta gente solo debe dirigirse a calle&nbsp;<strong>Elpidio Gonzales en el barrio La Barraca<\/strong>, frente a Estrada. No solo no hay cartel de obra sino que no se conoce qui\u00e9n es el profesional interviniente. Algo similar ocurre&nbsp;<strong>al norte del Club Aleman<\/strong>. Las siguiente imagen dar\u00e1 una idea de lo dicho.<\/p>\n\n\n\n<figure class=\"wp-block-image size-large\"><img loading=\"lazy\" decoding=\"async\" width=\"1024\" height=\"576\" src=\"https:\/\/elfederalmendoza.com\/wp-content\/uploads\/2023\/03\/paco-1024x576.jpg\" alt=\"\" class=\"wp-image-21074\" srcset=\"https:\/\/elfederalmendoza.com.ar\/wp-content\/uploads\/2023\/03\/paco-1024x576.jpg 1024w, https:\/\/elfederalmendoza.com.ar\/wp-content\/uploads\/2023\/03\/paco-300x169.jpg 300w, https:\/\/elfederalmendoza.com.ar\/wp-content\/uploads\/2023\/03\/paco-768x432.jpg 768w, https:\/\/elfederalmendoza.com.ar\/wp-content\/uploads\/2023\/03\/paco.jpg 1536w\" sizes=\"auto, (max-width: 1024px) 100vw, 1024px\" \/><\/figure>\n\n\n\n<p>Como ya se public\u00f3, el due\u00f1o de Idandi es&nbsp;<strong>Florentino Daniel Paco<\/strong>, un hombre de nacionalidad boliviana, y su hermano,&nbsp;<strong>Onofre Paco Vega<\/strong>, quien&nbsp;<strong>fue sancionado en 2011 por \u201cesclavizar\u201d a trabajadores indocumentados<\/strong>. Tambi\u00e9n de aquel pa\u00eds.<\/p>\n\n\n\n<p>El dato es relevante por una revelaci\u00f3n que hizo a este diario un funcionario de Guaymall\u00e9n, que coincide con los dichos de otras fuentes de informaci\u00f3n:&nbsp;\u00ab<strong>Paco ser\u00eda testaferro del mism\u00edsimo Evo Morales\u00bb.<\/strong><\/p>\n\n\n\n<p>\u201cEl expresidente de Bolivia tiene muchos intereses en Guaymall\u00e9n, no solo Idandi\u201d, dijo lac\u00f3nico el informante oficial. Y a\u00f1adi\u00f3:&nbsp;<strong>\u201cNo es ning\u00fan secreto, todos lo saben en la Muni\u201d.<\/strong><\/p>\n\n\n\n<p>La revelaci\u00f3n de marras hace que el esc\u00e1ndalo tome otro cariz. Ya no es solo una cuesti\u00f3n de presunta corrupci\u00f3n y retornos,&nbsp;<strong>sino de \u201crelaciones binacionales\u201d<\/strong>.<\/p>\n\n\n\n<p>Los millones van y vienen. O mejor dicho, se quedan en los bolsillos de unos pocos funcionarios.&nbsp;<strong>Entretanto, la Justicia mira para otro lado y los funcionarios hacen c\u00f3mplice silencio<\/strong>.<\/p>\n\n\n\n<p>En otro pa\u00eds ser\u00eda una suerte de Watergate, con una diferencia sustancial:\u00a0<strong>la corrupci\u00f3n puede verse a simple vista<\/strong>. Est\u00e1 en plena construcci\u00f3n.<\/p>\n\n\n\n<p>Mendoza Today<\/p>\n","protected":false},"excerpt":{"rendered":"<p>La muerte de un ni\u00f1o de 6 a\u00f1os expuso finalmente a&nbsp;Florentino Daniel Paco, el due\u00f1o del predio donde muri\u00f3 peque\u00f1o tras caer en un poco. Se trata del titular de&nbsp;constructora Idandi, una firma que se mueve en Guaymall\u00e9n con la impunidad que le regala la pol\u00edtica, seg\u00fan inform\u00f3 Mendoza Today. En completa soledad,&nbsp;Diario Mendoza Today&nbsp;viene<a class=\"read-more\" href=\"https:\/\/elfederalmendoza.com.ar\/index.php\/2023\/03\/08\/quien-es-florentino-paco-el-dueno-del-predio-de-guaymallen-donde-murio-el-nino-de-6-anos-y-que-aseguran-seria-testaferro-de-evo-morales\/\"> [&hellip;]<\/a><\/p>\n","protected":false},"author":2,"featured_media":21075,"comment_status":"open","ping_status":"open","sticky":false,"template":"","format":"standard","meta":{"footnotes":""},"categories":[1],"tags":[],"class_list":["post-21073","post","type-post","status-publish","format-standard","has-post-thumbnail","hentry","category-mza"],"rttpg_featured_image_url":{"full":["https:\/\/elfederalmendoza.com.ar\/wp-content\/uploads\/2023\/03\/evo3.jpg",1536,864,false],"landscape":["https:\/\/elfederalmendoza.com.ar\/wp-content\/uploads\/2023\/03\/evo3.jpg",1536,864,false],"portraits":["https:\/\/elfederalmendoza.com.ar\/wp-content\/uploads\/2023\/03\/evo3.jpg",1536,864,false],"thumbnail":["https:\/\/elfederalmendoza.com.ar\/wp-content\/uploads\/2023\/03\/evo3-150x150.jpg",150,150,true],"medium":["https:\/\/elfederalmendoza.com.ar\/wp-content\/uploads\/2023\/03\/evo3-300x169.jpg",300,169,true],"large":["https:\/\/elfederalmendoza.com.ar\/wp-content\/uploads\/2023\/03\/evo3-1024x576.jpg",640,360,true],"1536x1536":["https:\/\/elfederalmendoza.com.ar\/wp-content\/uploads\/2023\/03\/evo3.jpg",1536,864,false],"2048x2048":["https:\/\/elfederalmendoza.com.ar\/wp-content\/uploads\/2023\/03\/evo3.jpg",1536,864,false],"ultp_layout_landscape_large":["https:\/\/elfederalmendoza.com.ar\/wp-content\/uploads\/2023\/03\/evo3-1200x800.jpg",1200,800,true],"ultp_layout_landscape":["https:\/\/elfederalmendoza.com.ar\/wp-content\/uploads\/2023\/03\/evo3-870x570.jpg",870,570,true],"ultp_layout_portrait":["https:\/\/elfederalmendoza.com.ar\/wp-content\/uploads\/2023\/03\/evo3-600x864.jpg",600,864,true],"ultp_layout_square":["https:\/\/elfederalmendoza.com.ar\/wp-content\/uploads\/2023\/03\/evo3-600x600.jpg",600,600,true],"rpwe-thumbnail":["https:\/\/elfederalmendoza.com.ar\/wp-content\/uploads\/2023\/03\/evo3-45x45.jpg",45,45,true],"advps-thumb-one":["https:\/\/elfederalmendoza.com.ar\/wp-content\/uploads\/2023\/03\/evo3-1200x420.jpg",1200,420,true]},"rttpg_author":{"display_name":"Redacci\u00f3n El Federal","author_link":"https:\/\/elfederalmendoza.com.ar\/index.php\/author\/angelflores\/"},"rttpg_comment":0,"rttpg_category":"<a href=\"https:\/\/elfederalmendoza.com.ar\/index.php\/category\/mza\/\" rel=\"category tag\">Mendoza<\/a>","rttpg_excerpt":"La muerte de un ni\u00f1o de 6 a\u00f1os expuso finalmente a&nbsp;Florentino Daniel Paco, el due\u00f1o del predio donde muri\u00f3 peque\u00f1o tras caer en un poco. Se trata del titular de&nbsp;constructora Idandi, una firma que se mueve en Guaymall\u00e9n con la impunidad que le regala la pol\u00edtica, seg\u00fan inform\u00f3 Mendoza Today. En completa soledad,&nbsp;Diario Mendoza Today&nbsp;viene&hellip;","_links":{"self":[{"href":"https:\/\/elfederalmendoza.com.ar\/index.php\/wp-json\/wp\/v2\/posts\/21073","targetHints":{"allow":["GET"]}}],"collection":[{"href":"https:\/\/elfederalmendoza.com.ar\/index.php\/wp-json\/wp\/v2\/posts"}],"about":[{"href":"https:\/\/elfederalmendoza.com.ar\/index.php\/wp-json\/wp\/v2\/types\/post"}],"author":[{"embeddable":true,"href":"https:\/\/elfederalmendoza.com.ar\/index.php\/wp-json\/wp\/v2\/users\/2"}],"replies":[{"embeddable":true,"href":"https:\/\/elfederalmendoza.com.ar\/index.php\/wp-json\/wp\/v2\/comments?post=21073"}],"version-history":[{"count":2,"href":"https:\/\/elfederalmendoza.com.ar\/index.php\/wp-json\/wp\/v2\/posts\/21073\/revisions"}],"predecessor-version":[{"id":21079,"href":"https:\/\/elfederalmendoza.com.ar\/index.php\/wp-json\/wp\/v2\/posts\/21073\/revisions\/21079"}],"wp:featuredmedia":[{"embeddable":true,"href":"https:\/\/elfederalmendoza.com.ar\/index.php\/wp-json\/wp\/v2\/media\/21075"}],"wp:attachment":[{"href":"https:\/\/elfederalmendoza.com.ar\/index.php\/wp-json\/wp\/v2\/media?parent=21073"}],"wp:term":[{"taxonomy":"category","embeddable":true,"href":"https:\/\/elfederalmendoza.com.ar\/index.php\/wp-json\/wp\/v2\/categories?post=21073"},{"taxonomy":"post_tag","embeddable":true,"href":"https:\/\/elfederalmendoza.com.ar\/index.php\/wp-json\/wp\/v2\/tags?post=21073"}],"curies":[{"name":"wp","href":"https:\/\/api.w.org\/{rel}","templated":true}]}}