{"id":21085,"date":"2023-03-09T14:49:43","date_gmt":"2023-03-09T17:49:43","guid":{"rendered":"https:\/\/elfederalmendoza.com\/?p=21085"},"modified":"2023-03-09T14:49:44","modified_gmt":"2023-03-09T17:49:44","slug":"la-productora-de-la-vendimia-estallo-contra-los-periodistas-que-cuestionaron-el-show-y-los-tildo-de-resentidos-y-de-personas-poco-felices","status":"publish","type":"post","link":"https:\/\/elfederalmendoza.com.ar\/index.php\/2023\/03\/09\/la-productora-de-la-vendimia-estallo-contra-los-periodistas-que-cuestionaron-el-show-y-los-tildo-de-resentidos-y-de-personas-poco-felices\/","title":{"rendered":"La productora de la Vendimia estall\u00f3 contra los periodistas que cuestionaron el show y los tild\u00f3 de \u00abresentidos\u00bb y de \u00abpersonas poco felices\u00bb"},"content":{"rendered":"\n<p><strong>Sara Ver\u00f3n<\/strong>, productora ejecutiva del show\u00a0<strong>\u00abJuglares de Vendimia\u00bb<\/strong>\u00a0-que coron\u00f3 las celebraciones el pasado fin de semana en el teatro griego Frank Romero Day-\u00a0<strong>carg\u00f3 contra los periodistas mendocinos<\/strong>\u00a0que criticaron el espect\u00e1culo y los defini\u00f3 como\u00a0<strong>\u00abpersonas resentidas\u00bb<\/strong>\u00a0y\u00a0<strong>\u00abpoco felices con su vida\u00bb<\/strong>.<\/p>\n\n\n\n<iframe loading=\"lazy\" src=\"https:\/\/www.facebook.com\/plugins\/post.php?href=https%3A%2F%2Fwww.facebook.com%2Feventosdedanza.mendoza%2Fposts%2Fpfbid02fgWMxpFQq67ua2W88wNqvoUr6MLHaAG542VkY3oXB9W426iqJ6URqKgzYkF3fDnHl&#038;show_text=true&#038;width=500\" width=\"500\" height=\"304\" style=\"border:none;overflow:hidden\" scrolling=\"no\" frameborder=\"0\" allowfullscreen=\"true\" allow=\"autoplay; clipboard-write; encrypted-media; picture-in-picture; web-share\"><\/iframe>\n\n\n\n<p>\u00abEl periodismo de Mendoza se encarga de\u00a0<strong>matar o tratar de extinguir<\/strong>\u00a0el \u00fanico producto cultural que tiene la provincia que se ve en el mundo\u00bb, escribi\u00f3\u00a0<strong>entre varios signos de exclamaci\u00f3n<\/strong>\u00a0en sus redes sociales.<\/p>\n\n\n\n<iframe loading=\"lazy\" src=\"https:\/\/www.facebook.com\/plugins\/post.php?href=https%3A%2F%2Fwww.facebook.com%2Feventosdedanza.mendoza%2Fposts%2Fpfbid02SpiBMZXPA515T1iwN7YvzKeF9w8NozRXSwPXnseF5wsL5jH23XyPptfKgWqf4jQol&#038;show_text=true&#038;width=500\" width=\"500\" height=\"285\" style=\"border:none;overflow:hidden\" scrolling=\"no\" frameborder=\"0\" allowfullscreen=\"true\" allow=\"autoplay; clipboard-write; encrypted-media; picture-in-picture; web-share\"><\/iframe>\n\n\n\n<p>\u00abHe estado en varias vendimias en distintos roles y<strong>\u00a0nunca vi algo que estos se\u00f1ores y se\u00f1oras aprecien<\/strong>. Siempre est\u00e1 todo mal. Si hay mucho artista sobre el escenario lo catalogan de &#8216;bodrio&#8217;; si hay poco artista catalogan &#8216;escenarios vac\u00edos&#8217;.\u00a0<strong>O sea: \u00a1no te viene bien nada, hermano!<\/strong>\u00ab, arremeti\u00f3.<\/p>\n\n\n\n<iframe loading=\"lazy\" src=\"https:\/\/www.facebook.com\/plugins\/post.php?href=https%3A%2F%2Fwww.facebook.com%2Feventosdedanza.mendoza%2Fposts%2Fpfbid035BLfyuayxPXvjqtkwLEyhpygfZNTqLe2t3tr29GyfDuvZhHjuHUfWiL5jA2oeivhl&#038;show_text=true&#038;width=500\" width=\"500\" height=\"304\" style=\"border:none;overflow:hidden\" scrolling=\"no\" frameborder=\"0\" allowfullscreen=\"true\" allow=\"autoplay; clipboard-write; encrypted-media; picture-in-picture; web-share\"><\/iframe>\n\n\n\n<p>La productora asegur\u00f3 que los cr\u00edticos\u00a0<strong>nunca entienden el guion<\/strong>. \u00abNo s\u00e9 cu\u00e1ntos libros han escrito o qu\u00e9 capacidad de an\u00e1lisis tienen de una obra\u00bb, coment\u00f3,\u00a0<strong>asociando la experiencia de redactar vol\u00famenes con la sutileza para analizar shows<\/strong>.<\/p>\n\n\n\n<h2 class=\"wp-block-heading\">\u00bfHay que tener t\u00edtulos para opinar de la Vendimia?<\/h2>\n\n\n\n<p>Ver\u00f3n trabaj\u00f3 en las vendimias nacionales de&nbsp;<strong>2012, 2014 y 2016<\/strong>; a lo que sum\u00f3 producciones ejecutivas en las departamentales de Las Heras y Lavalle. Su labor consiste en&nbsp;<strong>coordinar las acciones de los diversos equipos<\/strong>, cumpliendo con los objetivos y los cronogramas establecidos.<\/p>\n\n\n\n<p>Y es cierto que, despu\u00e9s de cada fiesta en el teatro griego, los diarios mendocinos publican columnas donde colegas hacen un balance de lo que se mostr\u00f3.&nbsp;<strong>Ver\u00f3n cree que buena parte de ellos no est\u00e1 capacitado para hacerlo<\/strong>.<\/p>\n\n\n\n<p>\u00abLa mayor\u00eda de los cr\u00edticos de arte\u00a0<strong>tiene al menos una licenciatura en bellas artes, historia del arte, apreciaci\u00f3n del arte o un campo similar<\/strong>. Es importante tener formaci\u00f3n y experiencia en el tipo de arte que vas a criticar, ya que te dar\u00e1 una base informada para tus opiniones, as\u00ed como credibilidad profesional\u00bb, postul\u00f3.<\/p>\n\n\n\n<p>En contraste, calific\u00f3 a algunos periodistas como&nbsp;<strong>\u00abcriticones\u00bb<\/strong>. \u00abDetr\u00e1s del que critica se encuentra una persona&nbsp;<strong>resentida y poco feliz con su vida<\/strong>. Rechaza la felicidad ajena porque le recuerda que se puede vivir de otra manera. Ataca la osad\u00eda de los dem\u00e1s porque le recuerda su falta de valent\u00eda, menosprecia los logros ajenos porque&nbsp;<strong>le carcome la envidia por dentro<\/strong>\u00ab, dispar\u00f3.<\/p>\n\n\n\n<p>Y es como si se hubiera ido engranando a medida que escrib\u00eda. M\u00e1s adelante, Ver\u00f3n espet\u00f3 en may\u00fasculas: \u00ab<strong>Dejen de joder con sus gustos personales<\/strong>&nbsp;y dejen crear y que cada artista ponga su sello en cada espect\u00e1culo&nbsp;<strong>\u00bfDesde cu\u00e1ndo son los dise\u00f1adores de la \u00fanica verdad?<\/strong>&nbsp;\u00bfPor qu\u00e9 cuando una fiesta cuenta la misma historia siempre -cada director pone su estilo y est\u00e1 s\u00faper bien eso- desde lo tradicional la critican?\u00bb.<\/p>\n\n\n\n<p>Ver\u00f3n continu\u00f3 proponiendo que haya menos \u00abmala onda\u00bb hacia los que hacen la fiesta. \u00abSiempre o casi siempre veo las diversas obras y espect\u00e1culos de nuestros artistas mendocinos y me pueden gustar algo o no, pero&nbsp;<strong>aplaudo y felicito el arriesgarse, el crear, el trabajo y la constancia<\/strong>&nbsp;(&#8230;)\u00bb.<\/p>\n\n\n\n<p>Y cerr\u00f3: \u00ab<strong>Cr\u00edticos y criticones<\/strong>: dejen crear; sepan apreciar el arte que hace el otro. Disfruten, vean las cosas con el coraz\u00f3n, aprecien el trabajo de cada artista.&nbsp;<strong>Fin de la historia<\/strong>&nbsp;\u00a1Feliz vendimia compa\u00f1eros de arte! Ustedes s\u00ed que saben lo que se siente estar en nuestro teatro griego y sentir no s\u00f3lo el aplauso sino&nbsp;<strong>la ovaci\u00f3n del \u00fanico que tiene la verdad, nuestro p\u00fablico<\/strong>. Lo dem\u00e1s es pan y circo (m\u00e1s circo que pan)\u00bb.<\/p>\n\n\n\n<figure class=\"wp-block-image\"><img decoding=\"async\" src=\"https:\/\/media.diariouno.com.ar\/p\/90c6f7f23fa93ca2e18ed56fa2702b0e\/adjuntos\/298\/imagenes\/009\/122\/0009122973\/1200x0\/smart\/actocentral_59_portadajpg.jpg\" alt=\"Una imagen de Juglares de Vendimia, un canto a la naturaleza, en el teatro griego Frank Romero Day.\"\/><\/figure>\n\n\n\n<p>Una imagen de Juglares de Vendimia, un canto a la naturaleza, en el teatro griego Frank Romero Day.<\/p>\n","protected":false},"excerpt":{"rendered":"<p>Sara Ver\u00f3n, productora ejecutiva del show\u00a0\u00abJuglares de Vendimia\u00bb\u00a0-que coron\u00f3 las celebraciones el pasado fin de semana en el teatro griego Frank Romero Day-\u00a0carg\u00f3 contra los periodistas mendocinos\u00a0que criticaron el espect\u00e1culo y los defini\u00f3 como\u00a0\u00abpersonas resentidas\u00bb\u00a0y\u00a0\u00abpoco felices con su vida\u00bb. \u00abEl periodismo de Mendoza se encarga de\u00a0matar o tratar de extinguir\u00a0el \u00fanico producto cultural que tiene<a class=\"read-more\" href=\"https:\/\/elfederalmendoza.com.ar\/index.php\/2023\/03\/09\/la-productora-de-la-vendimia-estallo-contra-los-periodistas-que-cuestionaron-el-show-y-los-tildo-de-resentidos-y-de-personas-poco-felices\/\"> [&hellip;]<\/a><\/p>\n","protected":false},"author":2,"featured_media":21086,"comment_status":"open","ping_status":"open","sticky":false,"template":"","format":"standard","meta":{"footnotes":""},"categories":[1],"tags":[],"class_list":["post-21085","post","type-post","status-publish","format-standard","has-post-thumbnail","hentry","category-mza"],"rttpg_featured_image_url":{"full":["https:\/\/elfederalmendoza.com.ar\/wp-content\/uploads\/2023\/03\/sara-veron.jpg",877,614,false],"landscape":["https:\/\/elfederalmendoza.com.ar\/wp-content\/uploads\/2023\/03\/sara-veron.jpg",877,614,false],"portraits":["https:\/\/elfederalmendoza.com.ar\/wp-content\/uploads\/2023\/03\/sara-veron.jpg",877,614,false],"thumbnail":["https:\/\/elfederalmendoza.com.ar\/wp-content\/uploads\/2023\/03\/sara-veron-150x150.jpg",150,150,true],"medium":["https:\/\/elfederalmendoza.com.ar\/wp-content\/uploads\/2023\/03\/sara-veron-300x210.jpg",300,210,true],"large":["https:\/\/elfederalmendoza.com.ar\/wp-content\/uploads\/2023\/03\/sara-veron.jpg",640,448,false],"1536x1536":["https:\/\/elfederalmendoza.com.ar\/wp-content\/uploads\/2023\/03\/sara-veron.jpg",877,614,false],"2048x2048":["https:\/\/elfederalmendoza.com.ar\/wp-content\/uploads\/2023\/03\/sara-veron.jpg",877,614,false],"ultp_layout_landscape_large":["https:\/\/elfederalmendoza.com.ar\/wp-content\/uploads\/2023\/03\/sara-veron.jpg",877,614,false],"ultp_layout_landscape":["https:\/\/elfederalmendoza.com.ar\/wp-content\/uploads\/2023\/03\/sara-veron-870x570.jpg",870,570,true],"ultp_layout_portrait":["https:\/\/elfederalmendoza.com.ar\/wp-content\/uploads\/2023\/03\/sara-veron-600x614.jpg",600,614,true],"ultp_layout_square":["https:\/\/elfederalmendoza.com.ar\/wp-content\/uploads\/2023\/03\/sara-veron-600x600.jpg",600,600,true],"rpwe-thumbnail":["https:\/\/elfederalmendoza.com.ar\/wp-content\/uploads\/2023\/03\/sara-veron-45x45.jpg",45,45,true],"advps-thumb-one":["https:\/\/elfederalmendoza.com.ar\/wp-content\/uploads\/2023\/03\/sara-veron-877x420.jpg",877,420,true]},"rttpg_author":{"display_name":"Redacci\u00f3n El Federal","author_link":"https:\/\/elfederalmendoza.com.ar\/index.php\/author\/angelflores\/"},"rttpg_comment":0,"rttpg_category":"<a href=\"https:\/\/elfederalmendoza.com.ar\/index.php\/category\/mza\/\" rel=\"category tag\">Mendoza<\/a>","rttpg_excerpt":"Sara Ver\u00f3n, productora ejecutiva del show\u00a0\u00abJuglares de Vendimia\u00bb\u00a0-que coron\u00f3 las celebraciones el pasado fin de semana en el teatro griego Frank Romero Day-\u00a0carg\u00f3 contra los periodistas mendocinos\u00a0que criticaron el espect\u00e1culo y los defini\u00f3 como\u00a0\u00abpersonas resentidas\u00bb\u00a0y\u00a0\u00abpoco felices con su vida\u00bb. \u00abEl periodismo de Mendoza se encarga de\u00a0matar o tratar de extinguir\u00a0el \u00fanico producto cultural que tiene&hellip;","_links":{"self":[{"href":"https:\/\/elfederalmendoza.com.ar\/index.php\/wp-json\/wp\/v2\/posts\/21085","targetHints":{"allow":["GET"]}}],"collection":[{"href":"https:\/\/elfederalmendoza.com.ar\/index.php\/wp-json\/wp\/v2\/posts"}],"about":[{"href":"https:\/\/elfederalmendoza.com.ar\/index.php\/wp-json\/wp\/v2\/types\/post"}],"author":[{"embeddable":true,"href":"https:\/\/elfederalmendoza.com.ar\/index.php\/wp-json\/wp\/v2\/users\/2"}],"replies":[{"embeddable":true,"href":"https:\/\/elfederalmendoza.com.ar\/index.php\/wp-json\/wp\/v2\/comments?post=21085"}],"version-history":[{"count":1,"href":"https:\/\/elfederalmendoza.com.ar\/index.php\/wp-json\/wp\/v2\/posts\/21085\/revisions"}],"predecessor-version":[{"id":21087,"href":"https:\/\/elfederalmendoza.com.ar\/index.php\/wp-json\/wp\/v2\/posts\/21085\/revisions\/21087"}],"wp:featuredmedia":[{"embeddable":true,"href":"https:\/\/elfederalmendoza.com.ar\/index.php\/wp-json\/wp\/v2\/media\/21086"}],"wp:attachment":[{"href":"https:\/\/elfederalmendoza.com.ar\/index.php\/wp-json\/wp\/v2\/media?parent=21085"}],"wp:term":[{"taxonomy":"category","embeddable":true,"href":"https:\/\/elfederalmendoza.com.ar\/index.php\/wp-json\/wp\/v2\/categories?post=21085"},{"taxonomy":"post_tag","embeddable":true,"href":"https:\/\/elfederalmendoza.com.ar\/index.php\/wp-json\/wp\/v2\/tags?post=21085"}],"curies":[{"name":"wp","href":"https:\/\/api.w.org\/{rel}","templated":true}]}}