{"id":21090,"date":"2023-03-09T19:03:53","date_gmt":"2023-03-09T22:03:53","guid":{"rendered":"https:\/\/elfederalmendoza.com\/?p=21090"},"modified":"2023-03-09T19:03:55","modified_gmt":"2023-03-09T22:03:55","slug":"horror-en-el-parque-aconcagua-denuncian-el-cruel-maltrato-a-las-mulas-con-fotos-enviadas-por-turistas","status":"publish","type":"post","link":"https:\/\/elfederalmendoza.com.ar\/index.php\/2023\/03\/09\/horror-en-el-parque-aconcagua-denuncian-el-cruel-maltrato-a-las-mulas-con-fotos-enviadas-por-turistas\/","title":{"rendered":"Horror en el Parque Aconcagua: denuncian el cruel maltrato a las mulas con fotos enviadas por turistas"},"content":{"rendered":"\n<p>La&nbsp;<strong>Fundaci\u00f3n Cullunche dio a conocer p\u00fablicamente<\/strong>, a trav\u00e9s de sus redes sociales<strong>, im\u00e1genes que muestran el estado de deterioro y maltrato que tienen algunas mulas<\/strong>&nbsp;que trabajan en el&nbsp;<strong>Parque Aconcagua&nbsp;<\/strong>durante la presente temporada.<\/p>\n\n\n\n<p>La titular de la organizaci\u00f3n,<strong>&nbsp;Jennifer Ibarra<\/strong>&nbsp;cont\u00f3&nbsp;<strong><em>al Post<\/em><\/strong>&nbsp;que todos los a\u00f1os reciben denuncias y fotos que les env\u00edan los turistas, que visitan el coloso de Am\u00e9rica, con animales lastimados o que han muerto explotados por quienes negocian en d\u00f3lares con ellos.<\/p>\n\n\n\n<p>\u00ab<strong>El domingo hicimos la denuncia ante la Secretar\u00eda de Ambiente y Ordenamiento Territorial&nbsp;<\/strong>y Guillermo Romano, jefe de \u00e1reas protegidas, nos contest\u00f3 que no era el \u00e1mbito correspondiente, y que ten\u00edamos que dirigirnos a la Direcci\u00f3n de Recursos Naturales Renovables (DRNR). As\u00ed lo hicimos y como no recibimos respuesta, decidimos dar a conocer la situaci\u00f3n, que no es nueva, a toda la sociedad\u00bb, explic\u00f3.&nbsp;<\/p>\n\n\n\n<figure class=\"wp-block-image is-resized\"><img loading=\"lazy\" decoding=\"async\" src=\"https:\/\/www.mendozapost.com\/files\/image\/464\/464615\/640a039b535ca.jpg\" alt=\"\" width=\"966\" height=\"966\"\/><\/figure>\n\n\n\n<p><strong>Ibarra destac\u00f3 que el Parque Provincial Aconcagua, es una de las puertas de entrada al turismo internacional de Mendoza.&nbsp;<\/strong>\u00abEs inconcebible el mal trato que reciben las mulas cargueras, algo que ocurre a la vista de todos y de las autoridades que deben controlar que esto no suceda\u00bb.<\/p>\n\n\n\n<p>\u00abLa Fundaci\u00f3n Cullunche invirti\u00f3 12 a\u00f1os desde el a\u00f1o 2006, para llevar adelante un&nbsp;<strong>Programa de Bienestar Animal de Mulas Cargueras<\/strong>. En ese momento, hicimos un convenio con Leopoldo Le\u00f3n, quien estaba a cargo de la DRNR. Eso se renovaba todos los a\u00f1os; el Gobierno nos daba unos pocos fondos y nosotros<strong>&nbsp;pag\u00e1bamos un veterinario y dos inspectores que todos los d\u00edas, desde las 4 de la ma\u00f1ana, controlaban que los animales estuvieran en condiciones se subir<\/strong>. Y si no era as\u00ed, esa mula no sub\u00eda y nosotros inform\u00e1bamos a Guardaparques para que hiciera el acta correspondiente. Pero nunca vimos a una empresa multada\u00bb, dijo.<\/p>\n\n\n\n<p>Agreg\u00f3: \u00ab<strong>Pero en 2017, Humberto Mingorance le dio de baja al programa.<\/strong>&nbsp;En ese momento la directora de la DRNR era Mabel Chambuleir\u00f3n. Nunca nos dieron una explicaci\u00f3n a pesar de que mandamos nota al respecto\u00bb.&nbsp;<\/p>\n\n\n\n<figure class=\"wp-block-image is-resized\"><img loading=\"lazy\" decoding=\"async\" src=\"https:\/\/www.mendozapost.com\/files\/image\/464\/464617\/640a03c16dd49_570_570!.jpg?s=7381a6eabb66c49ec43c7b2b7cfa23ba&amp;d=1678377924\" alt=\"\" width=\"961\" height=\"961\"\/><\/figure>\n\n\n\n<p><strong>Cullunche asegura que en el parque trabajan unas 700 mulas que ingresan unas 7000 veces<\/strong>. El valor de&nbsp;<strong>la carga va de los 70 d\u00f3lares a los 130 d\u00f3lares<\/strong>&nbsp;lo cual da un cifra de 8.000.000 de d\u00f3lares que mueven solo las mulas.<\/p>\n\n\n\n<p>\u00ab<strong>Estamos pidiendo que se termine para siempre con la Tracci\u00f3n a Sangre (TAS) en el Parque Aconcagua<\/strong>. Es anacr\u00f3nico. Solicitamos que nunca m\u00e1s suban estos animales utilizados para cargar, carpas, elementos de todo tipo, alimentos, etc. Que utilicen sherpas o helic\u00f3pteros. Tiene que terminarse esto definitivamente; para siempre. Es intolerable y esto viene pasando todos los a\u00f1os\u00bb, afirm\u00f3 con indignaci\u00f3n Ibarra.<\/p>\n\n\n\n<p>Respuesta del Gobierno de Mendoza<\/p>\n\n\n\n<p>Por su parte,<strong>&nbsp;Pablo Perell\u00f3<\/strong>,<strong>&nbsp;jefe del Aconcagua<\/strong>&nbsp;dijo a nuestro diario que en los \u00faltimos d\u00edas de enero, recibieron informaci\u00f3n sobre posible maltrato a las mulas por parte de algunos particulares y por parte de personas que trabajaron en la Fundaci\u00f3n Cullunche.&nbsp;<\/p>\n\n\n\n<figure class=\"wp-block-image is-resized\"><img loading=\"lazy\" decoding=\"async\" src=\"https:\/\/www.mendozapost.com\/files\/image\/464\/464621\/640a0410374b4_570_409!.jpg?s=94b6ff3391e5015f8c6a9a11d58e1e80&amp;d=1678378004\" alt=\"\" width=\"959\" height=\"688\"\/><\/figure>\n\n\n\n<p><strong>\u00abIncluso tenemos una denuncia que hizo un particular ante la Polic\u00eda Rural<\/strong>. Otros nos pasaron fotos que los mismos arrieros han subido a sus redes sociales, por lo cual,&nbsp;<strong>empezamos a investigar en conjunto con la Polic\u00eda Rural<\/strong>\u00ab, indic\u00f3.<\/p>\n\n\n\n<p>De todos modos,<strong>&nbsp;Perell\u00f3 advirti\u00f3 que es necesario analizar bien cada foto,&nbsp;<\/strong>&nbsp;porque algunas de las que han tomado estado p\u00fablico muestran a mulas que est\u00e1n acostadas y maniatadas y eso tiene una explicaci\u00f3n: Los arrieros lazan al animal para tenerlo atrapado de manera de poder acomodarle la carga. Por eso digo que hay que analizar cada imagen. Hay&nbsp; una foto donde se ve a uno de los ejemplares sangrando. Esa foto fue tomada en Horcones, es decir, donde hacemos el control de los animales&nbsp;<strong>y si ah\u00ed se detecta que est\u00e1 lastimado, no sube por toda la temporada<\/strong>&nbsp;porque tiene que estar totalmente recuperado para volver a subir\u00bb.<\/p>\n\n\n\n<p>\u00ab<strong>El Programa de Bienestar animal, sigue funcionando<\/strong>, lo que sucede es que no se contrat\u00f3 m\u00e1s a la Fundaci\u00f3n Cullunche sino que la Secretar\u00eda de Ambiente contrat\u00f3 a las personas que trabajaban en la fundaci\u00f3n, que son las que han seguido prestando el servicio de los controles\u00bb.&nbsp;<\/p>\n\n\n\n<figure class=\"wp-block-image is-resized\"><img loading=\"lazy\" decoding=\"async\" src=\"https:\/\/www.mendozapost.com\/files\/image\/464\/464623\/640a0429d15d9_570_570!.jpg?s=cb07976193dc03d0bc45f96cf4a26af3&amp;d=1678378029\" alt=\"\" width=\"961\" height=\"961\"\/><\/figure>\n\n\n\n<p>\u00ab<strong>De todos modos estamos averiguando si se han dado casos de maltrato animal<\/strong>. Ya hemos avanzado al respecto y&nbsp;<strong>tenemos a una empresa identificada,&nbsp; pero todav\u00eda no podemos hacer ning\u00fan tipo de acusaci\u00f3n<\/strong>&nbsp;hasta verificar y confirmar ciertos datos\u00bb, subray\u00f3.<\/p>\n\n\n\n<p>El funcionario destac\u00f3 que<strong>&nbsp;son unas 10 empresas las que trabajan en el lugar,&nbsp; con el permiso del gobierno,&nbsp; y que cobran en d\u00f3lares por cada carga<\/strong>. \u00abLas mismas empresas son las que controlan que<strong>&nbsp;la carga no supere los 60 kilos<\/strong>. Si alguien tiene una carga de 61 kilos, por ejemplo, le venden el servicio de dos mulas. Es un negocio para ellos y por eso no les conviene tampoco que los animales se lastimen\u00bb.<\/p>\n\n\n\n<p>\u00ab<strong>La cantidad de mulas que ingresan al Parque Aconcagua ha ido disminuyendo en la media que ingresa el helic\u00f3ptero<\/strong>, pero solo hay una aeronave y no da abasto. Nosotros llevamos adelante una serie de medidas para evitar que el arriero castigue al animal. Por ejemplo, no pueden ingresar con espuelas. Cada uno de ellos tiene una credencial donde figuran sus datos, con foto y la empresa para la que trabaja\u00bb.&nbsp;<\/p>\n\n\n\n<figure class=\"wp-block-image is-resized\"><img loading=\"lazy\" decoding=\"async\" src=\"https:\/\/www.mendozapost.com\/files\/image\/464\/464625\/640a044ec1249_570_570!.jpg?s=c169a61968144865adffac21f17aeeb7&amp;d=1678378066\" alt=\"\" width=\"963\" height=\"963\"\/><\/figure>\n\n\n\n<h2 class=\"wp-block-heading\"><strong>\u00bfSe podr\u00eda erradicar la tracci\u00f3n a sangre?<\/strong><\/h2>\n\n\n\n<p>Al respecto,<strong>&nbsp;Perell\u00f3 dijo que lo ve muy dif\u00edcil en el corto plazo<\/strong>. \u00abHoy no existe otra forma de trasladar el volumen de carga que hay que transportar, que no sea por animales.&nbsp;<strong>Si no, se deber\u00eda limitar la cantidad de visitantes<\/strong>&nbsp;que suben en la temporada\u00bb.<\/p>\n\n\n\n<p>Igualmente, reconoci\u00f3 que muchas veces los animales mueren porque se desbarrancan o se las lleva el r\u00edo. En ese sentido,&nbsp;<strong>admiti\u00f3 que no deja de ser una crueldad.<\/strong><\/p>\n\n\n\n<p>\u00abTodo los a\u00f1os muere alguna mura por enfermedad, por la edad, porque se desbarranca, no por maltrato\u00bb, concluy\u00f3.<\/p>\n\n\n\n<iframe loading=\"lazy\" src=\"https:\/\/www.facebook.com\/plugins\/post.php?href=https%3A%2F%2Fwww.facebook.com%2Ffundacion.cullunche%2Fposts%2Fpfbid0JYQWggjqTUD8wNWrDzVE3Muvq84wwBiW8WPBytUmFz6rffTugNvD6GtgWavsVy4gl&#038;show_text=true&#038;width=500\" width=\"500\" height=\"678\" style=\"border:none;overflow:hidden\" scrolling=\"no\" frameborder=\"0\" allowfullscreen=\"true\" allow=\"autoplay; clipboard-write; encrypted-media; picture-in-picture; web-share\"><\/iframe>\n\n\n\n<p>Mendoza Post<\/p>\n","protected":false},"excerpt":{"rendered":"<p>La&nbsp;Fundaci\u00f3n Cullunche dio a conocer p\u00fablicamente, a trav\u00e9s de sus redes sociales, im\u00e1genes que muestran el estado de deterioro y maltrato que tienen algunas mulas&nbsp;que trabajan en el&nbsp;Parque Aconcagua&nbsp;durante la presente temporada. La titular de la organizaci\u00f3n,&nbsp;Jennifer Ibarra&nbsp;cont\u00f3&nbsp;al Post&nbsp;que todos los a\u00f1os reciben denuncias y fotos que les env\u00edan los turistas, que visitan el coloso<a class=\"read-more\" href=\"https:\/\/elfederalmendoza.com.ar\/index.php\/2023\/03\/09\/horror-en-el-parque-aconcagua-denuncian-el-cruel-maltrato-a-las-mulas-con-fotos-enviadas-por-turistas\/\"> [&hellip;]<\/a><\/p>\n","protected":false},"author":2,"featured_media":21091,"comment_status":"open","ping_status":"open","sticky":false,"template":"","format":"standard","meta":{"footnotes":""},"categories":[1],"tags":[],"class_list":["post-21090","post","type-post","status-publish","format-standard","has-post-thumbnail","hentry","category-mza"],"rttpg_featured_image_url":{"full":["https:\/\/elfederalmendoza.com.ar\/wp-content\/uploads\/2023\/03\/mulas1.jpg",980,672,false],"landscape":["https:\/\/elfederalmendoza.com.ar\/wp-content\/uploads\/2023\/03\/mulas1.jpg",980,672,false],"portraits":["https:\/\/elfederalmendoza.com.ar\/wp-content\/uploads\/2023\/03\/mulas1.jpg",980,672,false],"thumbnail":["https:\/\/elfederalmendoza.com.ar\/wp-content\/uploads\/2023\/03\/mulas1-150x150.jpg",150,150,true],"medium":["https:\/\/elfederalmendoza.com.ar\/wp-content\/uploads\/2023\/03\/mulas1-300x206.jpg",300,206,true],"large":["https:\/\/elfederalmendoza.com.ar\/wp-content\/uploads\/2023\/03\/mulas1.jpg",640,439,false],"1536x1536":["https:\/\/elfederalmendoza.com.ar\/wp-content\/uploads\/2023\/03\/mulas1.jpg",980,672,false],"2048x2048":["https:\/\/elfederalmendoza.com.ar\/wp-content\/uploads\/2023\/03\/mulas1.jpg",980,672,false],"ultp_layout_landscape_large":["https:\/\/elfederalmendoza.com.ar\/wp-content\/uploads\/2023\/03\/mulas1.jpg",980,672,false],"ultp_layout_landscape":["https:\/\/elfederalmendoza.com.ar\/wp-content\/uploads\/2023\/03\/mulas1-870x570.jpg",870,570,true],"ultp_layout_portrait":["https:\/\/elfederalmendoza.com.ar\/wp-content\/uploads\/2023\/03\/mulas1-600x672.jpg",600,672,true],"ultp_layout_square":["https:\/\/elfederalmendoza.com.ar\/wp-content\/uploads\/2023\/03\/mulas1-600x600.jpg",600,600,true],"rpwe-thumbnail":["https:\/\/elfederalmendoza.com.ar\/wp-content\/uploads\/2023\/03\/mulas1-45x45.jpg",45,45,true],"advps-thumb-one":["https:\/\/elfederalmendoza.com.ar\/wp-content\/uploads\/2023\/03\/mulas1-980x420.jpg",980,420,true]},"rttpg_author":{"display_name":"Redacci\u00f3n El Federal","author_link":"https:\/\/elfederalmendoza.com.ar\/index.php\/author\/angelflores\/"},"rttpg_comment":0,"rttpg_category":"<a href=\"https:\/\/elfederalmendoza.com.ar\/index.php\/category\/mza\/\" rel=\"category tag\">Mendoza<\/a>","rttpg_excerpt":"La&nbsp;Fundaci\u00f3n Cullunche dio a conocer p\u00fablicamente, a trav\u00e9s de sus redes sociales, im\u00e1genes que muestran el estado de deterioro y maltrato que tienen algunas mulas&nbsp;que trabajan en el&nbsp;Parque Aconcagua&nbsp;durante la presente temporada. La titular de la organizaci\u00f3n,&nbsp;Jennifer Ibarra&nbsp;cont\u00f3&nbsp;al Post&nbsp;que todos los a\u00f1os reciben denuncias y fotos que les env\u00edan los turistas, que visitan el coloso&hellip;","_links":{"self":[{"href":"https:\/\/elfederalmendoza.com.ar\/index.php\/wp-json\/wp\/v2\/posts\/21090","targetHints":{"allow":["GET"]}}],"collection":[{"href":"https:\/\/elfederalmendoza.com.ar\/index.php\/wp-json\/wp\/v2\/posts"}],"about":[{"href":"https:\/\/elfederalmendoza.com.ar\/index.php\/wp-json\/wp\/v2\/types\/post"}],"author":[{"embeddable":true,"href":"https:\/\/elfederalmendoza.com.ar\/index.php\/wp-json\/wp\/v2\/users\/2"}],"replies":[{"embeddable":true,"href":"https:\/\/elfederalmendoza.com.ar\/index.php\/wp-json\/wp\/v2\/comments?post=21090"}],"version-history":[{"count":1,"href":"https:\/\/elfederalmendoza.com.ar\/index.php\/wp-json\/wp\/v2\/posts\/21090\/revisions"}],"predecessor-version":[{"id":21092,"href":"https:\/\/elfederalmendoza.com.ar\/index.php\/wp-json\/wp\/v2\/posts\/21090\/revisions\/21092"}],"wp:featuredmedia":[{"embeddable":true,"href":"https:\/\/elfederalmendoza.com.ar\/index.php\/wp-json\/wp\/v2\/media\/21091"}],"wp:attachment":[{"href":"https:\/\/elfederalmendoza.com.ar\/index.php\/wp-json\/wp\/v2\/media?parent=21090"}],"wp:term":[{"taxonomy":"category","embeddable":true,"href":"https:\/\/elfederalmendoza.com.ar\/index.php\/wp-json\/wp\/v2\/categories?post=21090"},{"taxonomy":"post_tag","embeddable":true,"href":"https:\/\/elfederalmendoza.com.ar\/index.php\/wp-json\/wp\/v2\/tags?post=21090"}],"curies":[{"name":"wp","href":"https:\/\/api.w.org\/{rel}","templated":true}]}}