{"id":21093,"date":"2023-03-10T11:33:59","date_gmt":"2023-03-10T14:33:59","guid":{"rendered":"https:\/\/elfederalmendoza.com\/?p=21093"},"modified":"2023-03-10T11:34:00","modified_gmt":"2023-03-10T14:34:00","slug":"cayo-7-pisos-un-ascensor-de-un-edificio-en-godoy-cruz-con-seis-jovenes-adentro","status":"publish","type":"post","link":"https:\/\/elfederalmendoza.com.ar\/index.php\/2023\/03\/10\/cayo-7-pisos-un-ascensor-de-un-edificio-en-godoy-cruz-con-seis-jovenes-adentro\/","title":{"rendered":"Cay\u00f3 7 pisos un ascensor de un edificio en Godoy Cruz con seis j\u00f3venes adentro"},"content":{"rendered":"\n<p>Pudo ser una\u00a0<strong>tragedia<\/strong>. En la madrugada de este viernes, un ascensor se cay\u00f3 de un quinto piso al segundo subsuelo, en el edificio\u00a0<strong>\u00abResidencia Recova\u00bb<\/strong>\u00a0ubicado en calle Santiago del Estero y O&#8217;Higgins, del departamento de\u00a0<strong>Godoy Cruz.<\/strong>\u00a0<\/p>\n\n\n\n<figure class=\"wp-block-image size-large\"><img loading=\"lazy\" decoding=\"async\" width=\"1024\" height=\"577\" src=\"https:\/\/elfederalmendoza.com\/wp-content\/uploads\/2023\/03\/ascensor2-1024x577.jpg\" alt=\"\" class=\"wp-image-21094\" srcset=\"https:\/\/elfederalmendoza.com.ar\/wp-content\/uploads\/2023\/03\/ascensor2-1024x577.jpg 1024w, https:\/\/elfederalmendoza.com.ar\/wp-content\/uploads\/2023\/03\/ascensor2-300x169.jpg 300w, https:\/\/elfederalmendoza.com.ar\/wp-content\/uploads\/2023\/03\/ascensor2-768x432.jpg 768w, https:\/\/elfederalmendoza.com.ar\/wp-content\/uploads\/2023\/03\/ascensor2-1536x865.jpg 1536w, https:\/\/elfederalmendoza.com.ar\/wp-content\/uploads\/2023\/03\/ascensor2.jpg 2048w\" sizes=\"auto, (max-width: 1024px) 100vw, 1024px\" \/><figcaption class=\"wp-element-caption\">Entrada del edificio<\/figcaption><\/figure>\n\n\n\n<p>El hecho ocurri\u00f3 cerca de las 2:30 y al lugar se desplazaron personal policial, Bomberos Voluntarios, Bomberos del Cuartel Central y personal del Servicio de Emergencia Coordinado.<\/p>\n\n\n\n<p>Seg\u00fan el reporte de Seguridad, en el interior del ascensor con capacidad para 4 personas&nbsp;<strong>se encontraban 6 j\u00f3venes, quienes estaban en una fiesta en el sal\u00f3n de usos m\u00faltiples del edificio<\/strong>.&nbsp;<\/p>\n\n\n\n<figure class=\"wp-block-image is-resized\"><img loading=\"lazy\" decoding=\"async\" src=\"https:\/\/www.mendozapost.com\/files\/image\/464\/464801\/640b2bf6cea06_570_315!.jpg?s=c542a401f891d756cb75959dba6e1b8c&amp;d=1678453753\" alt=\"\" width=\"958\" height=\"529\"\/><figcaption class=\"wp-element-caption\">El incidente ocurri\u00f3 en el edificio\u00a0<strong>\u00abResidencia Recova\u00bb<\/strong><\/figcaption><\/figure>\n\n\n\n<p>Como resultado de este incidente, dos personas fueron atendidas por&nbsp;&nbsp;<strong>\u00abgolpes y traumatismos varios\u00bb<\/strong>&nbsp;y fueron trasladadas al Hospital del Carmen.&nbsp;<\/p>\n\n\n\n<p>Investigan las causas del incidente, aunque no se descarta una posible falla en el sistema de frenado.\u00a0<\/p>\n\n\n\n<p><strong><em>Fotos: Gentileza Mat\u00edas Pascualetti&nbsp;<\/em><\/strong><\/p>\n","protected":false},"excerpt":{"rendered":"<p>Pudo ser una\u00a0tragedia. En la madrugada de este viernes, un ascensor se cay\u00f3 de un quinto piso al segundo subsuelo, en el edificio\u00a0\u00abResidencia Recova\u00bb\u00a0ubicado en calle Santiago del Estero y O&#8217;Higgins, del departamento de\u00a0Godoy Cruz.\u00a0 El hecho ocurri\u00f3 cerca de las 2:30 y al lugar se desplazaron personal policial, Bomberos Voluntarios, Bomberos del Cuartel Central<a class=\"read-more\" href=\"https:\/\/elfederalmendoza.com.ar\/index.php\/2023\/03\/10\/cayo-7-pisos-un-ascensor-de-un-edificio-en-godoy-cruz-con-seis-jovenes-adentro\/\"> [&hellip;]<\/a><\/p>\n","protected":false},"author":2,"featured_media":21095,"comment_status":"open","ping_status":"open","sticky":false,"template":"","format":"standard","meta":{"footnotes":""},"categories":[1],"tags":[],"class_list":["post-21093","post","type-post","status-publish","format-standard","has-post-thumbnail","hentry","category-mza"],"rttpg_featured_image_url":{"full":["https:\/\/elfederalmendoza.com.ar\/wp-content\/uploads\/2023\/03\/ascensor1.jpg",1600,1063,false],"landscape":["https:\/\/elfederalmendoza.com.ar\/wp-content\/uploads\/2023\/03\/ascensor1.jpg",1600,1063,false],"portraits":["https:\/\/elfederalmendoza.com.ar\/wp-content\/uploads\/2023\/03\/ascensor1.jpg",1600,1063,false],"thumbnail":["https:\/\/elfederalmendoza.com.ar\/wp-content\/uploads\/2023\/03\/ascensor1-150x150.jpg",150,150,true],"medium":["https:\/\/elfederalmendoza.com.ar\/wp-content\/uploads\/2023\/03\/ascensor1-300x199.jpg",300,199,true],"large":["https:\/\/elfederalmendoza.com.ar\/wp-content\/uploads\/2023\/03\/ascensor1-1024x680.jpg",640,425,true],"1536x1536":["https:\/\/elfederalmendoza.com.ar\/wp-content\/uploads\/2023\/03\/ascensor1-1536x1020.jpg",1536,1020,true],"2048x2048":["https:\/\/elfederalmendoza.com.ar\/wp-content\/uploads\/2023\/03\/ascensor1.jpg",1600,1063,false],"ultp_layout_landscape_large":["https:\/\/elfederalmendoza.com.ar\/wp-content\/uploads\/2023\/03\/ascensor1-1200x800.jpg",1200,800,true],"ultp_layout_landscape":["https:\/\/elfederalmendoza.com.ar\/wp-content\/uploads\/2023\/03\/ascensor1-870x570.jpg",870,570,true],"ultp_layout_portrait":["https:\/\/elfederalmendoza.com.ar\/wp-content\/uploads\/2023\/03\/ascensor1-600x900.jpg",600,900,true],"ultp_layout_square":["https:\/\/elfederalmendoza.com.ar\/wp-content\/uploads\/2023\/03\/ascensor1-600x600.jpg",600,600,true],"rpwe-thumbnail":["https:\/\/elfederalmendoza.com.ar\/wp-content\/uploads\/2023\/03\/ascensor1-45x45.jpg",45,45,true],"advps-thumb-one":["https:\/\/elfederalmendoza.com.ar\/wp-content\/uploads\/2023\/03\/ascensor1-1200x420.jpg",1200,420,true]},"rttpg_author":{"display_name":"Redacci\u00f3n El Federal","author_link":"https:\/\/elfederalmendoza.com.ar\/index.php\/author\/angelflores\/"},"rttpg_comment":0,"rttpg_category":"<a href=\"https:\/\/elfederalmendoza.com.ar\/index.php\/category\/mza\/\" rel=\"category tag\">Mendoza<\/a>","rttpg_excerpt":"Pudo ser una\u00a0tragedia. En la madrugada de este viernes, un ascensor se cay\u00f3 de un quinto piso al segundo subsuelo, en el edificio\u00a0\u00abResidencia Recova\u00bb\u00a0ubicado en calle Santiago del Estero y O&#8217;Higgins, del departamento de\u00a0Godoy Cruz.\u00a0 El hecho ocurri\u00f3 cerca de las 2:30 y al lugar se desplazaron personal policial, Bomberos Voluntarios, Bomberos del Cuartel Central&hellip;","_links":{"self":[{"href":"https:\/\/elfederalmendoza.com.ar\/index.php\/wp-json\/wp\/v2\/posts\/21093","targetHints":{"allow":["GET"]}}],"collection":[{"href":"https:\/\/elfederalmendoza.com.ar\/index.php\/wp-json\/wp\/v2\/posts"}],"about":[{"href":"https:\/\/elfederalmendoza.com.ar\/index.php\/wp-json\/wp\/v2\/types\/post"}],"author":[{"embeddable":true,"href":"https:\/\/elfederalmendoza.com.ar\/index.php\/wp-json\/wp\/v2\/users\/2"}],"replies":[{"embeddable":true,"href":"https:\/\/elfederalmendoza.com.ar\/index.php\/wp-json\/wp\/v2\/comments?post=21093"}],"version-history":[{"count":1,"href":"https:\/\/elfederalmendoza.com.ar\/index.php\/wp-json\/wp\/v2\/posts\/21093\/revisions"}],"predecessor-version":[{"id":21096,"href":"https:\/\/elfederalmendoza.com.ar\/index.php\/wp-json\/wp\/v2\/posts\/21093\/revisions\/21096"}],"wp:featuredmedia":[{"embeddable":true,"href":"https:\/\/elfederalmendoza.com.ar\/index.php\/wp-json\/wp\/v2\/media\/21095"}],"wp:attachment":[{"href":"https:\/\/elfederalmendoza.com.ar\/index.php\/wp-json\/wp\/v2\/media?parent=21093"}],"wp:term":[{"taxonomy":"category","embeddable":true,"href":"https:\/\/elfederalmendoza.com.ar\/index.php\/wp-json\/wp\/v2\/categories?post=21093"},{"taxonomy":"post_tag","embeddable":true,"href":"https:\/\/elfederalmendoza.com.ar\/index.php\/wp-json\/wp\/v2\/tags?post=21093"}],"curies":[{"name":"wp","href":"https:\/\/api.w.org\/{rel}","templated":true}]}}