{"id":21097,"date":"2023-03-10T11:54:23","date_gmt":"2023-03-10T14:54:23","guid":{"rendered":"https:\/\/elfederalmendoza.com\/?p=21097"},"modified":"2023-03-10T11:54:24","modified_gmt":"2023-03-10T14:54:24","slug":"balacera-narco-atacaron-a-balazos-una-casa-de-godoy-cruz-y-un-joven-resulto-con-un-tiro-en-el-cuello","status":"publish","type":"post","link":"https:\/\/elfederalmendoza.com.ar\/index.php\/2023\/03\/10\/balacera-narco-atacaron-a-balazos-una-casa-de-godoy-cruz-y-un-joven-resulto-con-un-tiro-en-el-cuello\/","title":{"rendered":"\u00bfBalacera narco?, atacaron a balazos una casa de Godoy Cruz y un joven result\u00f3 con un tiro en el cuello"},"content":{"rendered":"\n<p><strong>Un joven tuvo que quedar hospitalizado este viernes luego de ser atacado a tiros mientras se encontraba en su casa en el departamento de\u00a0Godoy Cruz.<\/strong>\u00a0Estaba junto con su madre cuando unos sujetos pasaron en un auto y dispararon varias veces contra el domicilio.<strong>\u00a0Uno de los proyectiles dio en el cuello de la v\u00edctima, quien fue trasladada por una amigo al hospital. Estar\u00eda fuera de peligro.<\/strong><\/p>\n\n\n\n<p>La novedad se conoci\u00f3 este viernes pasadas las 2 cuando una mujer llam\u00f3 al 911 para denunciar que unos sujetos hab\u00edan baleado su domicilio y que su hijo hab\u00eda resultado herido.<strong>\u00a0Los polic\u00edas fueron desplazados hasta la casa, la cual est\u00e1 ubicada en la calle\u00a0Presidente Roberto Ortiz\u00a0y realizaron las actuaciones.<\/strong><\/p>\n\n\n\n<p>El herido, identificado como&nbsp;<strong>Rub\u00e9n Jos\u00e9 Montux, de 25 a\u00f1os<\/strong>, fue traslado por un amigo y en una moto hasta el Hospital del Carmen, donde lo asistieron en primera instancia.<strong>&nbsp;Le diagnosticaron herida de arma de fuego en el cuello, con orificio de entrada sin salida. Adem\u00e1s le extrajeron una astilla de madera que tambi\u00e9n ten\u00eda en esa misma zona.<\/strong><\/p>\n\n\n\n<p>Luego lo trasladaron al Hospital Central, donde qued\u00f3 internado en sala com\u00fan luego de<strong>&nbsp;realizarle una tomograf\u00eda para ver el da\u00f1o que ten\u00eda.<\/strong><\/p>\n\n\n\n<p>Tras tomar unos testimonios, los polic\u00edas de Investigaciones supieron que&nbsp;<strong>los autores habr\u00edan estado en un auto VW Voyage o Trend<\/strong>. Ahora esperaban por la declaraci\u00f3n de la v\u00edctima y de la madre para saber cu\u00e1l ser\u00eda el m\u00f3vil del ataque o para individualizar a los autores<\/p>\n","protected":false},"excerpt":{"rendered":"<p>Un joven tuvo que quedar hospitalizado este viernes luego de ser atacado a tiros mientras se encontraba en su casa en el departamento de\u00a0Godoy Cruz.\u00a0Estaba junto con su madre cuando unos sujetos pasaron en un auto y dispararon varias veces contra el domicilio.\u00a0Uno de los proyectiles dio en el cuello de la v\u00edctima, quien fue<a class=\"read-more\" href=\"https:\/\/elfederalmendoza.com.ar\/index.php\/2023\/03\/10\/balacera-narco-atacaron-a-balazos-una-casa-de-godoy-cruz-y-un-joven-resulto-con-un-tiro-en-el-cuello\/\"> [&hellip;]<\/a><\/p>\n","protected":false},"author":2,"featured_media":21098,"comment_status":"open","ping_status":"open","sticky":false,"template":"","format":"standard","meta":{"footnotes":""},"categories":[1],"tags":[],"class_list":["post-21097","post","type-post","status-publish","format-standard","has-post-thumbnail","hentry","category-mza"],"rttpg_featured_image_url":{"full":["https:\/\/elfederalmendoza.com.ar\/wp-content\/uploads\/2023\/03\/balacera.jpg",1057,636,false],"landscape":["https:\/\/elfederalmendoza.com.ar\/wp-content\/uploads\/2023\/03\/balacera.jpg",1057,636,false],"portraits":["https:\/\/elfederalmendoza.com.ar\/wp-content\/uploads\/2023\/03\/balacera.jpg",1057,636,false],"thumbnail":["https:\/\/elfederalmendoza.com.ar\/wp-content\/uploads\/2023\/03\/balacera-150x150.jpg",150,150,true],"medium":["https:\/\/elfederalmendoza.com.ar\/wp-content\/uploads\/2023\/03\/balacera-300x181.jpg",300,181,true],"large":["https:\/\/elfederalmendoza.com.ar\/wp-content\/uploads\/2023\/03\/balacera-1024x616.jpg",640,385,true],"1536x1536":["https:\/\/elfederalmendoza.com.ar\/wp-content\/uploads\/2023\/03\/balacera.jpg",1057,636,false],"2048x2048":["https:\/\/elfederalmendoza.com.ar\/wp-content\/uploads\/2023\/03\/balacera.jpg",1057,636,false],"ultp_layout_landscape_large":["https:\/\/elfederalmendoza.com.ar\/wp-content\/uploads\/2023\/03\/balacera.jpg",1057,636,false],"ultp_layout_landscape":["https:\/\/elfederalmendoza.com.ar\/wp-content\/uploads\/2023\/03\/balacera-870x570.jpg",870,570,true],"ultp_layout_portrait":["https:\/\/elfederalmendoza.com.ar\/wp-content\/uploads\/2023\/03\/balacera-600x636.jpg",600,636,true],"ultp_layout_square":["https:\/\/elfederalmendoza.com.ar\/wp-content\/uploads\/2023\/03\/balacera-600x600.jpg",600,600,true],"rpwe-thumbnail":["https:\/\/elfederalmendoza.com.ar\/wp-content\/uploads\/2023\/03\/balacera-45x45.jpg",45,45,true],"advps-thumb-one":["https:\/\/elfederalmendoza.com.ar\/wp-content\/uploads\/2023\/03\/balacera-1057x420.jpg",1057,420,true]},"rttpg_author":{"display_name":"Redacci\u00f3n El Federal","author_link":"https:\/\/elfederalmendoza.com.ar\/index.php\/author\/angelflores\/"},"rttpg_comment":0,"rttpg_category":"<a href=\"https:\/\/elfederalmendoza.com.ar\/index.php\/category\/mza\/\" rel=\"category tag\">Mendoza<\/a>","rttpg_excerpt":"Un joven tuvo que quedar hospitalizado este viernes luego de ser atacado a tiros mientras se encontraba en su casa en el departamento de\u00a0Godoy Cruz.\u00a0Estaba junto con su madre cuando unos sujetos pasaron en un auto y dispararon varias veces contra el domicilio.\u00a0Uno de los proyectiles dio en el cuello de la v\u00edctima, quien fue&hellip;","_links":{"self":[{"href":"https:\/\/elfederalmendoza.com.ar\/index.php\/wp-json\/wp\/v2\/posts\/21097","targetHints":{"allow":["GET"]}}],"collection":[{"href":"https:\/\/elfederalmendoza.com.ar\/index.php\/wp-json\/wp\/v2\/posts"}],"about":[{"href":"https:\/\/elfederalmendoza.com.ar\/index.php\/wp-json\/wp\/v2\/types\/post"}],"author":[{"embeddable":true,"href":"https:\/\/elfederalmendoza.com.ar\/index.php\/wp-json\/wp\/v2\/users\/2"}],"replies":[{"embeddable":true,"href":"https:\/\/elfederalmendoza.com.ar\/index.php\/wp-json\/wp\/v2\/comments?post=21097"}],"version-history":[{"count":1,"href":"https:\/\/elfederalmendoza.com.ar\/index.php\/wp-json\/wp\/v2\/posts\/21097\/revisions"}],"predecessor-version":[{"id":21099,"href":"https:\/\/elfederalmendoza.com.ar\/index.php\/wp-json\/wp\/v2\/posts\/21097\/revisions\/21099"}],"wp:featuredmedia":[{"embeddable":true,"href":"https:\/\/elfederalmendoza.com.ar\/index.php\/wp-json\/wp\/v2\/media\/21098"}],"wp:attachment":[{"href":"https:\/\/elfederalmendoza.com.ar\/index.php\/wp-json\/wp\/v2\/media?parent=21097"}],"wp:term":[{"taxonomy":"category","embeddable":true,"href":"https:\/\/elfederalmendoza.com.ar\/index.php\/wp-json\/wp\/v2\/categories?post=21097"},{"taxonomy":"post_tag","embeddable":true,"href":"https:\/\/elfederalmendoza.com.ar\/index.php\/wp-json\/wp\/v2\/tags?post=21097"}],"curies":[{"name":"wp","href":"https:\/\/api.w.org\/{rel}","templated":true}]}}