{"id":21100,"date":"2023-03-10T02:35:00","date_gmt":"2023-03-10T05:35:00","guid":{"rendered":"https:\/\/elfederalmendoza.com\/?p=21100"},"modified":"2023-03-10T12:40:19","modified_gmt":"2023-03-10T15:40:19","slug":"a-tevez-le-preguntaron-por-que-no-jugo-en-madrid-y-contesto-no-lo-entiendo-si-el-hincha-de-river-siempre-me-tuvo-miedo","status":"publish","type":"post","link":"https:\/\/elfederalmendoza.com.ar\/index.php\/2023\/03\/10\/a-tevez-le-preguntaron-por-que-no-jugo-en-madrid-y-contesto-no-lo-entiendo-si-el-hincha-de-river-siempre-me-tuvo-miedo\/","title":{"rendered":"A T\u00e9vez le preguntaron por qu\u00e9 no fue titular en Madrid y contest\u00f3: \u00abNo lo entiendo, si el hincha de River siempre me tuvo miedo\u00bb"},"content":{"rendered":"\n<p><strong>Carlos Tevez<\/strong>&nbsp;hizo un repaso de su brillante carrera como futbolista y la incipiente como entrenador. El Apache brind\u00f3 una entrevista a F10 por&nbsp;<em>ESPN&nbsp;<\/em>y mientras destac\u00f3 el cambio de mentalidad de&nbsp;<strong>Lionel Messi<\/strong>&nbsp;y el liderazgo que mostr\u00f3 en el&nbsp;<strong>Mundial<\/strong>, tambi\u00e9n reconoci\u00f3 que lo sorprendieron los j\u00f3venes que comand\u00f3&nbsp;<strong>Lionel Scaloni<\/strong>&nbsp;en&nbsp;<strong>Qatar<\/strong>.<\/p>\n\n\n\n<p><strong>\u201cMessi se hizo l\u00edder a los golpes.<\/strong>&nbsp;Hoy vemos al Messi que no encanta a todos,&nbsp;<strong>se rebel\u00f3<\/strong>&nbsp;y gan\u00f3 mucho en eso.&nbsp;<strong>Hoy sabe que \u00e9l es Messi<\/strong>. De chico ya le ped\u00edamos que sea l\u00edder y no le sal\u00eda, porque arracaba reci\u00e9n su carrera y es dif\u00edcil cuando te piden eso a los 19 a\u00f1os\u201d, reconoci\u00f3. Sobre el \u00faltimo Mundial que gan\u00f3 la Selecci\u00f3n, agreg\u00f3: \u201cLo que lograron estos pibes con 22 \u00f3 23 a\u00f1os no lo puedo creer. Cuando jug\u00e1s un Mundial ten\u00e9s mucho peso y ve\u00eda la naturalidad de estos chicos que no eran titulares y rend\u00edan (Enzo Fern\u00e1ndez, Alexis Mac Allister, Juli\u00e1n \u00c1lvarez). Si por un segundo te pon\u00e9s a pensar, te agarra cagazo. Estos sacaron el f\u00fatbol para otro lado. No pod\u00eda creer ver a Messi levantando la Copa. No le mand\u00e9 un mensaje porque me gusta estar en las malas, no en las buenas\u201d.<\/p>\n\n\n\n<p>Su sue\u00f1o de ser&nbsp;<strong>entrenador&nbsp;<\/strong>de las juveniles de la selecci\u00f3n argentina y el recuerdo de su paso en las Copas del Mundo 2006 y 2010, con Diego Maradona. \u201cLa Selecci\u00f3n para uno que jug\u00f3&nbsp;<strong>siempre es un sue\u00f1o, sea la Sub 20 o Sub 17<\/strong>, todo. Si me dicen les digo dejame preparar algo para presentarte. Yo trabajo de esta manera y si es compatible, puedo llegar. Tengo una manera de ense\u00f1ar y si ese modelo le sirve a la Sub 20 o a la cabeza que es Scaloni y de ah\u00ed para abajo estamos todos alineados, obvio que a cualquiera le seduce\u201d.<\/p>\n\n\n\n<p><strong>\u201cEn 2006 era el Mundial para ser campe\u00f3n.&nbsp;<\/strong>Ten\u00edamos equipo para serlo. En 2014 estaba afuera del proceso por un capricho de Grondona. Ese a\u00f1o estaba mejor que en 2010, donde hubo presi\u00f3n al entrenador. En Sud\u00e1frica internamente sent\u00edamos que si nos agarraba un equipo bien parado nos pod\u00eda lastimar\u201d.<\/p>\n\n\n\n<p>Adem\u00e1s, revel\u00f3 el detr\u00e1s de escena de&nbsp;<strong>la \u201ctraici\u00f3n\u201d a Alex Ferguson<\/strong>&nbsp;por pasar del Manchester United al Manchester City. \u201cComo t\u00e9cnico es un fen\u00f3meno, pero tuve una situaci\u00f3n con \u00e9l. En el primer a\u00f1o salimos campe\u00f3n de la Champions y de la Premier League. Nos fuimos a la pretemporada y me dijo que iba a traer a Berbatov para que me compita. Empez\u00f3 el campeonato y me pon\u00eda de suplente. Mi cotizaci\u00f3n empez\u00f3 a bajar aunque yo cada vez que jugaba met\u00eda goles.&nbsp;<strong>Antes de la final de Champions arregl\u00e9 que nos \u00edbamos con toda la familia a Abu Dhabi a firmar con el City<\/strong>. Termina el partido y me dijo otra vez para que firmara y&nbsp;<strong>le dije<\/strong>&nbsp;que no,&nbsp;<strong>que me iba a la vereda de enfrente<\/strong>. Fue una traici\u00f3n para \u00e9l, pero me hizo sufrir un a\u00f1o. Me doli\u00f3 mucho porque yo amaba el United. Me encantaba jugar en Old Trafford porque para m\u00ed era como La Bombonera. Vino el jeque, me present\u00f3 el modelo del City y le ganamos el campeonato al United con el gol del Kun Ag\u00fcero\u201d.<\/p>\n\n\n\n<p>Respecto a Boca Juniors,&nbsp;<strong>reconoci\u00f3 que no le perdonar\u00e1 que Guillermo&nbsp;<\/strong>Barros Schelotto no lo eligiera como titular en la final de la<strong>&nbsp;Copa Libertadores<\/strong>&nbsp;<strong>en Madrid<\/strong>, sobre todo por&nbsp;<strong>\u201cel miedo\u201d que sent\u00eda River&nbsp;<\/strong>Plate cuando lo enfrentaba<strong>.<\/strong>&nbsp;Tambi\u00e9n afirm\u00f3 que&nbsp;<strong>Gustavo Alfaro quer\u00eda que a \u00e9l le fuera mal<\/strong>, por eso no lo pon\u00eda.&nbsp;<strong>\u201cTen\u00eda el \u00e1nimo por el piso\u201d.<\/strong><\/p>\n\n\n\n<p>\u201cEn mi carrera nada super\u00f3 esa noche ante Gimnasia. He ganado todo. C\u00f3mo ven\u00eda yo, de China, el hincha me miraba de costado. Antes,&nbsp;<strong>el t\u00e9cnico de Boca (Alfaro) no me daba la confianza, quer\u00eda que me vaya mal.<\/strong>&nbsp;Yo iba luchando contra mi confianza y me preguntaba, \u2018\u00bfche, me puedo mejorar en esta?\u2019 Tocaba la pelota y se sent\u00eda murmullo en la cancha, ya era discutido. En cambio Russo me dio la confianza y empec\u00e9 a hacer los goles. Ganar ese campeonato de esa forma, con mi viejo, con Diego&#8230; y eso que en el segundo tiempo se empez\u00f3 a sentir el murmullo de la gente. Ya no le lleg\u00e1bamos a Gimnasia. Ese es el final de la pel\u00edcula de mi carrera\u201d.<\/p>\n\n\n\n<p><strong>Sobre Guillermo<\/strong>&nbsp;Barros Schelotto, apunt\u00f3<strong>: \u201cNo entiendo por qu\u00e9 no me puso en la final<\/strong>&nbsp;de la Libertadores con River.&nbsp;<strong>Cre\u00ed que iba a jugar<\/strong>&nbsp;en la revancha. Nunca lo habl\u00e9 con Guillermo. En el primer partido le di esa al Pipa que no lleg\u00f3 a convertir porque le tap\u00f3 Armani. Ven\u00eda haciendo goles, no estaba en un buen momento, pero&nbsp;<strong>si tengo a Tevez en el banco en una final con River, lo pongo. Tengo un prontuario con River. Si vos le pregunt\u00e1s al hincha de River, siempre me tuvo miedo<\/strong>. A esta altura no me cicatriza porque al hincha de Boca le quedar\u00e1 siempre, as\u00ed como al hincha de River que gan\u00f3 la Libertadores. Si tengo un 9 que s\u00e9 que me puede meter goles, lo pongo. \u00bfSi Guilllermo no sab\u00eda eso? No s\u00e9, le tienen que preguntar a \u00e9l. Lo mismo en la final en Chile por la Copa Am\u00e9rica. Ten\u00eda una ganas de entrar, que me pongan que lo gano yo. Lo sent\u00eda y lo sigo sintiendo. Despu\u00e9s entro y quiz\u00e1 erro un gol al lado del arco. Se ve\u00eda que nosotros \u00edbamos de contragolpe y se pod\u00eda\u201d.<\/p>\n\n\n\n<p><strong>Otras frases destacadas de Carlos Tevez:<\/strong><\/p>\n\n\n\n<p>Su opini\u00f3n de Lionel Scaloni y el jugador que m\u00e1s lo sorprendi\u00f3: \u201cCon 26 jugadores, Scaloni cambi\u00f3 de sistema y ellos se adaptaron. Si ten\u00eda que meter l\u00ednea de tres, lo hac\u00eda. Lo mismo con una de cuatro o de cinco. Lo disfrut\u00e9 mucho desde afuera porque con el sistema que quiso lo logr\u00f3. El mejor jugador argentino del Mundial para m\u00ed fue \u00c1lvarez, porque apareci\u00f3 de una manera que se llevaba el equipo por delante. El Cuti Romero y toda la defensa tambi\u00e9n. El arquero (Dibu Mart\u00ednez) me encanta porque es la personalidad que debe tener el arquero de la Selecci\u00f3n. Si no es agrandado para atajar un penal, nos vamos todos. Alexis Mac Allister me demostr\u00f3 en la primera pr\u00e1ctica con Boca que tiene un car\u00e1cter diferente. Recuerdo que yo era el responsable de la pelota parada y en el primer tiro libre agarr\u00f3 la pelota y lo pate\u00f3 \u00e9l\u201d.<\/p>\n\n\n\n<p>Su ex compa\u00f1ero en el Mancheter United, Paul Scholes. \u201cPara m\u00ed era uno de los mejores. No era mucho de hablar y en los entrenamientos por ah\u00ed te met\u00eda la plancha y despu\u00e9s te abrazaba. Un se\u00f1or ingl\u00e9s de pocas palabras, pero en los entrenamientos te cagaba a patadas. Ten\u00eda una pegada que con 40\/50 metros te la pon\u00eda en el pie\u201d.<\/p>\n\n\n\n<p>Su pelea con Mancini: \u201cAntes de ese campeonato con el City me pele\u00e9 con Mancini y me vine a la Argentina a jugar al golf. Estaba gordo. Me llam\u00f3 una noche Roberto (Mancini) y me dijo \u2018ya est\u00e1, Carlos, volv\u00e9, empez\u00e1s a entrenar y cuando est\u00e9s bien jug\u00e1s con nosotros\u2019. \u00c9l en ese momento dijo que yo no quer\u00eda jugar en el City y no fue as\u00ed. Llegamos a la \u00faltima fecha en la que se ven\u00eda cayendo el United. \u00cdbamos ganando con el gol de Pablo Zabaleta y a nosotros el empate no nos serv\u00eda. El gol del Kun fue uno de los que m\u00e1s grit\u00e9. Fue una pel\u00edcula porque nadie entend\u00eda nada\u201d.<\/p>\n\n\n\n<p>Su mejor partido: \u201cLa final de la Copa Libertadores con Bianchi en 2003. No sent\u00eda presi\u00f3n por jugar. Carlos me dec\u00eda, \u2018jug\u00e1\u2019\u201d.<\/p>\n\n\n\n<p>El homenaje a Diego, con su camiseta de campe\u00f3n del 81: \u201cCuando la coloqu\u00e9 en la percha del vestuario todos la empezaron a besar. Y cuando me la puse, fuaa, sent\u00ed que era lo m\u00e1s\u201d.<\/p>\n\n\n\n<p>Su debut como entrenador de Rosario Central: \u201cYo decid\u00ed ser entrenador para ver en qu\u00e9 puedo ayudar al f\u00fatbol. Como dirigente o m\u00e1nager no me gustaba, por eso eleg\u00ed ser t\u00e9cnico para estar y ayudar al jugador. Esa vor\u00e1gine de querer ganar siempre, a m\u00ed no se me nota porque me enfoco en el jugador. Busco que siga progresando y pueda irse a Europa, y crecer. Despu\u00e9s de Central estoy en calma, ver los procesos, analizar qu\u00e9 hicimos bien o mal como grupo. Poner una pausa y con la cabeza fr\u00eda armar un proyecto nuevo. Casi seguro que sumo a un ayudante, es conocido pero no lo puedo dar porque est\u00e1 trabajando. Me gustar\u00eda seguir en Argentina. Los primeros pasos hacerlos ac\u00e1, aunque uno como entrenador aspirar\u00e1 a irse a Europa.<\/p>\n\n\n\n<p>El parecido de Far\u00edas con \u00e9l y su debilidad Infantino: \u201c\u00bfUn Carlitos Tevez de hoy? S\u00ed, Far\u00edas. Tambi\u00e9n por d\u00f3nde viene, me hace mucho acordar a m\u00ed. Es un chico que hay que ayudarlo much\u00edsimo, tiene unas condiciones b\u00e1rbaras para ser un grande. No est\u00e1 bien, no ven\u00eda jugando y justo se lesiona. Yo tengo debilidad por Infantino (juvenil surgido de Rosario Central). En los entrenamientos me generaba asombro y dec\u00eda \u2018faaa lo que juega este pibe\u2019. No logr\u00e9 que explotara\u201d.<\/p>\n\n\n\n<p>El once ideal de Tevez de todos los equipos de su carrera: Gianluigi Buffon; Hugo Ibarra, Rolando Schiavi, Rio Ferdinand, Patrice Evra; Paul Scholes, Paul Pogba, Arturo Vidal; Cristiano Ronaldo, Lionel Messi y Wayne Rooney. DT: \u201cYo obvio\u201d.<\/p>\n\n\n\n<p><\/p>\n","protected":false},"excerpt":{"rendered":"<p>Carlos Tevez&nbsp;hizo un repaso de su brillante carrera como futbolista y la incipiente como entrenador. El Apache brind\u00f3 una entrevista a F10 por&nbsp;ESPN&nbsp;y mientras destac\u00f3 el cambio de mentalidad de&nbsp;Lionel Messi&nbsp;y el liderazgo que mostr\u00f3 en el&nbsp;Mundial, tambi\u00e9n reconoci\u00f3 que lo sorprendieron los j\u00f3venes que comand\u00f3&nbsp;Lionel Scaloni&nbsp;en&nbsp;Qatar. \u201cMessi se hizo l\u00edder a los golpes.&nbsp;Hoy vemos<a class=\"read-more\" href=\"https:\/\/elfederalmendoza.com.ar\/index.php\/2023\/03\/10\/a-tevez-le-preguntaron-por-que-no-jugo-en-madrid-y-contesto-no-lo-entiendo-si-el-hincha-de-river-siempre-me-tuvo-miedo\/\"> [&hellip;]<\/a><\/p>\n","protected":false},"author":2,"featured_media":21101,"comment_status":"open","ping_status":"open","sticky":false,"template":"","format":"standard","meta":{"footnotes":""},"categories":[5620],"tags":[],"class_list":["post-21100","post","type-post","status-publish","format-standard","has-post-thumbnail","hentry","category-deportes"],"rttpg_featured_image_url":{"full":["https:\/\/elfederalmendoza.com.ar\/wp-content\/uploads\/2023\/03\/tevez-boca-portadajpg.webp",1200,675,false],"landscape":["https:\/\/elfederalmendoza.com.ar\/wp-content\/uploads\/2023\/03\/tevez-boca-portadajpg.webp",1200,675,false],"portraits":["https:\/\/elfederalmendoza.com.ar\/wp-content\/uploads\/2023\/03\/tevez-boca-portadajpg.webp",1200,675,false],"thumbnail":["https:\/\/elfederalmendoza.com.ar\/wp-content\/uploads\/2023\/03\/tevez-boca-portadajpg-150x150.webp",150,150,true],"medium":["https:\/\/elfederalmendoza.com.ar\/wp-content\/uploads\/2023\/03\/tevez-boca-portadajpg-300x169.webp",300,169,true],"large":["https:\/\/elfederalmendoza.com.ar\/wp-content\/uploads\/2023\/03\/tevez-boca-portadajpg-1024x576.webp",640,360,true],"1536x1536":["https:\/\/elfederalmendoza.com.ar\/wp-content\/uploads\/2023\/03\/tevez-boca-portadajpg.webp",1200,675,false],"2048x2048":["https:\/\/elfederalmendoza.com.ar\/wp-content\/uploads\/2023\/03\/tevez-boca-portadajpg.webp",1200,675,false],"ultp_layout_landscape_large":["https:\/\/elfederalmendoza.com.ar\/wp-content\/uploads\/2023\/03\/tevez-boca-portadajpg.webp",1200,675,false],"ultp_layout_landscape":["https:\/\/elfederalmendoza.com.ar\/wp-content\/uploads\/2023\/03\/tevez-boca-portadajpg-870x570.webp",870,570,true],"ultp_layout_portrait":["https:\/\/elfederalmendoza.com.ar\/wp-content\/uploads\/2023\/03\/tevez-boca-portadajpg-600x675.webp",600,675,true],"ultp_layout_square":["https:\/\/elfederalmendoza.com.ar\/wp-content\/uploads\/2023\/03\/tevez-boca-portadajpg-600x600.webp",600,600,true],"rpwe-thumbnail":["https:\/\/elfederalmendoza.com.ar\/wp-content\/uploads\/2023\/03\/tevez-boca-portadajpg-45x45.webp",45,45,true],"advps-thumb-one":["https:\/\/elfederalmendoza.com.ar\/wp-content\/uploads\/2023\/03\/tevez-boca-portadajpg-1200x420.webp",1200,420,true]},"rttpg_author":{"display_name":"Redacci\u00f3n El Federal","author_link":"https:\/\/elfederalmendoza.com.ar\/index.php\/author\/angelflores\/"},"rttpg_comment":0,"rttpg_category":"<a href=\"https:\/\/elfederalmendoza.com.ar\/index.php\/category\/deportes\/\" rel=\"category tag\">Deportes<\/a>","rttpg_excerpt":"Carlos Tevez&nbsp;hizo un repaso de su brillante carrera como futbolista y la incipiente como entrenador. El Apache brind\u00f3 una entrevista a F10 por&nbsp;ESPN&nbsp;y mientras destac\u00f3 el cambio de mentalidad de&nbsp;Lionel Messi&nbsp;y el liderazgo que mostr\u00f3 en el&nbsp;Mundial, tambi\u00e9n reconoci\u00f3 que lo sorprendieron los j\u00f3venes que comand\u00f3&nbsp;Lionel Scaloni&nbsp;en&nbsp;Qatar. \u201cMessi se hizo l\u00edder a los golpes.&nbsp;Hoy vemos&hellip;","_links":{"self":[{"href":"https:\/\/elfederalmendoza.com.ar\/index.php\/wp-json\/wp\/v2\/posts\/21100","targetHints":{"allow":["GET"]}}],"collection":[{"href":"https:\/\/elfederalmendoza.com.ar\/index.php\/wp-json\/wp\/v2\/posts"}],"about":[{"href":"https:\/\/elfederalmendoza.com.ar\/index.php\/wp-json\/wp\/v2\/types\/post"}],"author":[{"embeddable":true,"href":"https:\/\/elfederalmendoza.com.ar\/index.php\/wp-json\/wp\/v2\/users\/2"}],"replies":[{"embeddable":true,"href":"https:\/\/elfederalmendoza.com.ar\/index.php\/wp-json\/wp\/v2\/comments?post=21100"}],"version-history":[{"count":2,"href":"https:\/\/elfederalmendoza.com.ar\/index.php\/wp-json\/wp\/v2\/posts\/21100\/revisions"}],"predecessor-version":[{"id":21103,"href":"https:\/\/elfederalmendoza.com.ar\/index.php\/wp-json\/wp\/v2\/posts\/21100\/revisions\/21103"}],"wp:featuredmedia":[{"embeddable":true,"href":"https:\/\/elfederalmendoza.com.ar\/index.php\/wp-json\/wp\/v2\/media\/21101"}],"wp:attachment":[{"href":"https:\/\/elfederalmendoza.com.ar\/index.php\/wp-json\/wp\/v2\/media?parent=21100"}],"wp:term":[{"taxonomy":"category","embeddable":true,"href":"https:\/\/elfederalmendoza.com.ar\/index.php\/wp-json\/wp\/v2\/categories?post=21100"},{"taxonomy":"post_tag","embeddable":true,"href":"https:\/\/elfederalmendoza.com.ar\/index.php\/wp-json\/wp\/v2\/tags?post=21100"}],"curies":[{"name":"wp","href":"https:\/\/api.w.org\/{rel}","templated":true}]}}