{"id":21104,"date":"2023-03-10T17:56:50","date_gmt":"2023-03-10T20:56:50","guid":{"rendered":"https:\/\/elfederalmendoza.com\/?p=21104"},"modified":"2023-03-10T17:56:53","modified_gmt":"2023-03-10T20:56:53","slug":"cambia-mendoza-confirma-la-continuidad-del-pro-pero-de-marchi-no-se-baja","status":"publish","type":"post","link":"https:\/\/elfederalmendoza.com.ar\/index.php\/2023\/03\/10\/cambia-mendoza-confirma-la-continuidad-del-pro-pero-de-marchi-no-se-baja\/","title":{"rendered":"Cambia Mendoza confirma la continuidad del PRO pero De Marchi no se baja"},"content":{"rendered":"\n<p>La interna en&nbsp;<strong>Cambia Mendoza<\/strong>&nbsp;se encuentra en un punto de ebullici\u00f3n y este viernes sum\u00f3 un cap\u00edtulo. Esta ma\u00f1ana&nbsp;el jefe de Gobierno de la Ciudad de Buenos Aires,&nbsp;<strong>Horacio Rodr\u00edguez Larreta<\/strong>, respald\u00f3 la continuidad del PRO en el frente oficialista provincial y condicion\u00f3 las aspiraciones de&nbsp;<strong>Omar De Marchi<\/strong>, quien ven\u00eda advirtiendo sobre la posibilidad de que el partido abandone la alianza para competir por la Gobernaci\u00f3n. No obstante, en el entorno del diputado nacional advierten que la novedad se trata de una operaci\u00f3n del cornejismo y desmienten que haya existido un pedido del mandatario porte\u00f1o.<\/p>\n\n\n\n<p>Durante su visita a la provincia la semana pasada, Rodr\u00edguez Larreta hab\u00eda hecho un llamado a la unidad entre el PRO y la UCR, si bien resalt\u00f3 que la interna local deb\u00eda resolverse entre la dirigencia mendocina. No obstante, durante una reuni\u00f3n con el gobernador Rodolfo Suarez y el senador nacional Alfredo Cornejo en las que se comprometi\u00f3 a resolver la disputa interna con De Marchi esta semana.<\/p>\n\n\n\n<p>\u00abHoracio siempre dijo que quiere sostener la unidad en todo el pa\u00eds y as\u00ed se lo transmiti\u00f3 a Omar\u00bb, explicaron este viernes desde el equipo del jefe de Gobierno, asegurando la permanencia del PRO adentro de Cambia Mendoza. Esta decisi\u00f3n le cierra la puerta al diputado nacional para presentarse como precandidato a gobernador&nbsp;con el sello partidario por afuera de la coalici\u00f3n.<\/p>\n\n\n\n<p>Desde el entorno de De Marchi negaron que haya existido una bajada de l\u00ednea de Rodr\u00edguez Larreta y aseguraron que se trata de una operaci\u00f3n. \u201cEs pescado podrido total. \u00bfCu\u00e1ntas operaciones van? Evidentemente est\u00e1n preocupados, si no no se explica tanta operaci\u00f3n\u201d, sentenciaron.<\/p>\n\n\n\n<p>Cuestionaron que desde el cornejismo vienen insistiendo desde hace semanas con distintas fechas de ultim\u00e1tum para sumar presi\u00f3n sobre el diputado nacional. Reiteraron que la definici\u00f3n respecto de la continuidad del PRO en Cambia Mendoza se resolver\u00e1 el 12 de abril, fecha l\u00edmite para la inscripci\u00f3n de los frentes electorales que competir\u00e1n en las PASO provinciales del 11 de junio.<\/p>\n\n\n\n<p>Las tensiones entre De Marchi y el radicalismo provincial se han ido intensificando en los \u00faltimos meses. El lujanino viene amenazando desde hace tiempo con la posibilidad de competir por la Gobernaci\u00f3n por afuera de Cambia Mendoza, mientras que las figuras de la UCR presionan para que d\u00e9 la pelea en unas PASO contra Cornejo.<\/p>\n\n\n\n<p>La situaci\u00f3n lleg\u00f3 a tomar repercusi\u00f3n nacional y hubo un intento de la presidenta del PRO, Patricia Bullrich, de encolumnar al lujanino en la coalici\u00f3n oficialista local. De todas maneras, el conflicto sigui\u00f3 abierto y el partido amarillo acord\u00f3 una continuidad temporaria en el frente para las elecciones desdobladas en siete departamentos. Pero el escenario provincial contin\u00faa abierto.<\/p>\n\n\n\n<p><em>Fuente: MDZ<\/em><\/p>\n","protected":false},"excerpt":{"rendered":"<p>La interna en&nbsp;Cambia Mendoza&nbsp;se encuentra en un punto de ebullici\u00f3n y este viernes sum\u00f3 un cap\u00edtulo. Esta ma\u00f1ana&nbsp;el jefe de Gobierno de la Ciudad de Buenos Aires,&nbsp;Horacio Rodr\u00edguez Larreta, respald\u00f3 la continuidad del PRO en el frente oficialista provincial y condicion\u00f3 las aspiraciones de&nbsp;Omar De Marchi, quien ven\u00eda advirtiendo sobre la posibilidad de que el<a class=\"read-more\" href=\"https:\/\/elfederalmendoza.com.ar\/index.php\/2023\/03\/10\/cambia-mendoza-confirma-la-continuidad-del-pro-pero-de-marchi-no-se-baja\/\"> [&hellip;]<\/a><\/p>\n","protected":false},"author":2,"featured_media":21105,"comment_status":"open","ping_status":"open","sticky":false,"template":"","format":"standard","meta":{"footnotes":""},"categories":[1],"tags":[],"class_list":["post-21104","post","type-post","status-publish","format-standard","has-post-thumbnail","hentry","category-mza"],"rttpg_featured_image_url":{"full":["https:\/\/elfederalmendoza.com.ar\/wp-content\/uploads\/2023\/03\/64010b9ad52c3_905_510.jpg",905,510,false],"landscape":["https:\/\/elfederalmendoza.com.ar\/wp-content\/uploads\/2023\/03\/64010b9ad52c3_905_510.jpg",905,510,false],"portraits":["https:\/\/elfederalmendoza.com.ar\/wp-content\/uploads\/2023\/03\/64010b9ad52c3_905_510.jpg",905,510,false],"thumbnail":["https:\/\/elfederalmendoza.com.ar\/wp-content\/uploads\/2023\/03\/64010b9ad52c3_905_510-150x150.jpg",150,150,true],"medium":["https:\/\/elfederalmendoza.com.ar\/wp-content\/uploads\/2023\/03\/64010b9ad52c3_905_510-300x169.jpg",300,169,true],"large":["https:\/\/elfederalmendoza.com.ar\/wp-content\/uploads\/2023\/03\/64010b9ad52c3_905_510.jpg",640,361,false],"1536x1536":["https:\/\/elfederalmendoza.com.ar\/wp-content\/uploads\/2023\/03\/64010b9ad52c3_905_510.jpg",905,510,false],"2048x2048":["https:\/\/elfederalmendoza.com.ar\/wp-content\/uploads\/2023\/03\/64010b9ad52c3_905_510.jpg",905,510,false],"ultp_layout_landscape_large":["https:\/\/elfederalmendoza.com.ar\/wp-content\/uploads\/2023\/03\/64010b9ad52c3_905_510.jpg",905,510,false],"ultp_layout_landscape":["https:\/\/elfederalmendoza.com.ar\/wp-content\/uploads\/2023\/03\/64010b9ad52c3_905_510-870x510.jpg",870,510,true],"ultp_layout_portrait":["https:\/\/elfederalmendoza.com.ar\/wp-content\/uploads\/2023\/03\/64010b9ad52c3_905_510-600x510.jpg",600,510,true],"ultp_layout_square":["https:\/\/elfederalmendoza.com.ar\/wp-content\/uploads\/2023\/03\/64010b9ad52c3_905_510-600x510.jpg",600,510,true],"rpwe-thumbnail":["https:\/\/elfederalmendoza.com.ar\/wp-content\/uploads\/2023\/03\/64010b9ad52c3_905_510-45x45.jpg",45,45,true],"advps-thumb-one":["https:\/\/elfederalmendoza.com.ar\/wp-content\/uploads\/2023\/03\/64010b9ad52c3_905_510-905x420.jpg",905,420,true]},"rttpg_author":{"display_name":"Redacci\u00f3n El Federal","author_link":"https:\/\/elfederalmendoza.com.ar\/index.php\/author\/angelflores\/"},"rttpg_comment":0,"rttpg_category":"<a href=\"https:\/\/elfederalmendoza.com.ar\/index.php\/category\/mza\/\" rel=\"category tag\">Mendoza<\/a>","rttpg_excerpt":"La interna en&nbsp;Cambia Mendoza&nbsp;se encuentra en un punto de ebullici\u00f3n y este viernes sum\u00f3 un cap\u00edtulo. Esta ma\u00f1ana&nbsp;el jefe de Gobierno de la Ciudad de Buenos Aires,&nbsp;Horacio Rodr\u00edguez Larreta, respald\u00f3 la continuidad del PRO en el frente oficialista provincial y condicion\u00f3 las aspiraciones de&nbsp;Omar De Marchi, quien ven\u00eda advirtiendo sobre la posibilidad de que el&hellip;","_links":{"self":[{"href":"https:\/\/elfederalmendoza.com.ar\/index.php\/wp-json\/wp\/v2\/posts\/21104","targetHints":{"allow":["GET"]}}],"collection":[{"href":"https:\/\/elfederalmendoza.com.ar\/index.php\/wp-json\/wp\/v2\/posts"}],"about":[{"href":"https:\/\/elfederalmendoza.com.ar\/index.php\/wp-json\/wp\/v2\/types\/post"}],"author":[{"embeddable":true,"href":"https:\/\/elfederalmendoza.com.ar\/index.php\/wp-json\/wp\/v2\/users\/2"}],"replies":[{"embeddable":true,"href":"https:\/\/elfederalmendoza.com.ar\/index.php\/wp-json\/wp\/v2\/comments?post=21104"}],"version-history":[{"count":1,"href":"https:\/\/elfederalmendoza.com.ar\/index.php\/wp-json\/wp\/v2\/posts\/21104\/revisions"}],"predecessor-version":[{"id":21106,"href":"https:\/\/elfederalmendoza.com.ar\/index.php\/wp-json\/wp\/v2\/posts\/21104\/revisions\/21106"}],"wp:featuredmedia":[{"embeddable":true,"href":"https:\/\/elfederalmendoza.com.ar\/index.php\/wp-json\/wp\/v2\/media\/21105"}],"wp:attachment":[{"href":"https:\/\/elfederalmendoza.com.ar\/index.php\/wp-json\/wp\/v2\/media?parent=21104"}],"wp:term":[{"taxonomy":"category","embeddable":true,"href":"https:\/\/elfederalmendoza.com.ar\/index.php\/wp-json\/wp\/v2\/categories?post=21104"},{"taxonomy":"post_tag","embeddable":true,"href":"https:\/\/elfederalmendoza.com.ar\/index.php\/wp-json\/wp\/v2\/tags?post=21104"}],"curies":[{"name":"wp","href":"https:\/\/api.w.org\/{rel}","templated":true}]}}