{"id":21107,"date":"2023-03-10T17:59:03","date_gmt":"2023-03-10T20:59:03","guid":{"rendered":"https:\/\/elfederalmendoza.com\/?p=21107"},"modified":"2023-03-10T17:59:09","modified_gmt":"2023-03-10T20:59:09","slug":"un-dia-despues-de-la-muerte-del-nene-la-justicia-hizo-lugar-a-un-pedido-para-paralizar-unas-obras-de-idandi","status":"publish","type":"post","link":"https:\/\/elfederalmendoza.com.ar\/index.php\/2023\/03\/10\/un-dia-despues-de-la-muerte-del-nene-la-justicia-hizo-lugar-a-un-pedido-para-paralizar-unas-obras-de-idandi\/","title":{"rendered":"Un d\u00eda despu\u00e9s de la muerte del nene, la Justicia hizo lugar a un pedido para paralizar unas obras de Idandi"},"content":{"rendered":"\n<p>El cuarto Tribunal de Gesti\u00f3n Asociada hizo lugar a un pedido para paralizar una serie de obras de la empresa&nbsp;<strong>Idandi<\/strong>, de los hermanos&nbsp;<strong>Florentino y Onofre<\/strong>, un d\u00eda despu\u00e9s de la muerte de&nbsp;<strong>Eric Maman\u00ed&nbsp;<\/strong>en uno de los complejos habitacionales que la empresa constru\u00eda en Guaymall\u00e9n.<\/p>\n\n\n\n<p>La tragedia, que puso en evidencia el avance de las obras clandestinas en esa comuna, ocurri\u00f3 el 7 de marzo, pasadas las 19.30, cuando el menor cay\u00f3 a un pozo de agua de m\u00e1s de 50 metros de profundidad.<\/p>\n\n\n\n<p>En medio de la conmoci\u00f3n que gener\u00f3 el hecho, el 8 de marzo la Justicia resolvi\u00f3 \u201c<em>emplazar a Idandi SA&nbsp;y a cada una de las personas que se encuentren llevando a cabo trabajos en el inmueble de referencia<\/em>&nbsp;(Castro y Curupayt\u00ed de Guaymal\u00e9n, Mendoza)\u201d para que&nbsp;<mark>\u201cparalicen las obras y no se lleve adelante ning\u00fan trabajo en el lugar\u201d.<\/mark><\/p>\n\n\n\n<p>De acuerdo con el escrito al que accedi\u00f3<em>&nbsp;El Sol<\/em>, los hermano Paco tienen cinco d\u00edas para cumplir con la medida y bajo apercibimiento de que, vencido el plazo otorgado,&nbsp;<em>\u201ccomience a aplicarse la multa diaria de cinco mil pesos\u201d,<\/em>&nbsp;a cada una de las personas que incumplan.<\/p>\n\n\n\n<p>A su vez, se notific\u00f3\u00a0<mark>que en caso de desobedecer la orden, se har\u00e1 uso de la fuerza p\u00fablica con allanamiento del lugar.<\/mark><\/p>\n\n\n\n<p>Si bien en octubre 2022, la Justicia ya hab\u00eda ordenado medida de no innovar a fin de que no se avance con las construcciones de las obras que se estaban llevando a cabo en el inmueble de calle Castro y Qurupayti, tras el pedido de una medida cautelar, no se hab\u00eda podido notificar a la empresa.<\/p>\n\n\n\n<p>Sin embargo, el mismo Florentino Paco solicit\u00f3 que se deje sin efecto la medida de paralizaci\u00f3n de las obras y continu\u00f3 con sus actividades pese a la resoluci\u00f3n judicial, es por eso que la Justicia dispuso emplazar a la empresa para que cumpla.<\/p>\n\n\n\n<p>Fuente: El Sol<\/p>\n\n\n\n<p>Si bien en octubre 2022, la Justicia ya hab\u00eda ordenado medida de no innovar a fin de que no se avance con las construcciones de las obras que se estaban llevando a cabo en el inmueble de calle Castro y Qurupayti, tras el pedido de una medida cautelar, no se hab\u00eda podido notificar a la empresa.<\/p>\n\n\n\n<p>Sin embargo, el mismo Florentino Paco solicit\u00f3 que se deje sin efecto la medida de paralizaci\u00f3n de las obras y continu\u00f3 con sus actividades pese a la resoluci\u00f3n judicial, es por eso que la Justicia dispuso emplazar a la empresa para que cumpla.<\/p>\n\n\n\n<p><em>Fuente: El Sol<\/em><\/p>\n","protected":false},"excerpt":{"rendered":"<p>El cuarto Tribunal de Gesti\u00f3n Asociada hizo lugar a un pedido para paralizar una serie de obras de la empresa&nbsp;Idandi, de los hermanos&nbsp;Florentino y Onofre, un d\u00eda despu\u00e9s de la muerte de&nbsp;Eric Maman\u00ed&nbsp;en uno de los complejos habitacionales que la empresa constru\u00eda en Guaymall\u00e9n. La tragedia, que puso en evidencia el avance de las obras<a class=\"read-more\" href=\"https:\/\/elfederalmendoza.com.ar\/index.php\/2023\/03\/10\/un-dia-despues-de-la-muerte-del-nene-la-justicia-hizo-lugar-a-un-pedido-para-paralizar-unas-obras-de-idandi\/\"> [&hellip;]<\/a><\/p>\n","protected":false},"author":2,"featured_media":21108,"comment_status":"open","ping_status":"open","sticky":false,"template":"","format":"standard","meta":{"footnotes":""},"categories":[1],"tags":[],"class_list":["post-21107","post","type-post","status-publish","format-standard","has-post-thumbnail","hentry","category-mza"],"rttpg_featured_image_url":{"full":["https:\/\/elfederalmendoza.com.ar\/wp-content\/uploads\/2023\/03\/Obras-Idandi-Guaymallen-24-scaled-1.webp",1200,800,false],"landscape":["https:\/\/elfederalmendoza.com.ar\/wp-content\/uploads\/2023\/03\/Obras-Idandi-Guaymallen-24-scaled-1.webp",1200,800,false],"portraits":["https:\/\/elfederalmendoza.com.ar\/wp-content\/uploads\/2023\/03\/Obras-Idandi-Guaymallen-24-scaled-1.webp",1200,800,false],"thumbnail":["https:\/\/elfederalmendoza.com.ar\/wp-content\/uploads\/2023\/03\/Obras-Idandi-Guaymallen-24-scaled-1-150x150.webp",150,150,true],"medium":["https:\/\/elfederalmendoza.com.ar\/wp-content\/uploads\/2023\/03\/Obras-Idandi-Guaymallen-24-scaled-1-300x200.webp",300,200,true],"large":["https:\/\/elfederalmendoza.com.ar\/wp-content\/uploads\/2023\/03\/Obras-Idandi-Guaymallen-24-scaled-1-1024x683.webp",640,427,true],"1536x1536":["https:\/\/elfederalmendoza.com.ar\/wp-content\/uploads\/2023\/03\/Obras-Idandi-Guaymallen-24-scaled-1.webp",1200,800,false],"2048x2048":["https:\/\/elfederalmendoza.com.ar\/wp-content\/uploads\/2023\/03\/Obras-Idandi-Guaymallen-24-scaled-1.webp",1200,800,false],"ultp_layout_landscape_large":["https:\/\/elfederalmendoza.com.ar\/wp-content\/uploads\/2023\/03\/Obras-Idandi-Guaymallen-24-scaled-1-1200x800.webp",1200,800,true],"ultp_layout_landscape":["https:\/\/elfederalmendoza.com.ar\/wp-content\/uploads\/2023\/03\/Obras-Idandi-Guaymallen-24-scaled-1-870x570.webp",870,570,true],"ultp_layout_portrait":["https:\/\/elfederalmendoza.com.ar\/wp-content\/uploads\/2023\/03\/Obras-Idandi-Guaymallen-24-scaled-1-600x800.webp",600,800,true],"ultp_layout_square":["https:\/\/elfederalmendoza.com.ar\/wp-content\/uploads\/2023\/03\/Obras-Idandi-Guaymallen-24-scaled-1-600x600.webp",600,600,true],"rpwe-thumbnail":["https:\/\/elfederalmendoza.com.ar\/wp-content\/uploads\/2023\/03\/Obras-Idandi-Guaymallen-24-scaled-1-45x45.webp",45,45,true],"advps-thumb-one":["https:\/\/elfederalmendoza.com.ar\/wp-content\/uploads\/2023\/03\/Obras-Idandi-Guaymallen-24-scaled-1-1200x420.webp",1200,420,true]},"rttpg_author":{"display_name":"Redacci\u00f3n El Federal","author_link":"https:\/\/elfederalmendoza.com.ar\/index.php\/author\/angelflores\/"},"rttpg_comment":0,"rttpg_category":"<a href=\"https:\/\/elfederalmendoza.com.ar\/index.php\/category\/mza\/\" rel=\"category tag\">Mendoza<\/a>","rttpg_excerpt":"El cuarto Tribunal de Gesti\u00f3n Asociada hizo lugar a un pedido para paralizar una serie de obras de la empresa&nbsp;Idandi, de los hermanos&nbsp;Florentino y Onofre, un d\u00eda despu\u00e9s de la muerte de&nbsp;Eric Maman\u00ed&nbsp;en uno de los complejos habitacionales que la empresa constru\u00eda en Guaymall\u00e9n. La tragedia, que puso en evidencia el avance de las obras&hellip;","_links":{"self":[{"href":"https:\/\/elfederalmendoza.com.ar\/index.php\/wp-json\/wp\/v2\/posts\/21107","targetHints":{"allow":["GET"]}}],"collection":[{"href":"https:\/\/elfederalmendoza.com.ar\/index.php\/wp-json\/wp\/v2\/posts"}],"about":[{"href":"https:\/\/elfederalmendoza.com.ar\/index.php\/wp-json\/wp\/v2\/types\/post"}],"author":[{"embeddable":true,"href":"https:\/\/elfederalmendoza.com.ar\/index.php\/wp-json\/wp\/v2\/users\/2"}],"replies":[{"embeddable":true,"href":"https:\/\/elfederalmendoza.com.ar\/index.php\/wp-json\/wp\/v2\/comments?post=21107"}],"version-history":[{"count":1,"href":"https:\/\/elfederalmendoza.com.ar\/index.php\/wp-json\/wp\/v2\/posts\/21107\/revisions"}],"predecessor-version":[{"id":21109,"href":"https:\/\/elfederalmendoza.com.ar\/index.php\/wp-json\/wp\/v2\/posts\/21107\/revisions\/21109"}],"wp:featuredmedia":[{"embeddable":true,"href":"https:\/\/elfederalmendoza.com.ar\/index.php\/wp-json\/wp\/v2\/media\/21108"}],"wp:attachment":[{"href":"https:\/\/elfederalmendoza.com.ar\/index.php\/wp-json\/wp\/v2\/media?parent=21107"}],"wp:term":[{"taxonomy":"category","embeddable":true,"href":"https:\/\/elfederalmendoza.com.ar\/index.php\/wp-json\/wp\/v2\/categories?post=21107"},{"taxonomy":"post_tag","embeddable":true,"href":"https:\/\/elfederalmendoza.com.ar\/index.php\/wp-json\/wp\/v2\/tags?post=21107"}],"curies":[{"name":"wp","href":"https:\/\/api.w.org\/{rel}","templated":true}]}}