{"id":21114,"date":"2023-03-10T18:58:11","date_gmt":"2023-03-10T21:58:11","guid":{"rendered":"https:\/\/elfederalmendoza.com\/?p=21114"},"modified":"2023-03-10T18:58:12","modified_gmt":"2023-03-10T21:58:12","slug":"video-importante-empresa-busca-a-mujeres-para-que-conduzcan-sus-vehiculos-electricos","status":"publish","type":"post","link":"https:\/\/elfederalmendoza.com.ar\/index.php\/2023\/03\/10\/video-importante-empresa-busca-a-mujeres-para-que-conduzcan-sus-vehiculos-electricos\/","title":{"rendered":"-VIDEO- Importante empresa busca a mujeres para que conduzcan sus veh\u00edculos el\u00e9ctricos"},"content":{"rendered":"\n<p><strong>Andesmar\u00a0present\u00f3\u00a0Ecotransfer<\/strong>, su flota de\u00a0veh\u00edculos 100% el\u00e9ctricos, marca NISSAN, que muy pronto brindar\u00e1n servicios de traslado de pasajeros entre el Aeropuerto Internacional El Plumerillo, y los hoteles de 4 y 5 estrellas de\u00a0<strong>Mendoza<\/strong>. Los veh\u00edculos ser\u00e1n conducidos por mendocinas que ser\u00e1n capacitadas en idiomas e informaci\u00f3n tur\u00edstica.<\/p>\n\n\n\n<p>As\u00ed Mendoza se convierte en\u00a0<strong>la primera provincia del pa\u00eds<\/strong>\u00a0en incorporar una\u00a0<strong>flota de autos 100% el\u00e9ctricos<\/strong>\u00a0para el traslado de turistas, reafirmando su compromiso con el medio ambiente, la sustentabilidad y un servicio con est\u00e1ndares internacionales.<\/p>\n\n\n\n<figure class=\"wp-block-embed is-type-video is-provider-youtube wp-block-embed-youtube wp-embed-aspect-16-9 wp-has-aspect-ratio\"><div class=\"wp-block-embed__wrapper\">\n<iframe loading=\"lazy\" title=\"Gran Mendoza - Andesmar incorpora conductoras para sus autos el\u00e9ctricos\" width=\"640\" height=\"360\" src=\"https:\/\/www.youtube.com\/embed\/kG0X1X7DIbc?feature=oembed\" frameborder=\"0\" allow=\"accelerometer; autoplay; clipboard-write; encrypted-media; gyroscope; picture-in-picture; web-share\" referrerpolicy=\"strict-origin-when-cross-origin\" allowfullscreen><\/iframe>\n<\/div><\/figure>\n\n\n\n<p><strong>Mauricio Badaloni, director de Andesmar<\/strong>, dialog\u00f3 con\u00a0medios locales\u00a0y aclar\u00f3: \u201cSon veh\u00edculos de cero emisi\u00f3n que de alguna u otra forma en el mundo moderno ya se va aplicando y nosotros tenemos nuestra aplicaci\u00f3n y es muy importante. Nos damos cuenta el impacto que causa en la Ciudad, 100% el\u00e9ctrico estamos terminado de desarrollar con alguna empresa que provea la energ\u00eda y que la energ\u00eda sea totalmente renovable\u201d.<\/p>\n\n\n\n<figure class=\"wp-block-image is-resized\"><img loading=\"lazy\" decoding=\"async\" src=\"https:\/\/media.sitioandino.com.ar\/p\/309615c5414e135c0122b03a405799c5\/adjuntos\/335\/imagenes\/000\/621\/0000621963\/790x0\/smart\/mauricio-badaloni-andesmar-autos-electricos-mujeres-choferes-auto-sustentable-emision-0-jpg.jpg\" alt=\"Ecotransfer, los autos el&eacute;ctricos de Andesmar.\" width=\"966\" height=\"644\"\/><figcaption class=\"wp-element-caption\">Ecotransfer, los autos el\u00e9ctricos de Andesmar<\/figcaption><\/figure>\n\n\n\n<p>Adem\u00e1s, detall\u00f3 que&nbsp;<strong>los veh\u00edculos ser\u00e1n conducidos por mendocinas<\/strong>, que ser\u00e1n capacitadas en idiomas, e informaci\u00f3n tur\u00edstica de Mendoza, para ser cada d\u00eda mejores anfitriones de los turistas a nuestra provincia.<\/p>\n\n\n\n<p>Mujeres que sean sost\u00e9n de familia y que sean independientes en su trabajo.<\/p>\n\n\n\n<figure class=\"wp-block-image is-resized\"><img loading=\"lazy\" decoding=\"async\" src=\"https:\/\/media.sitioandino.com.ar\/p\/691fe56a493de5555ee8864d34d7014a\/adjuntos\/335\/imagenes\/000\/621\/0000621966\/790x0\/smart\/mauricio-badaloni-andesmar-autos-electricos-mujeres-choferes-auto-sustentable-emision-0-jpg.jpg\" alt=\"\" width=\"962\" height=\"642\"\/><figcaption class=\"wp-element-caption\">Foto: Yemel Fil<\/figcaption><\/figure>\n\n\n\n<p>Para finalizar, Mauricio Badaloni acot\u00f3 que para \u00abhablar de g\u00e9nero, lo interesante es que las compa\u00f1\u00edas modernas lo practiquemos no est\u00e1 tanto en el cupo sino est\u00e1 en la pr\u00e1ctica y materializamos eso. Trabajamos con objetivos e ideas y que ellas se inserten y se hagan propias en el servicio\u00bb, finaliz\u00f3.<\/p>\n","protected":false},"excerpt":{"rendered":"<p>Andesmar\u00a0present\u00f3\u00a0Ecotransfer, su flota de\u00a0veh\u00edculos 100% el\u00e9ctricos, marca NISSAN, que muy pronto brindar\u00e1n servicios de traslado de pasajeros entre el Aeropuerto Internacional El Plumerillo, y los hoteles de 4 y 5 estrellas de\u00a0Mendoza. Los veh\u00edculos ser\u00e1n conducidos por mendocinas que ser\u00e1n capacitadas en idiomas e informaci\u00f3n tur\u00edstica. As\u00ed Mendoza se convierte en\u00a0la primera provincia del pa\u00eds\u00a0en<a class=\"read-more\" href=\"https:\/\/elfederalmendoza.com.ar\/index.php\/2023\/03\/10\/video-importante-empresa-busca-a-mujeres-para-que-conduzcan-sus-vehiculos-electricos\/\"> [&hellip;]<\/a><\/p>\n","protected":false},"author":2,"featured_media":21115,"comment_status":"open","ping_status":"open","sticky":false,"template":"","format":"standard","meta":{"footnotes":""},"categories":[1],"tags":[],"class_list":["post-21114","post","type-post","status-publish","format-standard","has-post-thumbnail","hentry","category-mza"],"rttpg_featured_image_url":{"full":["https:\/\/elfederalmendoza.com.ar\/wp-content\/uploads\/2023\/03\/MUJERES-MENDOZA.jpg",1162,627,false],"landscape":["https:\/\/elfederalmendoza.com.ar\/wp-content\/uploads\/2023\/03\/MUJERES-MENDOZA.jpg",1162,627,false],"portraits":["https:\/\/elfederalmendoza.com.ar\/wp-content\/uploads\/2023\/03\/MUJERES-MENDOZA.jpg",1162,627,false],"thumbnail":["https:\/\/elfederalmendoza.com.ar\/wp-content\/uploads\/2023\/03\/MUJERES-MENDOZA-150x150.jpg",150,150,true],"medium":["https:\/\/elfederalmendoza.com.ar\/wp-content\/uploads\/2023\/03\/MUJERES-MENDOZA-300x162.jpg",300,162,true],"large":["https:\/\/elfederalmendoza.com.ar\/wp-content\/uploads\/2023\/03\/MUJERES-MENDOZA-1024x553.jpg",640,346,true],"1536x1536":["https:\/\/elfederalmendoza.com.ar\/wp-content\/uploads\/2023\/03\/MUJERES-MENDOZA.jpg",1162,627,false],"2048x2048":["https:\/\/elfederalmendoza.com.ar\/wp-content\/uploads\/2023\/03\/MUJERES-MENDOZA.jpg",1162,627,false],"ultp_layout_landscape_large":["https:\/\/elfederalmendoza.com.ar\/wp-content\/uploads\/2023\/03\/MUJERES-MENDOZA.jpg",1162,627,false],"ultp_layout_landscape":["https:\/\/elfederalmendoza.com.ar\/wp-content\/uploads\/2023\/03\/MUJERES-MENDOZA-870x570.jpg",870,570,true],"ultp_layout_portrait":["https:\/\/elfederalmendoza.com.ar\/wp-content\/uploads\/2023\/03\/MUJERES-MENDOZA-600x627.jpg",600,627,true],"ultp_layout_square":["https:\/\/elfederalmendoza.com.ar\/wp-content\/uploads\/2023\/03\/MUJERES-MENDOZA-600x600.jpg",600,600,true],"rpwe-thumbnail":["https:\/\/elfederalmendoza.com.ar\/wp-content\/uploads\/2023\/03\/MUJERES-MENDOZA-45x45.jpg",45,45,true],"advps-thumb-one":["https:\/\/elfederalmendoza.com.ar\/wp-content\/uploads\/2023\/03\/MUJERES-MENDOZA-1162x420.jpg",1162,420,true]},"rttpg_author":{"display_name":"Redacci\u00f3n El Federal","author_link":"https:\/\/elfederalmendoza.com.ar\/index.php\/author\/angelflores\/"},"rttpg_comment":0,"rttpg_category":"<a href=\"https:\/\/elfederalmendoza.com.ar\/index.php\/category\/mza\/\" rel=\"category tag\">Mendoza<\/a>","rttpg_excerpt":"Andesmar\u00a0present\u00f3\u00a0Ecotransfer, su flota de\u00a0veh\u00edculos 100% el\u00e9ctricos, marca NISSAN, que muy pronto brindar\u00e1n servicios de traslado de pasajeros entre el Aeropuerto Internacional El Plumerillo, y los hoteles de 4 y 5 estrellas de\u00a0Mendoza. Los veh\u00edculos ser\u00e1n conducidos por mendocinas que ser\u00e1n capacitadas en idiomas e informaci\u00f3n tur\u00edstica. As\u00ed Mendoza se convierte en\u00a0la primera provincia del pa\u00eds\u00a0en&hellip;","_links":{"self":[{"href":"https:\/\/elfederalmendoza.com.ar\/index.php\/wp-json\/wp\/v2\/posts\/21114","targetHints":{"allow":["GET"]}}],"collection":[{"href":"https:\/\/elfederalmendoza.com.ar\/index.php\/wp-json\/wp\/v2\/posts"}],"about":[{"href":"https:\/\/elfederalmendoza.com.ar\/index.php\/wp-json\/wp\/v2\/types\/post"}],"author":[{"embeddable":true,"href":"https:\/\/elfederalmendoza.com.ar\/index.php\/wp-json\/wp\/v2\/users\/2"}],"replies":[{"embeddable":true,"href":"https:\/\/elfederalmendoza.com.ar\/index.php\/wp-json\/wp\/v2\/comments?post=21114"}],"version-history":[{"count":1,"href":"https:\/\/elfederalmendoza.com.ar\/index.php\/wp-json\/wp\/v2\/posts\/21114\/revisions"}],"predecessor-version":[{"id":21116,"href":"https:\/\/elfederalmendoza.com.ar\/index.php\/wp-json\/wp\/v2\/posts\/21114\/revisions\/21116"}],"wp:featuredmedia":[{"embeddable":true,"href":"https:\/\/elfederalmendoza.com.ar\/index.php\/wp-json\/wp\/v2\/media\/21115"}],"wp:attachment":[{"href":"https:\/\/elfederalmendoza.com.ar\/index.php\/wp-json\/wp\/v2\/media?parent=21114"}],"wp:term":[{"taxonomy":"category","embeddable":true,"href":"https:\/\/elfederalmendoza.com.ar\/index.php\/wp-json\/wp\/v2\/categories?post=21114"},{"taxonomy":"post_tag","embeddable":true,"href":"https:\/\/elfederalmendoza.com.ar\/index.php\/wp-json\/wp\/v2\/tags?post=21114"}],"curies":[{"name":"wp","href":"https:\/\/api.w.org\/{rel}","templated":true}]}}