{"id":21122,"date":"2023-03-11T10:24:31","date_gmt":"2023-03-11T13:24:31","guid":{"rendered":"https:\/\/elfederalmendoza.com\/?p=21122"},"modified":"2023-03-11T10:24:32","modified_gmt":"2023-03-11T13:24:32","slug":"cocaina-mucho-dinero-y-una-conocida-farmacia-que-cocinaba-droga-en-ciudad-de-mendoza-18-allanamientos-y-7-detenidos","status":"publish","type":"post","link":"https:\/\/elfederalmendoza.com.ar\/index.php\/2023\/03\/11\/cocaina-mucho-dinero-y-una-conocida-farmacia-que-cocinaba-droga-en-ciudad-de-mendoza-18-allanamientos-y-7-detenidos\/","title":{"rendered":"Coca\u00edna, mucho dinero y una conocida farmacia que \u00abcocinaba\u00bb droga en Ciudad de Mendoza: 18 allanamientos y 7 detenidos"},"content":{"rendered":"\n<p>Tal cual se conoci\u00f3 m\u00e1s temprano este viernes 10 de marzo, el\u00a0<strong>Ministerio de Seguridad<\/strong>\u00a0realiz\u00f3 un amplio operativo en el que se detuvo a siete personas, se secuestr\u00f3 coca\u00edna (19 kilos) y se incautaron armas, veh\u00edculos y dinero.<\/p>\n\n\n\n<p>El procedimiento, que hab\u00eda empezado con una investigaci\u00f3n hace nueve meses, estuvo a cargo de la Jefatura de la<strong>\u00a0Polic\u00eda de Lucha Contra el Narcotr\u00e1fico\u00a0<\/strong>y cont\u00f3 con la colaboraci\u00f3n de AFIP y de Aduana.<\/p>\n\n\n\n<p>De esta manera, siempre seg\u00fan lo informado oficialmente por la cartera que conduce&nbsp;<strong>Ra\u00fal Levrino<\/strong>, se logr\u00f3 desarticular una organizaci\u00f3n que se dedicaba al procesamiento y estiramiento de coca\u00edna.<\/p>\n\n\n\n<p>En total, se libraron 18 allanamientos en el\u00a0<strong>Gran Mendoza<\/strong>\u00a0y uno de ellos fue en una conocida farmacia del centro de la Ciudad, desde donde se desviaban los precursores y sustancias qu\u00edmicas utilizadas, teniendo el propietario una participaci\u00f3n activa en la organizaci\u00f3n.<\/p>\n\n\n\n<figure class=\"wp-block-image is-resized\"><img loading=\"lazy\" decoding=\"async\" src=\"https:\/\/www.mendozapost.com\/files\/image\/465\/465021\/640bcabcdba39_570_429!.jpg?s=cd3077f2e834476d486a9dc5ab8ca894&amp;d=1678496237\" alt=\"\" width=\"963\" height=\"725\"\/><figcaption class=\"wp-element-caption\">En el lugar se sacaba la mezcla<\/figcaption><\/figure>\n\n\n\n<p>Ahora, se conoci\u00f3 que esa farmacia era usada para \u00absecar la mezcla\u00bb y que all\u00ed, adem\u00e1s de los 19 kilos de coca\u00edna arriba mencionados, hab\u00eda 2 kilos y medio m\u00e1s, 1.300.000 pesos, 600 d\u00f3lares, 5.806,26 gramos de lactosa, 2.141 gramos de cafe\u00edna, 2.533,5 gramos polvo blanco, pastillas varias y un tel\u00e9fono celular.<\/p>\n\n\n\n<figure class=\"wp-block-image is-resized\"><img loading=\"lazy\" decoding=\"async\" src=\"https:\/\/www.mendozapost.com\/files\/image\/465\/465025\/640bcb1fdce1d_570_428!.jpg?s=7f59edb2dfd852a68bb153d96a7b00ed&amp;d=1678494499\" alt=\"\" width=\"967\" height=\"726\"\/><figcaption class=\"wp-element-caption\">Varias sustancias fueron encontradas.<\/figcaption><\/figure>\n\n\n\n<figure class=\"wp-block-image is-resized\"><img loading=\"lazy\" decoding=\"async\" src=\"https:\/\/www.mendozapost.com\/files\/image\/465\/465027\/640bccbbad8bc_570_760!.jpg?s=e27ae0d49a9b6bdff94d58ea39eac115&amp;d=1678494913\" alt=\"\" width=\"960\" height=\"1280\"\/><figcaption class=\"wp-element-caption\">La farmacia donde cocinaban la coca\u00edna.<\/figcaption><\/figure>\n","protected":false},"excerpt":{"rendered":"<p>Tal cual se conoci\u00f3 m\u00e1s temprano este viernes 10 de marzo, el\u00a0Ministerio de Seguridad\u00a0realiz\u00f3 un amplio operativo en el que se detuvo a siete personas, se secuestr\u00f3 coca\u00edna (19 kilos) y se incautaron armas, veh\u00edculos y dinero. El procedimiento, que hab\u00eda empezado con una investigaci\u00f3n hace nueve meses, estuvo a cargo de la Jefatura de<a class=\"read-more\" href=\"https:\/\/elfederalmendoza.com.ar\/index.php\/2023\/03\/11\/cocaina-mucho-dinero-y-una-conocida-farmacia-que-cocinaba-droga-en-ciudad-de-mendoza-18-allanamientos-y-7-detenidos\/\"> [&hellip;]<\/a><\/p>\n","protected":false},"author":2,"featured_media":21123,"comment_status":"open","ping_status":"open","sticky":false,"template":"","format":"standard","meta":{"footnotes":""},"categories":[1],"tags":[],"class_list":["post-21122","post","type-post","status-publish","format-standard","has-post-thumbnail","hentry","category-mza"],"rttpg_featured_image_url":{"full":["https:\/\/elfederalmendoza.com.ar\/wp-content\/uploads\/2023\/03\/farmacia-salta.jpg",946,566,false],"landscape":["https:\/\/elfederalmendoza.com.ar\/wp-content\/uploads\/2023\/03\/farmacia-salta.jpg",946,566,false],"portraits":["https:\/\/elfederalmendoza.com.ar\/wp-content\/uploads\/2023\/03\/farmacia-salta.jpg",946,566,false],"thumbnail":["https:\/\/elfederalmendoza.com.ar\/wp-content\/uploads\/2023\/03\/farmacia-salta-150x150.jpg",150,150,true],"medium":["https:\/\/elfederalmendoza.com.ar\/wp-content\/uploads\/2023\/03\/farmacia-salta-300x179.jpg",300,179,true],"large":["https:\/\/elfederalmendoza.com.ar\/wp-content\/uploads\/2023\/03\/farmacia-salta.jpg",640,383,false],"1536x1536":["https:\/\/elfederalmendoza.com.ar\/wp-content\/uploads\/2023\/03\/farmacia-salta.jpg",946,566,false],"2048x2048":["https:\/\/elfederalmendoza.com.ar\/wp-content\/uploads\/2023\/03\/farmacia-salta.jpg",946,566,false],"ultp_layout_landscape_large":["https:\/\/elfederalmendoza.com.ar\/wp-content\/uploads\/2023\/03\/farmacia-salta.jpg",946,566,false],"ultp_layout_landscape":["https:\/\/elfederalmendoza.com.ar\/wp-content\/uploads\/2023\/03\/farmacia-salta-870x566.jpg",870,566,true],"ultp_layout_portrait":["https:\/\/elfederalmendoza.com.ar\/wp-content\/uploads\/2023\/03\/farmacia-salta-600x566.jpg",600,566,true],"ultp_layout_square":["https:\/\/elfederalmendoza.com.ar\/wp-content\/uploads\/2023\/03\/farmacia-salta-600x566.jpg",600,566,true],"rpwe-thumbnail":["https:\/\/elfederalmendoza.com.ar\/wp-content\/uploads\/2023\/03\/farmacia-salta-45x45.jpg",45,45,true],"advps-thumb-one":["https:\/\/elfederalmendoza.com.ar\/wp-content\/uploads\/2023\/03\/farmacia-salta-946x420.jpg",946,420,true]},"rttpg_author":{"display_name":"Redacci\u00f3n El Federal","author_link":"https:\/\/elfederalmendoza.com.ar\/index.php\/author\/angelflores\/"},"rttpg_comment":0,"rttpg_category":"<a href=\"https:\/\/elfederalmendoza.com.ar\/index.php\/category\/mza\/\" rel=\"category tag\">Mendoza<\/a>","rttpg_excerpt":"Tal cual se conoci\u00f3 m\u00e1s temprano este viernes 10 de marzo, el\u00a0Ministerio de Seguridad\u00a0realiz\u00f3 un amplio operativo en el que se detuvo a siete personas, se secuestr\u00f3 coca\u00edna (19 kilos) y se incautaron armas, veh\u00edculos y dinero. El procedimiento, que hab\u00eda empezado con una investigaci\u00f3n hace nueve meses, estuvo a cargo de la Jefatura de&hellip;","_links":{"self":[{"href":"https:\/\/elfederalmendoza.com.ar\/index.php\/wp-json\/wp\/v2\/posts\/21122","targetHints":{"allow":["GET"]}}],"collection":[{"href":"https:\/\/elfederalmendoza.com.ar\/index.php\/wp-json\/wp\/v2\/posts"}],"about":[{"href":"https:\/\/elfederalmendoza.com.ar\/index.php\/wp-json\/wp\/v2\/types\/post"}],"author":[{"embeddable":true,"href":"https:\/\/elfederalmendoza.com.ar\/index.php\/wp-json\/wp\/v2\/users\/2"}],"replies":[{"embeddable":true,"href":"https:\/\/elfederalmendoza.com.ar\/index.php\/wp-json\/wp\/v2\/comments?post=21122"}],"version-history":[{"count":1,"href":"https:\/\/elfederalmendoza.com.ar\/index.php\/wp-json\/wp\/v2\/posts\/21122\/revisions"}],"predecessor-version":[{"id":21124,"href":"https:\/\/elfederalmendoza.com.ar\/index.php\/wp-json\/wp\/v2\/posts\/21122\/revisions\/21124"}],"wp:featuredmedia":[{"embeddable":true,"href":"https:\/\/elfederalmendoza.com.ar\/index.php\/wp-json\/wp\/v2\/media\/21123"}],"wp:attachment":[{"href":"https:\/\/elfederalmendoza.com.ar\/index.php\/wp-json\/wp\/v2\/media?parent=21122"}],"wp:term":[{"taxonomy":"category","embeddable":true,"href":"https:\/\/elfederalmendoza.com.ar\/index.php\/wp-json\/wp\/v2\/categories?post=21122"},{"taxonomy":"post_tag","embeddable":true,"href":"https:\/\/elfederalmendoza.com.ar\/index.php\/wp-json\/wp\/v2\/tags?post=21122"}],"curies":[{"name":"wp","href":"https:\/\/api.w.org\/{rel}","templated":true}]}}