{"id":21125,"date":"2023-03-11T04:26:00","date_gmt":"2023-03-11T07:26:00","guid":{"rendered":"https:\/\/elfederalmendoza.com\/?p=21125"},"modified":"2023-03-11T10:42:41","modified_gmt":"2023-03-11T13:42:41","slug":"cristina-kirchner-hoy-no-estamos-ante-un-estado-democratico-constitucional","status":"publish","type":"post","link":"https:\/\/elfederalmendoza.com.ar\/index.php\/2023\/03\/11\/cristina-kirchner-hoy-no-estamos-ante-un-estado-democratico-constitucional\/","title":{"rendered":"Cristina Kirchner: \u00abHoy no estamos ante un Estado democr\u00e1tico constitucional\u00bb"},"content":{"rendered":"\n<p>La\u00a0vicepresidenta\u00a0<strong>Cristina Fern\u00e1ndez de Kirchner<\/strong>\u00a0se\u00f1al\u00f3 que\u00a0<strong>\u00aben la Argentina, parece que los tres poderes (del estado) no funcionan\u00bb\u00a0<\/strong>y asegur\u00f3 que\u00a0<strong>\u00abhoy no estamos ante un Estado democr\u00e1tico constitucional\u00bb.<\/strong><\/p>\n\n\n\n<p>\u00abEstamos queriendo gestionar desde el Estado a una sociedad que tiene Internet y celulares con una forma de organizaci\u00f3n estatal, jur\u00eddica y pol\u00edtica que data de la Revoluci\u00f3n Francesa, una \u00e9poca en la que las muelas se sacaban con un hilo\u00bb, explic\u00f3 la titular del Senado durante una conferencia en la en la Universidad de R\u00edo Negro, donde recibi\u00f3 este viernes una nueva distinci\u00f3n Honoris Causa.<\/p>\n\n\n\n<p>Hoy, a 40 a\u00f1os de Democracia, lo que estamos viviendo en materia de divisi\u00f3n de poderes cuando vemos al sector m\u00e1s importante de&nbsp;<strong>la oposici\u00f3n aliada con el Poder Judicial&nbsp;<\/strong>para hacer lo que sabemos que se est\u00e1 haciendo, creo que hoy no estamos ante un Estado democr\u00e1tico constitucional\u00bb, subray\u00f3 Cristina.<\/p>\n\n\n\n<p>En ese sentido, la vicepresidenta tambi\u00e9n cuestion\u00f3 los fundamentos del fallo de la causa Vialidad que se conocieron este jueves. \u00abEran millones de palabras y adjetivos,&nbsp;<strong>ninguna prueba y un solo objetivo: la proscripci\u00f3n<\/strong>\u00ab, remarc\u00f3.<\/p>\n\n\n\n<p>Cristina Kirchner se refiri\u00f3 al intento de asesinato del que fue victima en la puerta de su casa del barrio porte\u00f1o de Recoleta.<\/p>\n\n\n\n<p>\u00abLa ruptura del pacto democr\u00e1tico que se construy\u00f3 el 30 de octubre de 1983, que era el pacto de que no se pod\u00eda ni siquiera pensar en que la supresi\u00f3n del adversario era la supresi\u00f3n de la vida, que no se lo pod\u00eda eliminar si es opositor, estaba absolutamente convalidado por la sociedad. Y, sin embargo, ese 1 de septiembre se rompi\u00f3. Odi\u00e9 ser protagonista de eso\u00bb, expres\u00f3 Cristina.<\/p>\n\n\n\n<p>\u00abComo dijo el Papa Francisco cuando me llam\u00f3, siempre<strong>&nbsp;la violencia f\u00edsica es precedida por la violencia de las palabras<\/strong>&nbsp;y de las actitudes\u00bb, agreg\u00f3.<\/p>\n\n\n\n<p>Asimismo, la vicepresidenta Cristina Fern\u00e1ndez de Kirchner cuestion\u00f3 esta tarde a la C\u00e1mara en lo Contencioso Administrativo Federal por declarar nula, este mismo viernes, la designaci\u00f3n del senador del Frente de Todos por R\u00edo Negro Mart\u00edn Do\u00f1ate como representante por el Senado en el Consejo de la Magistratura tras admitir un amparo del senador por C\u00f3rdoba Luis Juez, de Juntos por el Cambio.<\/p>\n\n\n\n<p>\u00abHoy, una hora o dos horas antes de esta conferencia, separan al senador Mart\u00edn Do\u00f1ate, que era el representante en el Consejo de la Magistratura y restituyen al miembro que hab\u00eda impugnado judicialmente (por Luis Juez). M\u00e1s mafiosos no se consiguen\u00bb, carg\u00f3 la titular del Senado desde la ciudad rionegrina de Viedma, en referencia al fallo que firmaron los jueces Rodolfo Facio, Liliana Heiland y Clara Do Pico.<\/p>\n\n\n\n<p><em>Fuente C5N\/ T\u00e9lam.<\/em><\/p>\n","protected":false},"excerpt":{"rendered":"<p>La\u00a0vicepresidenta\u00a0Cristina Fern\u00e1ndez de Kirchner\u00a0se\u00f1al\u00f3 que\u00a0\u00aben la Argentina, parece que los tres poderes (del estado) no funcionan\u00bb\u00a0y asegur\u00f3 que\u00a0\u00abhoy no estamos ante un Estado democr\u00e1tico constitucional\u00bb. \u00abEstamos queriendo gestionar desde el Estado a una sociedad que tiene Internet y celulares con una forma de organizaci\u00f3n estatal, jur\u00eddica y pol\u00edtica que data de la Revoluci\u00f3n Francesa, una<a class=\"read-more\" href=\"https:\/\/elfederalmendoza.com.ar\/index.php\/2023\/03\/11\/cristina-kirchner-hoy-no-estamos-ante-un-estado-democratico-constitucional\/\"> [&hellip;]<\/a><\/p>\n","protected":false},"author":2,"featured_media":19330,"comment_status":"open","ping_status":"open","sticky":false,"template":"","format":"standard","meta":{"footnotes":""},"categories":[1],"tags":[],"class_list":["post-21125","post","type-post","status-publish","format-standard","has-post-thumbnail","hentry","category-mza"],"rttpg_featured_image_url":{"full":["https:\/\/elfederalmendoza.com.ar\/wp-content\/uploads\/2022\/12\/cristina-enojada.jpg",1200,799,false],"landscape":["https:\/\/elfederalmendoza.com.ar\/wp-content\/uploads\/2022\/12\/cristina-enojada.jpg",1200,799,false],"portraits":["https:\/\/elfederalmendoza.com.ar\/wp-content\/uploads\/2022\/12\/cristina-enojada.jpg",1200,799,false],"thumbnail":["https:\/\/elfederalmendoza.com.ar\/wp-content\/uploads\/2022\/12\/cristina-enojada-150x150.jpg",150,150,true],"medium":["https:\/\/elfederalmendoza.com.ar\/wp-content\/uploads\/2022\/12\/cristina-enojada-300x200.jpg",300,200,true],"large":["https:\/\/elfederalmendoza.com.ar\/wp-content\/uploads\/2022\/12\/cristina-enojada-1024x682.jpg",640,426,true],"1536x1536":["https:\/\/elfederalmendoza.com.ar\/wp-content\/uploads\/2022\/12\/cristina-enojada.jpg",1200,799,false],"2048x2048":["https:\/\/elfederalmendoza.com.ar\/wp-content\/uploads\/2022\/12\/cristina-enojada.jpg",1200,799,false],"ultp_layout_landscape_large":["https:\/\/elfederalmendoza.com.ar\/wp-content\/uploads\/2022\/12\/cristina-enojada.jpg",1200,799,false],"ultp_layout_landscape":["https:\/\/elfederalmendoza.com.ar\/wp-content\/uploads\/2022\/12\/cristina-enojada-870x570.jpg",870,570,true],"ultp_layout_portrait":["https:\/\/elfederalmendoza.com.ar\/wp-content\/uploads\/2022\/12\/cristina-enojada-600x799.jpg",600,799,true],"ultp_layout_square":["https:\/\/elfederalmendoza.com.ar\/wp-content\/uploads\/2022\/12\/cristina-enojada-600x600.jpg",600,600,true],"rpwe-thumbnail":["https:\/\/elfederalmendoza.com.ar\/wp-content\/uploads\/2022\/12\/cristina-enojada-45x45.jpg",45,45,true],"advps-thumb-one":["https:\/\/elfederalmendoza.com.ar\/wp-content\/uploads\/2022\/12\/cristina-enojada-1200x420.jpg",1200,420,true]},"rttpg_author":{"display_name":"Redacci\u00f3n El Federal","author_link":"https:\/\/elfederalmendoza.com.ar\/index.php\/author\/angelflores\/"},"rttpg_comment":0,"rttpg_category":"<a href=\"https:\/\/elfederalmendoza.com.ar\/index.php\/category\/mza\/\" rel=\"category tag\">Mendoza<\/a>","rttpg_excerpt":"La\u00a0vicepresidenta\u00a0Cristina Fern\u00e1ndez de Kirchner\u00a0se\u00f1al\u00f3 que\u00a0\u00aben la Argentina, parece que los tres poderes (del estado) no funcionan\u00bb\u00a0y asegur\u00f3 que\u00a0\u00abhoy no estamos ante un Estado democr\u00e1tico constitucional\u00bb. \u00abEstamos queriendo gestionar desde el Estado a una sociedad que tiene Internet y celulares con una forma de organizaci\u00f3n estatal, jur\u00eddica y pol\u00edtica que data de la Revoluci\u00f3n Francesa, una&hellip;","_links":{"self":[{"href":"https:\/\/elfederalmendoza.com.ar\/index.php\/wp-json\/wp\/v2\/posts\/21125","targetHints":{"allow":["GET"]}}],"collection":[{"href":"https:\/\/elfederalmendoza.com.ar\/index.php\/wp-json\/wp\/v2\/posts"}],"about":[{"href":"https:\/\/elfederalmendoza.com.ar\/index.php\/wp-json\/wp\/v2\/types\/post"}],"author":[{"embeddable":true,"href":"https:\/\/elfederalmendoza.com.ar\/index.php\/wp-json\/wp\/v2\/users\/2"}],"replies":[{"embeddable":true,"href":"https:\/\/elfederalmendoza.com.ar\/index.php\/wp-json\/wp\/v2\/comments?post=21125"}],"version-history":[{"count":1,"href":"https:\/\/elfederalmendoza.com.ar\/index.php\/wp-json\/wp\/v2\/posts\/21125\/revisions"}],"predecessor-version":[{"id":21127,"href":"https:\/\/elfederalmendoza.com.ar\/index.php\/wp-json\/wp\/v2\/posts\/21125\/revisions\/21127"}],"wp:featuredmedia":[{"embeddable":true,"href":"https:\/\/elfederalmendoza.com.ar\/index.php\/wp-json\/wp\/v2\/media\/19330"}],"wp:attachment":[{"href":"https:\/\/elfederalmendoza.com.ar\/index.php\/wp-json\/wp\/v2\/media?parent=21125"}],"wp:term":[{"taxonomy":"category","embeddable":true,"href":"https:\/\/elfederalmendoza.com.ar\/index.php\/wp-json\/wp\/v2\/categories?post=21125"},{"taxonomy":"post_tag","embeddable":true,"href":"https:\/\/elfederalmendoza.com.ar\/index.php\/wp-json\/wp\/v2\/tags?post=21125"}],"curies":[{"name":"wp","href":"https:\/\/api.w.org\/{rel}","templated":true}]}}