{"id":21128,"date":"2023-03-11T10:54:01","date_gmt":"2023-03-11T13:54:01","guid":{"rendered":"https:\/\/elfederalmendoza.com\/?p=21128"},"modified":"2023-03-11T10:55:27","modified_gmt":"2023-03-11T13:55:27","slug":"como-era-la-banda-narco-liderada-por-un-farmaceutico-que-cayo-en-mendoza","status":"publish","type":"post","link":"https:\/\/elfederalmendoza.com.ar\/index.php\/2023\/03\/11\/como-era-la-banda-narco-liderada-por-un-farmaceutico-que-cayo-en-mendoza\/","title":{"rendered":"C\u00f3mo era la banda narco liderada por un farmac\u00e9utico que cay\u00f3 en Mendoza\u00a0"},"content":{"rendered":"\n<p>Una banda dedicada al procesamiento y estiramiento de estupefacientes, <strong>liderada por el propietario de una farmacia,<\/strong> fue desbaratada en la provincia de\u00a0<strong>Mendoza<\/strong>\u00a0tras una serie de allanamientos en los que se secuestraron 19 kilogramos de coca\u00edna, plantas de marihuana, armas y dinero, inform\u00f3 hoy el Ministerio de Seguridad provincial.<\/p>\n\n\n\n<p>El gobernador de\u00a0<strong>Mendoza<\/strong>, Rodolfo Su\u00e1rez, public\u00f3 en su cuenta de Twitter: \u00abLuego de 9 meses de una minuciosa investigaci\u00f3n, la jefatura de la Polic\u00eda de Lucha Contra el Narcotr\u00e1fico junto a personal de la AFIP y Aduana,<strong> lograron desarticular una organizaci\u00f3n que se dedicaba al procesamiento y estiramiento de coca\u00edna\u00bb.<\/strong><\/p>\n\n\n\n<p>El operativo comenz\u00f3 en la madrugada de hoy, cuando los pesquisas llegaron a un domicilio de la calle Rioja al 2100 de la ciudad de Mendoza, donde <strong>cuatro personas se habr\u00edan reunido para adulterar coca\u00edna y obtener un volumen mayor.<\/strong><\/p>\n\n\n\n<p>De acuerdo con lo informado, contaban con numerosos precursores qu\u00edmicos, productos farmac\u00e9uticos y veterinarios.<\/p>\n\n\n\n<figure class=\"wp-block-embed is-type-rich is-provider-twitter wp-block-embed-twitter\"><div class=\"wp-block-embed__wrapper\">\n<blockquote class=\"twitter-tweet\" data-width=\"550\" data-dnt=\"true\"><p lang=\"es\" dir=\"ltr\">Luego de 9 meses de una minuciosa investigaci\u00f3n, la jefatura de la Polic\u00eda de Lucha Contra el Narcotr\u00e1fico junto a personal de la AFIP y Aduana, lograron desarticular una organizaci\u00f3n que se dedicaba al procesamiento y estiramiento de coca\u00edna. <a href=\"https:\/\/t.co\/CU2kpblfRa\">pic.twitter.com\/CU2kpblfRa<\/a><\/p>&mdash; Rodolfo Suarez (@rodysuarez) <a href=\"https:\/\/twitter.com\/rodysuarez\/status\/1634245835121631250?ref_src=twsrc%5Etfw\">March 10, 2023<\/a><\/blockquote><script async src=\"https:\/\/platform.twitter.com\/widgets.js\" charset=\"utf-8\"><\/script>\n<\/div><\/figure>\n\n\n\n<p>Las medidas judiciales incluyeron una conocida farmacia c\u00e9ntrica, desde donde se desviaban los precursores y sustancias qu\u00edmicas utilizadas, teniendo el propietario una participaci\u00f3n activa en la organizaci\u00f3n.<\/p>\n\n\n\n<p>En total, se secuestraron 18.944 gramos de coca\u00edna distribuidos en 18 ladrillos, 340 semillas de cannabis, 6 plantas de cannabis sativa, y 1.880 gramos de la sustancia, un rifle calibre .22 marca Batan, una escopeta doble ca\u00f1o calibre .16, y tres veh\u00edculos.<\/p>\n\n\n\n<p>Los agentes tambi\u00e9n se incautaron de 472.590 pesos, 17.000 d\u00f3lares, 19 tel\u00e9fonos celulares, dos notebooks, y precursores qu\u00edmicos varios: fenolftale\u00edna, lidoca\u00edna, cafe\u00edna, \u00e1cido clorh\u00eddrico y otras sustancias que son analizadas.<\/p>\n\n\n\n<p>El ministro de Seguridad, Ra\u00fal Levrino, puntualiz\u00f3: \u00abEstamos trabajando en una pol\u00edtica en el combate del narcotr\u00e1fico. Esto nos demuestra que venimos coordinando las acciones en una mesa de an\u00e1lisis no solo con la Polic\u00eda sino con organismos nacionales, AFIP y Aduana\u00bb.<\/p>\n\n\n\n<p>\u00abHay que destacar que desde que comenz\u00f3 la gesti\u00f3n de Rodolfo Suarez ya se han detenido a m\u00e1s de 1.000 personas en el narcotr\u00e1fico y hay 1.017 kioscos desactivados\u00bb, resalt\u00f3 el funcionario.<\/p>\n\n\n\n<p>Como resultado del operativo, el Juzgado Federal 1 dispuso la detenci\u00f3n e incomunicaci\u00f3n de siete personas: C\u00e9sar R. (37), Carlos D. (47), Celia R. (46), Marco D. (20), Mario M. (61), Luis B. (39) y Claudio D. (41), quienes fueron trasladados a la Unidad de Detenci\u00f3n Federal 32.<\/p>\n\n\n\n<p>En la investigaci\u00f3n se realiz\u00f3 un importante entrecruzamiento de informaci\u00f3n con AFIP-Aduana a fin de obtener perfiles econ\u00f3micos y modos de vida de los investigados, inform\u00f3 la cartera de seguridad, a la vez que tambi\u00e9n fue necesaria la colaboraci\u00f3n del \u00c1rea de Coordinaci\u00f3n de Precursores Qu\u00edmicos para la utilizaci\u00f3n de las distintas sustancias utilizadas.<\/p>\n\n\n\n<p><em>Fuente: Memo<\/em><\/p>\n","protected":false},"excerpt":{"rendered":"<p>Una banda dedicada al procesamiento y estiramiento de estupefacientes, liderada por el propietario de una farmacia, fue desbaratada en la provincia de\u00a0Mendoza\u00a0tras una serie de allanamientos en los que se secuestraron 19 kilogramos de coca\u00edna, plantas de marihuana, armas y dinero, inform\u00f3 hoy el Ministerio de Seguridad provincial. El gobernador de\u00a0Mendoza, Rodolfo Su\u00e1rez, public\u00f3 en<a class=\"read-more\" href=\"https:\/\/elfederalmendoza.com.ar\/index.php\/2023\/03\/11\/como-era-la-banda-narco-liderada-por-un-farmaceutico-que-cayo-en-mendoza\/\"> [&hellip;]<\/a><\/p>\n","protected":false},"author":2,"featured_media":21132,"comment_status":"open","ping_status":"open","sticky":false,"template":"","format":"standard","meta":{"footnotes":""},"categories":[1],"tags":[],"class_list":["post-21128","post","type-post","status-publish","format-standard","has-post-thumbnail","hentry","category-mza"],"rttpg_featured_image_url":{"full":["https:\/\/elfederalmendoza.com.ar\/wp-content\/uploads\/2023\/03\/Fq4B6hCWYAAJsoW.jpg",680,453,false],"landscape":["https:\/\/elfederalmendoza.com.ar\/wp-content\/uploads\/2023\/03\/Fq4B6hCWYAAJsoW.jpg",680,453,false],"portraits":["https:\/\/elfederalmendoza.com.ar\/wp-content\/uploads\/2023\/03\/Fq4B6hCWYAAJsoW.jpg",680,453,false],"thumbnail":["https:\/\/elfederalmendoza.com.ar\/wp-content\/uploads\/2023\/03\/Fq4B6hCWYAAJsoW-150x150.jpg",150,150,true],"medium":["https:\/\/elfederalmendoza.com.ar\/wp-content\/uploads\/2023\/03\/Fq4B6hCWYAAJsoW-300x200.jpg",300,200,true],"large":["https:\/\/elfederalmendoza.com.ar\/wp-content\/uploads\/2023\/03\/Fq4B6hCWYAAJsoW.jpg",640,426,false],"1536x1536":["https:\/\/elfederalmendoza.com.ar\/wp-content\/uploads\/2023\/03\/Fq4B6hCWYAAJsoW.jpg",680,453,false],"2048x2048":["https:\/\/elfederalmendoza.com.ar\/wp-content\/uploads\/2023\/03\/Fq4B6hCWYAAJsoW.jpg",680,453,false],"ultp_layout_landscape_large":["https:\/\/elfederalmendoza.com.ar\/wp-content\/uploads\/2023\/03\/Fq4B6hCWYAAJsoW.jpg",680,453,false],"ultp_layout_landscape":["https:\/\/elfederalmendoza.com.ar\/wp-content\/uploads\/2023\/03\/Fq4B6hCWYAAJsoW.jpg",680,453,false],"ultp_layout_portrait":["https:\/\/elfederalmendoza.com.ar\/wp-content\/uploads\/2023\/03\/Fq4B6hCWYAAJsoW-600x453.jpg",600,453,true],"ultp_layout_square":["https:\/\/elfederalmendoza.com.ar\/wp-content\/uploads\/2023\/03\/Fq4B6hCWYAAJsoW-600x453.jpg",600,453,true],"rpwe-thumbnail":["https:\/\/elfederalmendoza.com.ar\/wp-content\/uploads\/2023\/03\/Fq4B6hCWYAAJsoW-45x45.jpg",45,45,true],"advps-thumb-one":["https:\/\/elfederalmendoza.com.ar\/wp-content\/uploads\/2023\/03\/Fq4B6hCWYAAJsoW-680x420.jpg",680,420,true]},"rttpg_author":{"display_name":"Redacci\u00f3n El Federal","author_link":"https:\/\/elfederalmendoza.com.ar\/index.php\/author\/angelflores\/"},"rttpg_comment":0,"rttpg_category":"<a href=\"https:\/\/elfederalmendoza.com.ar\/index.php\/category\/mza\/\" rel=\"category tag\">Mendoza<\/a>","rttpg_excerpt":"Una banda dedicada al procesamiento y estiramiento de estupefacientes, liderada por el propietario de una farmacia, fue desbaratada en la provincia de\u00a0Mendoza\u00a0tras una serie de allanamientos en los que se secuestraron 19 kilogramos de coca\u00edna, plantas de marihuana, armas y dinero, inform\u00f3 hoy el Ministerio de Seguridad provincial. El gobernador de\u00a0Mendoza, Rodolfo Su\u00e1rez, public\u00f3 en&hellip;","_links":{"self":[{"href":"https:\/\/elfederalmendoza.com.ar\/index.php\/wp-json\/wp\/v2\/posts\/21128","targetHints":{"allow":["GET"]}}],"collection":[{"href":"https:\/\/elfederalmendoza.com.ar\/index.php\/wp-json\/wp\/v2\/posts"}],"about":[{"href":"https:\/\/elfederalmendoza.com.ar\/index.php\/wp-json\/wp\/v2\/types\/post"}],"author":[{"embeddable":true,"href":"https:\/\/elfederalmendoza.com.ar\/index.php\/wp-json\/wp\/v2\/users\/2"}],"replies":[{"embeddable":true,"href":"https:\/\/elfederalmendoza.com.ar\/index.php\/wp-json\/wp\/v2\/comments?post=21128"}],"version-history":[{"count":2,"href":"https:\/\/elfederalmendoza.com.ar\/index.php\/wp-json\/wp\/v2\/posts\/21128\/revisions"}],"predecessor-version":[{"id":21131,"href":"https:\/\/elfederalmendoza.com.ar\/index.php\/wp-json\/wp\/v2\/posts\/21128\/revisions\/21131"}],"wp:featuredmedia":[{"embeddable":true,"href":"https:\/\/elfederalmendoza.com.ar\/index.php\/wp-json\/wp\/v2\/media\/21132"}],"wp:attachment":[{"href":"https:\/\/elfederalmendoza.com.ar\/index.php\/wp-json\/wp\/v2\/media?parent=21128"}],"wp:term":[{"taxonomy":"category","embeddable":true,"href":"https:\/\/elfederalmendoza.com.ar\/index.php\/wp-json\/wp\/v2\/categories?post=21128"},{"taxonomy":"post_tag","embeddable":true,"href":"https:\/\/elfederalmendoza.com.ar\/index.php\/wp-json\/wp\/v2\/tags?post=21128"}],"curies":[{"name":"wp","href":"https:\/\/api.w.org\/{rel}","templated":true}]}}