{"id":21133,"date":"2023-03-11T02:23:00","date_gmt":"2023-03-11T05:23:00","guid":{"rendered":"https:\/\/elfederalmendoza.com\/?p=21133"},"modified":"2023-03-11T11:25:19","modified_gmt":"2023-03-11T14:25:19","slug":"un-ascensor-cayo-del-quinto-piso-de-un-edificio-en-mendoza-dos-jovenes-resultaron-heridos","status":"publish","type":"post","link":"https:\/\/elfederalmendoza.com.ar\/index.php\/2023\/03\/11\/un-ascensor-cayo-del-quinto-piso-de-un-edificio-en-mendoza-dos-jovenes-resultaron-heridos\/","title":{"rendered":"Un ascensor cay\u00f3 del quinto piso de un edificio en Mendoza: dos j\u00f3venes resultaron heridos"},"content":{"rendered":"\n<p><strong>Dos j\u00f3venes resultaron heridos este viernes al caer el ascensor de un edificio<\/strong>&nbsp;ubicado en la localidad mendocina de&nbsp;<strong>Godoy Cruz<\/strong>, y ambos fueron rescatados por personal de bomberos, informaron fuentes policiales al se\u00f1alar que&nbsp;<strong>hab\u00eda seis personas en el interior del elevador<\/strong>.<\/p>\n\n\n\n<p>El hecho ocurri\u00f3 cerca de las 2, en un edificio ubicado en calle Santiago del Estero y O\u2019Higgins cuando&nbsp;<strong>seis j\u00f3venes subieron al ascensor en el quinto piso y est\u00e9 se desplom\u00f3, lo que provoc\u00f3 heridas a dos de ellos<\/strong>.<\/p>\n\n\n\n<p>De las primeras averiguaciones surgi\u00f3 que los j\u00f3venes participaban de una celebraci\u00f3n en el Sal\u00f3n de Uso M\u00faltiple (SUM), de la Residencia Recova, y cerca de las 2 se subieron al ascensor y&nbsp;<strong>por motivos que los peritos tratan de establecer, est\u00e9 cay\u00f3 sin posibilidad alguna de detenerlo<\/strong>.<\/p>\n\n\n\n<p>Como consecuencia de la ca\u00edda y el fuerte ruido que caus\u00f3 en el edificio, un llamado a la l\u00ednea de emergencia alert\u00f3 a las autoridades sobre el accidente por lo que enviaron personal de bomberos y del Servicio de Emergencia Coordinado (SEC) al lugar.<\/p>\n\n\n\n<p>Dotaciones de&nbsp;<strong>Bomberos del Cuartel Central y Voluntarios llegaron y auxiliaron a los j\u00f3venes atrapados que fueron rescatados y dos de ellos fueron asistidos por m\u00e9dicos<\/strong>&nbsp;de la ambulancia por heridas leves y por precauci\u00f3n fueron derivados al hospital Del Carmen, ubicado en la localidad de Godoy Cruz.<\/p>\n\n\n\n<p>Los<strong>&nbsp;peritos trabajaron en el lugar con el objetivo de obtener elementos para la investigaci\u00f3n y determinar la mec\u00e1nica del accidente<\/strong>&nbsp;que caus\u00f3 dos heridos, adem\u00e1s de las responsabilidades de los involucrados dado que se analiza si hab\u00eda advertencia en el aparato al que subieron seis muchachos de que su capacidad era hasta cuatro personas.<\/p>\n\n\n\n<p>Los investigadores adem\u00e1s tratan de establecer porque fallaron los frenos del ascensor y su mantenimiento, y si el exceso de capacidad fue el motivo del accidente, ya que en ese momento hab\u00eda seis personas cuando la capacidad m\u00e1xima era de 4, estos elementos junto a otros ser\u00e1n peritados en la investigaci\u00f3n de la fiscal\u00eda de Jurisdicci\u00f3n Godoy Cruz.<\/p>\n\n\n\n<p><em>Fuente: T\u00e9lam<\/em><\/p>\n","protected":false},"excerpt":{"rendered":"<p>Dos j\u00f3venes resultaron heridos este viernes al caer el ascensor de un edificio&nbsp;ubicado en la localidad mendocina de&nbsp;Godoy Cruz, y ambos fueron rescatados por personal de bomberos, informaron fuentes policiales al se\u00f1alar que&nbsp;hab\u00eda seis personas en el interior del elevador. El hecho ocurri\u00f3 cerca de las 2, en un edificio ubicado en calle Santiago del<a class=\"read-more\" href=\"https:\/\/elfederalmendoza.com.ar\/index.php\/2023\/03\/11\/un-ascensor-cayo-del-quinto-piso-de-un-edificio-en-mendoza-dos-jovenes-resultaron-heridos\/\"> [&hellip;]<\/a><\/p>\n","protected":false},"author":2,"featured_media":21134,"comment_status":"open","ping_status":"open","sticky":false,"template":"","format":"standard","meta":{"footnotes":""},"categories":[1],"tags":[],"class_list":["post-21133","post","type-post","status-publish","format-standard","has-post-thumbnail","hentry","category-mza"],"rttpg_featured_image_url":{"full":["https:\/\/elfederalmendoza.com.ar\/wp-content\/uploads\/2023\/03\/WhatsApp-Image-2023-03-11-at-11.25.00.jpeg",500,375,false],"landscape":["https:\/\/elfederalmendoza.com.ar\/wp-content\/uploads\/2023\/03\/WhatsApp-Image-2023-03-11-at-11.25.00.jpeg",500,375,false],"portraits":["https:\/\/elfederalmendoza.com.ar\/wp-content\/uploads\/2023\/03\/WhatsApp-Image-2023-03-11-at-11.25.00.jpeg",500,375,false],"thumbnail":["https:\/\/elfederalmendoza.com.ar\/wp-content\/uploads\/2023\/03\/WhatsApp-Image-2023-03-11-at-11.25.00-150x150.jpeg",150,150,true],"medium":["https:\/\/elfederalmendoza.com.ar\/wp-content\/uploads\/2023\/03\/WhatsApp-Image-2023-03-11-at-11.25.00-300x225.jpeg",300,225,true],"large":["https:\/\/elfederalmendoza.com.ar\/wp-content\/uploads\/2023\/03\/WhatsApp-Image-2023-03-11-at-11.25.00.jpeg",500,375,false],"1536x1536":["https:\/\/elfederalmendoza.com.ar\/wp-content\/uploads\/2023\/03\/WhatsApp-Image-2023-03-11-at-11.25.00.jpeg",500,375,false],"2048x2048":["https:\/\/elfederalmendoza.com.ar\/wp-content\/uploads\/2023\/03\/WhatsApp-Image-2023-03-11-at-11.25.00.jpeg",500,375,false],"ultp_layout_landscape_large":["https:\/\/elfederalmendoza.com.ar\/wp-content\/uploads\/2023\/03\/WhatsApp-Image-2023-03-11-at-11.25.00.jpeg",500,375,false],"ultp_layout_landscape":["https:\/\/elfederalmendoza.com.ar\/wp-content\/uploads\/2023\/03\/WhatsApp-Image-2023-03-11-at-11.25.00.jpeg",500,375,false],"ultp_layout_portrait":["https:\/\/elfederalmendoza.com.ar\/wp-content\/uploads\/2023\/03\/WhatsApp-Image-2023-03-11-at-11.25.00.jpeg",500,375,false],"ultp_layout_square":["https:\/\/elfederalmendoza.com.ar\/wp-content\/uploads\/2023\/03\/WhatsApp-Image-2023-03-11-at-11.25.00.jpeg",500,375,false],"rpwe-thumbnail":["https:\/\/elfederalmendoza.com.ar\/wp-content\/uploads\/2023\/03\/WhatsApp-Image-2023-03-11-at-11.25.00-45x45.jpeg",45,45,true],"advps-thumb-one":["https:\/\/elfederalmendoza.com.ar\/wp-content\/uploads\/2023\/03\/WhatsApp-Image-2023-03-11-at-11.25.00.jpeg",500,375,false]},"rttpg_author":{"display_name":"Redacci\u00f3n El Federal","author_link":"https:\/\/elfederalmendoza.com.ar\/index.php\/author\/angelflores\/"},"rttpg_comment":0,"rttpg_category":"<a href=\"https:\/\/elfederalmendoza.com.ar\/index.php\/category\/mza\/\" rel=\"category tag\">Mendoza<\/a>","rttpg_excerpt":"Dos j\u00f3venes resultaron heridos este viernes al caer el ascensor de un edificio&nbsp;ubicado en la localidad mendocina de&nbsp;Godoy Cruz, y ambos fueron rescatados por personal de bomberos, informaron fuentes policiales al se\u00f1alar que&nbsp;hab\u00eda seis personas en el interior del elevador. El hecho ocurri\u00f3 cerca de las 2, en un edificio ubicado en calle Santiago del&hellip;","_links":{"self":[{"href":"https:\/\/elfederalmendoza.com.ar\/index.php\/wp-json\/wp\/v2\/posts\/21133","targetHints":{"allow":["GET"]}}],"collection":[{"href":"https:\/\/elfederalmendoza.com.ar\/index.php\/wp-json\/wp\/v2\/posts"}],"about":[{"href":"https:\/\/elfederalmendoza.com.ar\/index.php\/wp-json\/wp\/v2\/types\/post"}],"author":[{"embeddable":true,"href":"https:\/\/elfederalmendoza.com.ar\/index.php\/wp-json\/wp\/v2\/users\/2"}],"replies":[{"embeddable":true,"href":"https:\/\/elfederalmendoza.com.ar\/index.php\/wp-json\/wp\/v2\/comments?post=21133"}],"version-history":[{"count":1,"href":"https:\/\/elfederalmendoza.com.ar\/index.php\/wp-json\/wp\/v2\/posts\/21133\/revisions"}],"predecessor-version":[{"id":21135,"href":"https:\/\/elfederalmendoza.com.ar\/index.php\/wp-json\/wp\/v2\/posts\/21133\/revisions\/21135"}],"wp:featuredmedia":[{"embeddable":true,"href":"https:\/\/elfederalmendoza.com.ar\/index.php\/wp-json\/wp\/v2\/media\/21134"}],"wp:attachment":[{"href":"https:\/\/elfederalmendoza.com.ar\/index.php\/wp-json\/wp\/v2\/media?parent=21133"}],"wp:term":[{"taxonomy":"category","embeddable":true,"href":"https:\/\/elfederalmendoza.com.ar\/index.php\/wp-json\/wp\/v2\/categories?post=21133"},{"taxonomy":"post_tag","embeddable":true,"href":"https:\/\/elfederalmendoza.com.ar\/index.php\/wp-json\/wp\/v2\/tags?post=21133"}],"curies":[{"name":"wp","href":"https:\/\/api.w.org\/{rel}","templated":true}]}}