{"id":21150,"date":"2023-03-12T12:36:15","date_gmt":"2023-03-12T15:36:15","guid":{"rendered":"https:\/\/elfederalmendoza.com\/?p=21150"},"modified":"2023-03-12T12:36:16","modified_gmt":"2023-03-12T15:36:16","slug":"otro-joven-fue-baleado-en-guaymallen-y-se-descubrio-que-tenia-un-pedido-de-captura","status":"publish","type":"post","link":"https:\/\/elfederalmendoza.com.ar\/index.php\/2023\/03\/12\/otro-joven-fue-baleado-en-guaymallen-y-se-descubrio-que-tenia-un-pedido-de-captura\/","title":{"rendered":"Otro joven fue baleado en Guaymall\u00e9n y se descubri\u00f3 que ten\u00eda un pedido de captura"},"content":{"rendered":"\n<p>En menos de 24 horas,<strong>\u00a0otro joven fue baleado\u00a0<\/strong>en el Gran Mendoza. Esta vez, el hecho se produjo en\u00a0<strong>Guaymall\u00e9n<\/strong>\u00a0y el herido tiene 24 a\u00f1os.<\/p>\n\n\n\n<p>En este caso, el hecho se produjo a las 22.30 en el <strong>barrio San Jorge frente a la Manzana B, en la calle Sarmiento<\/strong>.<\/p>\n\n\n\n<p>Similar a la balacera de Godoy Cruz que se produjo el mismo,<strong>\u00a0la v\u00edctima se encontraba en el lugar cuando dos sujetos pasaron en una moto 110 cc y realizaron varios disparos contra el domicilio, hiri\u00e9ndolo.<\/strong><\/p>\n\n\n\n<p>A trav\u00e9s del sistema policial se verificaron los datos de la v\u00edctima y para sorpresa de los uniformados\u00a0<strong>ten\u00eda una medida pendiente de captura<\/strong>\u00a0de Oficina Fiscal N\u00b0 18 de la Comisar\u00eda 44. Adem\u00e1s, el herido posee\u00a0<strong>varios antecedentes judiciales<\/strong>.<\/p>\n\n\n\n<p>El lesionado fue trasladado hasta el Hospital Central donde lo asistieron de <strong>una herida de arma de fuego<\/strong> en zona lumbar con orificio de entrada sin salida, quedando internado con custodia policial.<\/p>\n\n\n\n<p>En la causa, intervino personal de la Oficina Fiscal 8 de la Comisar\u00eda 25.<\/p>\n","protected":false},"excerpt":{"rendered":"<p>En menos de 24 horas,\u00a0otro joven fue baleado\u00a0en el Gran Mendoza. Esta vez, el hecho se produjo en\u00a0Guaymall\u00e9n\u00a0y el herido tiene 24 a\u00f1os. En este caso, el hecho se produjo a las 22.30 en el barrio San Jorge frente a la Manzana B, en la calle Sarmiento. Similar a la balacera de Godoy Cruz que<a class=\"read-more\" href=\"https:\/\/elfederalmendoza.com.ar\/index.php\/2023\/03\/12\/otro-joven-fue-baleado-en-guaymallen-y-se-descubrio-que-tenia-un-pedido-de-captura\/\"> [&hellip;]<\/a><\/p>\n","protected":false},"author":2,"featured_media":21151,"comment_status":"open","ping_status":"open","sticky":false,"template":"","format":"standard","meta":{"footnotes":""},"categories":[1],"tags":[],"class_list":["post-21150","post","type-post","status-publish","format-standard","has-post-thumbnail","hentry","category-mza"],"rttpg_featured_image_url":{"full":["https:\/\/elfederalmendoza.com.ar\/wp-content\/uploads\/2023\/03\/calle-sarmiento.jpg",922,599,false],"landscape":["https:\/\/elfederalmendoza.com.ar\/wp-content\/uploads\/2023\/03\/calle-sarmiento.jpg",922,599,false],"portraits":["https:\/\/elfederalmendoza.com.ar\/wp-content\/uploads\/2023\/03\/calle-sarmiento.jpg",922,599,false],"thumbnail":["https:\/\/elfederalmendoza.com.ar\/wp-content\/uploads\/2023\/03\/calle-sarmiento-150x150.jpg",150,150,true],"medium":["https:\/\/elfederalmendoza.com.ar\/wp-content\/uploads\/2023\/03\/calle-sarmiento-300x195.jpg",300,195,true],"large":["https:\/\/elfederalmendoza.com.ar\/wp-content\/uploads\/2023\/03\/calle-sarmiento.jpg",640,416,false],"1536x1536":["https:\/\/elfederalmendoza.com.ar\/wp-content\/uploads\/2023\/03\/calle-sarmiento.jpg",922,599,false],"2048x2048":["https:\/\/elfederalmendoza.com.ar\/wp-content\/uploads\/2023\/03\/calle-sarmiento.jpg",922,599,false],"ultp_layout_landscape_large":["https:\/\/elfederalmendoza.com.ar\/wp-content\/uploads\/2023\/03\/calle-sarmiento.jpg",922,599,false],"ultp_layout_landscape":["https:\/\/elfederalmendoza.com.ar\/wp-content\/uploads\/2023\/03\/calle-sarmiento-870x570.jpg",870,570,true],"ultp_layout_portrait":["https:\/\/elfederalmendoza.com.ar\/wp-content\/uploads\/2023\/03\/calle-sarmiento-600x599.jpg",600,599,true],"ultp_layout_square":["https:\/\/elfederalmendoza.com.ar\/wp-content\/uploads\/2023\/03\/calle-sarmiento-600x599.jpg",600,599,true],"rpwe-thumbnail":["https:\/\/elfederalmendoza.com.ar\/wp-content\/uploads\/2023\/03\/calle-sarmiento-45x45.jpg",45,45,true],"advps-thumb-one":["https:\/\/elfederalmendoza.com.ar\/wp-content\/uploads\/2023\/03\/calle-sarmiento-922x420.jpg",922,420,true]},"rttpg_author":{"display_name":"Redacci\u00f3n El Federal","author_link":"https:\/\/elfederalmendoza.com.ar\/index.php\/author\/angelflores\/"},"rttpg_comment":0,"rttpg_category":"<a href=\"https:\/\/elfederalmendoza.com.ar\/index.php\/category\/mza\/\" rel=\"category tag\">Mendoza<\/a>","rttpg_excerpt":"En menos de 24 horas,\u00a0otro joven fue baleado\u00a0en el Gran Mendoza. Esta vez, el hecho se produjo en\u00a0Guaymall\u00e9n\u00a0y el herido tiene 24 a\u00f1os. En este caso, el hecho se produjo a las 22.30 en el barrio San Jorge frente a la Manzana B, en la calle Sarmiento. Similar a la balacera de Godoy Cruz que&hellip;","_links":{"self":[{"href":"https:\/\/elfederalmendoza.com.ar\/index.php\/wp-json\/wp\/v2\/posts\/21150","targetHints":{"allow":["GET"]}}],"collection":[{"href":"https:\/\/elfederalmendoza.com.ar\/index.php\/wp-json\/wp\/v2\/posts"}],"about":[{"href":"https:\/\/elfederalmendoza.com.ar\/index.php\/wp-json\/wp\/v2\/types\/post"}],"author":[{"embeddable":true,"href":"https:\/\/elfederalmendoza.com.ar\/index.php\/wp-json\/wp\/v2\/users\/2"}],"replies":[{"embeddable":true,"href":"https:\/\/elfederalmendoza.com.ar\/index.php\/wp-json\/wp\/v2\/comments?post=21150"}],"version-history":[{"count":1,"href":"https:\/\/elfederalmendoza.com.ar\/index.php\/wp-json\/wp\/v2\/posts\/21150\/revisions"}],"predecessor-version":[{"id":21152,"href":"https:\/\/elfederalmendoza.com.ar\/index.php\/wp-json\/wp\/v2\/posts\/21150\/revisions\/21152"}],"wp:featuredmedia":[{"embeddable":true,"href":"https:\/\/elfederalmendoza.com.ar\/index.php\/wp-json\/wp\/v2\/media\/21151"}],"wp:attachment":[{"href":"https:\/\/elfederalmendoza.com.ar\/index.php\/wp-json\/wp\/v2\/media?parent=21150"}],"wp:term":[{"taxonomy":"category","embeddable":true,"href":"https:\/\/elfederalmendoza.com.ar\/index.php\/wp-json\/wp\/v2\/categories?post=21150"},{"taxonomy":"post_tag","embeddable":true,"href":"https:\/\/elfederalmendoza.com.ar\/index.php\/wp-json\/wp\/v2\/tags?post=21150"}],"curies":[{"name":"wp","href":"https:\/\/api.w.org\/{rel}","templated":true}]}}