{"id":21153,"date":"2023-03-13T02:12:00","date_gmt":"2023-03-13T05:12:00","guid":{"rendered":"https:\/\/elfederalmendoza.com\/?p=21153"},"modified":"2023-03-13T11:01:08","modified_gmt":"2023-03-13T14:01:08","slug":"empresarios-tucumanos-haciendo-enduro-causaron-danos-en-un-area-protegida-de-la-cordillera-de-los-andes","status":"publish","type":"post","link":"https:\/\/elfederalmendoza.com.ar\/index.php\/2023\/03\/13\/empresarios-tucumanos-haciendo-enduro-causaron-danos-en-un-area-protegida-de-la-cordillera-de-los-andes\/","title":{"rendered":"Empresarios tucumanos haciendo enduro causaron da\u00f1os en un \u00e1rea protegida de la Cordillera de Los Andes"},"content":{"rendered":"\n<p><strong>El s\u00e1bado \u00faltimo un grupo de enduristas de Tucum\u00e1n caus\u00f3 da\u00f1os en el sector del Balc\u00f3n Pissis en la zona de Los Seismiles, en plena cordillera de Los Andes, en Catamarca.<\/strong><\/p>\n\n\n\n<p>La Ruta de los Seismiles es un tramo de la Ruta Nacional 60 que comienza en la ciudad de Fiambal\u00e1 y culmina en el Paso de San Francisco. Es la ruta m\u00e1s alta del mundo.<\/p>\n\n\n\n<p>En los videos y fotograf\u00edas, se observa un importante n\u00famero de motocicletas tipo enduro de alta cilindrada, trepando por las monta\u00f1as arenosas, dejando a su paso huellas y marcas.<\/p>\n\n\n\n<p>Seg\u00fan la informaci\u00f3n a la que Multimedios Abauc\u00e1n pudo acceder mediante Radio San Francisco 99.1 de Fiambal\u00e1, el gu\u00eda tur\u00edstico que se encarg\u00f3 de realizar las filmaciones y tomar fotograf\u00edas realiz\u00f3 la correspondiente denuncia penal en sede policial en contra de los visitantes que se adentraron a la Cordillera por fuera de las m\u00e1rgenes de los caminos.<\/p>\n\n\n\n<p><strong>El subcomisario de la Comisar\u00eda Fiambal\u00e1, Josu\u00e9 P\u00e1ez, dijo que un grupo de personas se apersonaron a sede policial para radicar la denuncia que posteriormente fue elevada a la Fiscal\u00eda de la 5\u00b0 Circunscripci\u00f3n en contra de un grupo de turistas provenientes de la provincia de Tucum\u00e1n, quienes ser\u00edan empresarios.<\/strong><\/p>\n\n\n\n<p>El funcionario policial dijo que no se tomaron medidas restrictivas en contra de los visitantes por carecer de una legislaci\u00f3n a nivel local que proh\u00edba este tipo de actividades.<\/p>\n\n\n\n<p><strong>MIR\u00c1 EL VIDEO:<\/strong><\/p>\n\n\n\n<figure class=\"wp-block-embed is-type-video is-provider-youtube wp-block-embed-youtube wp-embed-aspect-16-9 wp-has-aspect-ratio\"><div class=\"wp-block-embed__wrapper\">\n<iframe loading=\"lazy\" title=\"TURISTAS TUCUMANOS CAUSARON DA\u00d1OS EN LA CORDILLERA\" width=\"640\" height=\"360\" src=\"https:\/\/www.youtube.com\/embed\/WoYgnghoTA8?feature=oembed\" frameborder=\"0\" allow=\"accelerometer; autoplay; clipboard-write; encrypted-media; gyroscope; picture-in-picture; web-share\" referrerpolicy=\"strict-origin-when-cross-origin\" allowfullscreen><\/iframe>\n<\/div><\/figure>\n","protected":false},"excerpt":{"rendered":"<p>El s\u00e1bado \u00faltimo un grupo de enduristas de Tucum\u00e1n caus\u00f3 da\u00f1os en el sector del Balc\u00f3n Pissis en la zona de Los Seismiles, en plena cordillera de Los Andes, en Catamarca. La Ruta de los Seismiles es un tramo de la Ruta Nacional 60 que comienza en la ciudad de Fiambal\u00e1 y culmina en el<a class=\"read-more\" href=\"https:\/\/elfederalmendoza.com.ar\/index.php\/2023\/03\/13\/empresarios-tucumanos-haciendo-enduro-causaron-danos-en-un-area-protegida-de-la-cordillera-de-los-andes\/\"> [&hellip;]<\/a><\/p>\n","protected":false},"author":2,"featured_media":21171,"comment_status":"open","ping_status":"open","sticky":false,"template":"","format":"standard","meta":{"footnotes":""},"categories":[1],"tags":[],"class_list":["post-21153","post","type-post","status-publish","format-standard","has-post-thumbnail","hentry","category-mza"],"rttpg_featured_image_url":{"full":["https:\/\/elfederalmendoza.com.ar\/wp-content\/uploads\/2023\/03\/Screenshot-2023-03-12-at-20-47-21-Visitantes-tucumanos-realizaron-enduro-en-el-Balcon-Pissis-en-plena-cordillera-de-Los-Andes.jpg",509,351,false],"landscape":["https:\/\/elfederalmendoza.com.ar\/wp-content\/uploads\/2023\/03\/Screenshot-2023-03-12-at-20-47-21-Visitantes-tucumanos-realizaron-enduro-en-el-Balcon-Pissis-en-plena-cordillera-de-Los-Andes.jpg",509,351,false],"portraits":["https:\/\/elfederalmendoza.com.ar\/wp-content\/uploads\/2023\/03\/Screenshot-2023-03-12-at-20-47-21-Visitantes-tucumanos-realizaron-enduro-en-el-Balcon-Pissis-en-plena-cordillera-de-Los-Andes.jpg",509,351,false],"thumbnail":["https:\/\/elfederalmendoza.com.ar\/wp-content\/uploads\/2023\/03\/Screenshot-2023-03-12-at-20-47-21-Visitantes-tucumanos-realizaron-enduro-en-el-Balcon-Pissis-en-plena-cordillera-de-Los-Andes-150x150.jpg",150,150,true],"medium":["https:\/\/elfederalmendoza.com.ar\/wp-content\/uploads\/2023\/03\/Screenshot-2023-03-12-at-20-47-21-Visitantes-tucumanos-realizaron-enduro-en-el-Balcon-Pissis-en-plena-cordillera-de-Los-Andes-300x207.jpg",300,207,true],"large":["https:\/\/elfederalmendoza.com.ar\/wp-content\/uploads\/2023\/03\/Screenshot-2023-03-12-at-20-47-21-Visitantes-tucumanos-realizaron-enduro-en-el-Balcon-Pissis-en-plena-cordillera-de-Los-Andes.jpg",509,351,false],"1536x1536":["https:\/\/elfederalmendoza.com.ar\/wp-content\/uploads\/2023\/03\/Screenshot-2023-03-12-at-20-47-21-Visitantes-tucumanos-realizaron-enduro-en-el-Balcon-Pissis-en-plena-cordillera-de-Los-Andes.jpg",509,351,false],"2048x2048":["https:\/\/elfederalmendoza.com.ar\/wp-content\/uploads\/2023\/03\/Screenshot-2023-03-12-at-20-47-21-Visitantes-tucumanos-realizaron-enduro-en-el-Balcon-Pissis-en-plena-cordillera-de-Los-Andes.jpg",509,351,false],"ultp_layout_landscape_large":["https:\/\/elfederalmendoza.com.ar\/wp-content\/uploads\/2023\/03\/Screenshot-2023-03-12-at-20-47-21-Visitantes-tucumanos-realizaron-enduro-en-el-Balcon-Pissis-en-plena-cordillera-de-Los-Andes.jpg",509,351,false],"ultp_layout_landscape":["https:\/\/elfederalmendoza.com.ar\/wp-content\/uploads\/2023\/03\/Screenshot-2023-03-12-at-20-47-21-Visitantes-tucumanos-realizaron-enduro-en-el-Balcon-Pissis-en-plena-cordillera-de-Los-Andes.jpg",509,351,false],"ultp_layout_portrait":["https:\/\/elfederalmendoza.com.ar\/wp-content\/uploads\/2023\/03\/Screenshot-2023-03-12-at-20-47-21-Visitantes-tucumanos-realizaron-enduro-en-el-Balcon-Pissis-en-plena-cordillera-de-Los-Andes.jpg",509,351,false],"ultp_layout_square":["https:\/\/elfederalmendoza.com.ar\/wp-content\/uploads\/2023\/03\/Screenshot-2023-03-12-at-20-47-21-Visitantes-tucumanos-realizaron-enduro-en-el-Balcon-Pissis-en-plena-cordillera-de-Los-Andes.jpg",509,351,false],"rpwe-thumbnail":["https:\/\/elfederalmendoza.com.ar\/wp-content\/uploads\/2023\/03\/Screenshot-2023-03-12-at-20-47-21-Visitantes-tucumanos-realizaron-enduro-en-el-Balcon-Pissis-en-plena-cordillera-de-Los-Andes-45x45.jpg",45,45,true],"advps-thumb-one":["https:\/\/elfederalmendoza.com.ar\/wp-content\/uploads\/2023\/03\/Screenshot-2023-03-12-at-20-47-21-Visitantes-tucumanos-realizaron-enduro-en-el-Balcon-Pissis-en-plena-cordillera-de-Los-Andes.jpg",509,351,false]},"rttpg_author":{"display_name":"Redacci\u00f3n El Federal","author_link":"https:\/\/elfederalmendoza.com.ar\/index.php\/author\/angelflores\/"},"rttpg_comment":0,"rttpg_category":"<a href=\"https:\/\/elfederalmendoza.com.ar\/index.php\/category\/mza\/\" rel=\"category tag\">Mendoza<\/a>","rttpg_excerpt":"El s\u00e1bado \u00faltimo un grupo de enduristas de Tucum\u00e1n caus\u00f3 da\u00f1os en el sector del Balc\u00f3n Pissis en la zona de Los Seismiles, en plena cordillera de Los Andes, en Catamarca. La Ruta de los Seismiles es un tramo de la Ruta Nacional 60 que comienza en la ciudad de Fiambal\u00e1 y culmina en el&hellip;","_links":{"self":[{"href":"https:\/\/elfederalmendoza.com.ar\/index.php\/wp-json\/wp\/v2\/posts\/21153","targetHints":{"allow":["GET"]}}],"collection":[{"href":"https:\/\/elfederalmendoza.com.ar\/index.php\/wp-json\/wp\/v2\/posts"}],"about":[{"href":"https:\/\/elfederalmendoza.com.ar\/index.php\/wp-json\/wp\/v2\/types\/post"}],"author":[{"embeddable":true,"href":"https:\/\/elfederalmendoza.com.ar\/index.php\/wp-json\/wp\/v2\/users\/2"}],"replies":[{"embeddable":true,"href":"https:\/\/elfederalmendoza.com.ar\/index.php\/wp-json\/wp\/v2\/comments?post=21153"}],"version-history":[{"count":2,"href":"https:\/\/elfederalmendoza.com.ar\/index.php\/wp-json\/wp\/v2\/posts\/21153\/revisions"}],"predecessor-version":[{"id":21172,"href":"https:\/\/elfederalmendoza.com.ar\/index.php\/wp-json\/wp\/v2\/posts\/21153\/revisions\/21172"}],"wp:featuredmedia":[{"embeddable":true,"href":"https:\/\/elfederalmendoza.com.ar\/index.php\/wp-json\/wp\/v2\/media\/21171"}],"wp:attachment":[{"href":"https:\/\/elfederalmendoza.com.ar\/index.php\/wp-json\/wp\/v2\/media?parent=21153"}],"wp:term":[{"taxonomy":"category","embeddable":true,"href":"https:\/\/elfederalmendoza.com.ar\/index.php\/wp-json\/wp\/v2\/categories?post=21153"},{"taxonomy":"post_tag","embeddable":true,"href":"https:\/\/elfederalmendoza.com.ar\/index.php\/wp-json\/wp\/v2\/tags?post=21153"}],"curies":[{"name":"wp","href":"https:\/\/api.w.org\/{rel}","templated":true}]}}