{"id":21179,"date":"2023-03-13T17:57:23","date_gmt":"2023-03-13T20:57:23","guid":{"rendered":"https:\/\/elfederalmendoza.com\/?p=21179"},"modified":"2023-03-13T17:57:25","modified_gmt":"2023-03-13T20:57:25","slug":"avanza-la-boleta-unica-en-mendoza-con-la-licitacion-del-servicio-de-diseno-e-impresion-debutara-el-30-de-abril-en-siete-departamentos","status":"publish","type":"post","link":"https:\/\/elfederalmendoza.com.ar\/index.php\/2023\/03\/13\/avanza-la-boleta-unica-en-mendoza-con-la-licitacion-del-servicio-de-diseno-e-impresion-debutara-el-30-de-abril-en-siete-departamentos\/","title":{"rendered":"Avanza la boleta \u00fanica en Mendoza con la licitaci\u00f3n del servicio de dise\u00f1o e impresi\u00f3n: debutar\u00e1 el 30 de abril en siete departamentos"},"content":{"rendered":"\n<p>Luego de que este fin de semana se conocieran los precandidatos que competir\u00e1n en las&nbsp;<strong>Primarias Abiertas, Simult\u00e1neas y Obligatorias (PASO)<\/strong>&nbsp;en estas&nbsp;<strong>elecciones 2023<\/strong>&nbsp;en los siete departamentos que desdoblaron sus elecciones; la Junta Electoral public\u00f3 este lunes el llamado a licitaci\u00f3n para la impresi\u00f3n de la&nbsp;<strong><a href=\"https:\/\/www.sitioandino.com.ar\/politica\/cuanto-le-costara-la-provincia-el-desdoblamiento-elecciones-n5647741\" target=\"_blank\" rel=\"noreferrer noopener\">boleta \u00fanica<\/a><\/strong>, que ser\u00e1 la verdadera protagonista de este a\u00f1o.<\/p>\n\n\n\n<p>Es que por primera vez Mendoza aplicar\u00e1 la Boleta \u00danica Papel en los comicios departamentales y provinciales, mientras que en las nacionales se votar\u00e1 con la tradicional boleta s\u00e1bana.<\/p>\n\n\n\n<p>As\u00ed, esta nueva metodolog\u00eda debutar\u00e1 el pr\u00f3ximo 30 de abril en la&nbsp;<strong>elecci\u00f3n primaria<\/strong>&nbsp;de&nbsp;<strong>San Carlos, Tunuy\u00e1n, San Rafael, Santa Rosa, La Paz, Lavalle y Maip\u00fa.<\/strong><\/p>\n\n\n\n<p>Por eso, este lunes sali\u00f3 publicado en el Bolet\u00edn Oficial el llamado a licitaci\u00f3n de la Junta Electoral Provincial para la contrataci\u00f3n del servivio de \u00abdise\u00f1o e impresi\u00f3n de boleta \u00fanica\u00bb.<\/p>\n\n\n<div class=\"wp-block-image\">\n<figure class=\"aligncenter size-full\"><img loading=\"lazy\" decoding=\"async\" width=\"790\" height=\"527\" src=\"https:\/\/elfederalmendoza.com\/wp-content\/uploads\/2023\/03\/image-9.png\" alt=\"\" class=\"wp-image-21180\" srcset=\"https:\/\/elfederalmendoza.com.ar\/wp-content\/uploads\/2023\/03\/image-9.png 790w, https:\/\/elfederalmendoza.com.ar\/wp-content\/uploads\/2023\/03\/image-9-300x200.png 300w, https:\/\/elfederalmendoza.com.ar\/wp-content\/uploads\/2023\/03\/image-9-768x512.png 768w\" sizes=\"auto, (max-width: 790px) 100vw, 790px\" \/><\/figure><\/div>\n\n\n<p>El operativo es acelerado, teniendo en cuenta que estamos a un mes y medio de las elecciones en esos siete departamentos. La fecha de apertura de sobres ser\u00e1 el jueves 16 de marzo a las 9.<\/p>\n\n\n\n<p><strong>El presupuesto previsto es de $150.440.760, calculando un valor de $300 por cada boleta y teniendo en cuenta que estos siete municipios engloban unos 420.000 electores.<\/strong><\/p>\n\n\n\n<p>Se espera que, por cada elecci\u00f3n, se imprima un padr\u00f3n completo m\u00e1s un 10% de boletas extra.<\/p>\n\n\n\n<p>Otro gasto que tendr\u00e1 el Ejecutivo ser\u00e1 en la log\u00edstica de los comicios: el transporte de las urnas a cada escuela genera un operativo importante durante la jornada electoral.&nbsp;<strong>Para los siete municipios que tendr\u00e1n PASO el 30 de abril se estima unos 100 millones de pesos en ese \u00edtem, por lo que para los 18 departamentos el costo ser\u00e1 ampliamente mayor.<\/strong><\/p>\n\n\n\n<p>Por otro lado, tambi\u00e9n se realizar\u00e1 una&nbsp;<strong>importante campa\u00f1a de informaci\u00f3n en medios y redes sociales<\/strong>. Asimismo, habr\u00e1 stands especiales en los colegios para simular el uso de la boleta \u00fanica; un conjunto de elementos que incrementar\u00e1 el gasto que tendr\u00e1 el Gobierno para concretar la decisi\u00f3n del desdoblamiento electoral.<\/p>\n","protected":false},"excerpt":{"rendered":"<p>Luego de que este fin de semana se conocieran los precandidatos que competir\u00e1n en las&nbsp;Primarias Abiertas, Simult\u00e1neas y Obligatorias (PASO)&nbsp;en estas&nbsp;elecciones 2023&nbsp;en los siete departamentos que desdoblaron sus elecciones; la Junta Electoral public\u00f3 este lunes el llamado a licitaci\u00f3n para la impresi\u00f3n de la&nbsp;boleta \u00fanica, que ser\u00e1 la verdadera protagonista de este a\u00f1o. Es que<a class=\"read-more\" href=\"https:\/\/elfederalmendoza.com.ar\/index.php\/2023\/03\/13\/avanza-la-boleta-unica-en-mendoza-con-la-licitacion-del-servicio-de-diseno-e-impresion-debutara-el-30-de-abril-en-siete-departamentos\/\"> [&hellip;]<\/a><\/p>\n","protected":false},"author":2,"featured_media":21181,"comment_status":"open","ping_status":"open","sticky":false,"template":"","format":"standard","meta":{"footnotes":""},"categories":[1],"tags":[],"class_list":["post-21179","post","type-post","status-publish","format-standard","has-post-thumbnail","hentry","category-mza"],"rttpg_featured_image_url":{"full":["https:\/\/elfederalmendoza.com.ar\/wp-content\/uploads\/2023\/03\/boleta-unica.webp",790,594,false],"landscape":["https:\/\/elfederalmendoza.com.ar\/wp-content\/uploads\/2023\/03\/boleta-unica.webp",790,594,false],"portraits":["https:\/\/elfederalmendoza.com.ar\/wp-content\/uploads\/2023\/03\/boleta-unica.webp",790,594,false],"thumbnail":["https:\/\/elfederalmendoza.com.ar\/wp-content\/uploads\/2023\/03\/boleta-unica-150x150.webp",150,150,true],"medium":["https:\/\/elfederalmendoza.com.ar\/wp-content\/uploads\/2023\/03\/boleta-unica-300x226.webp",300,226,true],"large":["https:\/\/elfederalmendoza.com.ar\/wp-content\/uploads\/2023\/03\/boleta-unica.webp",640,481,false],"1536x1536":["https:\/\/elfederalmendoza.com.ar\/wp-content\/uploads\/2023\/03\/boleta-unica.webp",790,594,false],"2048x2048":["https:\/\/elfederalmendoza.com.ar\/wp-content\/uploads\/2023\/03\/boleta-unica.webp",790,594,false],"ultp_layout_landscape_large":["https:\/\/elfederalmendoza.com.ar\/wp-content\/uploads\/2023\/03\/boleta-unica.webp",790,594,false],"ultp_layout_landscape":["https:\/\/elfederalmendoza.com.ar\/wp-content\/uploads\/2023\/03\/boleta-unica-790x570.webp",790,570,true],"ultp_layout_portrait":["https:\/\/elfederalmendoza.com.ar\/wp-content\/uploads\/2023\/03\/boleta-unica-600x594.webp",600,594,true],"ultp_layout_square":["https:\/\/elfederalmendoza.com.ar\/wp-content\/uploads\/2023\/03\/boleta-unica-600x594.webp",600,594,true],"rpwe-thumbnail":["https:\/\/elfederalmendoza.com.ar\/wp-content\/uploads\/2023\/03\/boleta-unica-45x45.webp",45,45,true],"advps-thumb-one":["https:\/\/elfederalmendoza.com.ar\/wp-content\/uploads\/2023\/03\/boleta-unica-790x420.webp",790,420,true]},"rttpg_author":{"display_name":"Redacci\u00f3n El Federal","author_link":"https:\/\/elfederalmendoza.com.ar\/index.php\/author\/angelflores\/"},"rttpg_comment":0,"rttpg_category":"<a href=\"https:\/\/elfederalmendoza.com.ar\/index.php\/category\/mza\/\" rel=\"category tag\">Mendoza<\/a>","rttpg_excerpt":"Luego de que este fin de semana se conocieran los precandidatos que competir\u00e1n en las&nbsp;Primarias Abiertas, Simult\u00e1neas y Obligatorias (PASO)&nbsp;en estas&nbsp;elecciones 2023&nbsp;en los siete departamentos que desdoblaron sus elecciones; la Junta Electoral public\u00f3 este lunes el llamado a licitaci\u00f3n para la impresi\u00f3n de la&nbsp;boleta \u00fanica, que ser\u00e1 la verdadera protagonista de este a\u00f1o. Es que&hellip;","_links":{"self":[{"href":"https:\/\/elfederalmendoza.com.ar\/index.php\/wp-json\/wp\/v2\/posts\/21179","targetHints":{"allow":["GET"]}}],"collection":[{"href":"https:\/\/elfederalmendoza.com.ar\/index.php\/wp-json\/wp\/v2\/posts"}],"about":[{"href":"https:\/\/elfederalmendoza.com.ar\/index.php\/wp-json\/wp\/v2\/types\/post"}],"author":[{"embeddable":true,"href":"https:\/\/elfederalmendoza.com.ar\/index.php\/wp-json\/wp\/v2\/users\/2"}],"replies":[{"embeddable":true,"href":"https:\/\/elfederalmendoza.com.ar\/index.php\/wp-json\/wp\/v2\/comments?post=21179"}],"version-history":[{"count":1,"href":"https:\/\/elfederalmendoza.com.ar\/index.php\/wp-json\/wp\/v2\/posts\/21179\/revisions"}],"predecessor-version":[{"id":21182,"href":"https:\/\/elfederalmendoza.com.ar\/index.php\/wp-json\/wp\/v2\/posts\/21179\/revisions\/21182"}],"wp:featuredmedia":[{"embeddable":true,"href":"https:\/\/elfederalmendoza.com.ar\/index.php\/wp-json\/wp\/v2\/media\/21181"}],"wp:attachment":[{"href":"https:\/\/elfederalmendoza.com.ar\/index.php\/wp-json\/wp\/v2\/media?parent=21179"}],"wp:term":[{"taxonomy":"category","embeddable":true,"href":"https:\/\/elfederalmendoza.com.ar\/index.php\/wp-json\/wp\/v2\/categories?post=21179"},{"taxonomy":"post_tag","embeddable":true,"href":"https:\/\/elfederalmendoza.com.ar\/index.php\/wp-json\/wp\/v2\/tags?post=21179"}],"curies":[{"name":"wp","href":"https:\/\/api.w.org\/{rel}","templated":true}]}}