{"id":21198,"date":"2023-03-14T11:16:12","date_gmt":"2023-03-14T14:16:12","guid":{"rendered":"https:\/\/elfederalmendoza.com\/?p=21198"},"modified":"2023-03-14T11:16:13","modified_gmt":"2023-03-14T14:16:13","slug":"video-la-golpiza-a-dos-hombres-en-la-aristides-por-pegarle-a-una-moza","status":"publish","type":"post","link":"https:\/\/elfederalmendoza.com.ar\/index.php\/2023\/03\/14\/video-la-golpiza-a-dos-hombres-en-la-aristides-por-pegarle-a-una-moza\/","title":{"rendered":"Video: la golpiza a dos hombres en la Ar\u00edstides por pegarle a una moza"},"content":{"rendered":"\n<p>Este martes a la madrugada se vivi\u00f3 un violento hecho en un bar de la calle Ar\u00edstides.\u00a0<strong>Dos hombres agredieron a una moza de uno de los locales y, como resultado, fueron golpeados por el resto de los empleados y clientes\u00a0<\/strong>que se encontraban en el lugar.<\/p>\n\n\n\n<p>El incidente ocurri\u00f3 en\u00a0<strong>Maldito Perro<\/strong>, ubicado en Ar\u00edstides Villanueva 135. Seg\u00fan fuentes policiales, la moza estaba atendiendo a una mesa en la que se sentaban un hombre de 40 y otro de 35 a\u00f1os de edad cuando \u00e9stos la atacaron. La agresi\u00f3n ocurri\u00f3 cerca de las 3.20.<\/p>\n\n\n\n<p>El hombre de 40 a\u00f1os, que los cumpli\u00f3 el lunes y estaba celebrando su natalicio en el bar hasta la madrugada,<strong>\u00a0empuj\u00f3 a la v\u00edctima<\/strong>, de 20 a\u00f1os, y el otro\u00a0<strong>le dio un golpe con un vaso en la cara<\/strong>.<\/p>\n\n\n\n<blockquote class=\"twitter-tweet\"><p lang=\"es\" dir=\"ltr\">Le dieron una paliza cuidadana a dos hombres que golpearon a una moza en un bar de la Ar\u00edstides <a href=\"https:\/\/twitter.com\/hashtag\/MENDOZA?src=hash&amp;ref_src=twsrc%5Etfw\">#MENDOZA<\/a> <a href=\"https:\/\/t.co\/e8nDeASPpK\">pic.twitter.com\/e8nDeASPpK<\/a><\/p>&mdash; Mendoza Post (@MendozaPost) <a href=\"https:\/\/twitter.com\/MendozaPost\/status\/1635634461869064197?ref_src=twsrc%5Etfw\">March 14, 2023<\/a><\/blockquote> <script async src=\"https:\/\/platform.twitter.com\/widgets.js\" charset=\"utf-8\"><\/script>\n\n\n\n<p>Mendoza Post<\/p>\n","protected":false},"excerpt":{"rendered":"<p>Este martes a la madrugada se vivi\u00f3 un violento hecho en un bar de la calle Ar\u00edstides.\u00a0Dos hombres agredieron a una moza de uno de los locales y, como resultado, fueron golpeados por el resto de los empleados y clientes\u00a0que se encontraban en el lugar. El incidente ocurri\u00f3 en\u00a0Maldito Perro, ubicado en Ar\u00edstides Villanueva 135.<a class=\"read-more\" href=\"https:\/\/elfederalmendoza.com.ar\/index.php\/2023\/03\/14\/video-la-golpiza-a-dos-hombres-en-la-aristides-por-pegarle-a-una-moza\/\"> [&hellip;]<\/a><\/p>\n","protected":false},"author":2,"featured_media":21199,"comment_status":"open","ping_status":"open","sticky":false,"template":"","format":"standard","meta":{"footnotes":""},"categories":[1],"tags":[],"class_list":["post-21198","post","type-post","status-publish","format-standard","has-post-thumbnail","hentry","category-mza"],"rttpg_featured_image_url":{"full":["https:\/\/elfederalmendoza.com.ar\/wp-content\/uploads\/2023\/03\/aristidez.jpg",970,594,false],"landscape":["https:\/\/elfederalmendoza.com.ar\/wp-content\/uploads\/2023\/03\/aristidez.jpg",970,594,false],"portraits":["https:\/\/elfederalmendoza.com.ar\/wp-content\/uploads\/2023\/03\/aristidez.jpg",970,594,false],"thumbnail":["https:\/\/elfederalmendoza.com.ar\/wp-content\/uploads\/2023\/03\/aristidez-150x150.jpg",150,150,true],"medium":["https:\/\/elfederalmendoza.com.ar\/wp-content\/uploads\/2023\/03\/aristidez-300x184.jpg",300,184,true],"large":["https:\/\/elfederalmendoza.com.ar\/wp-content\/uploads\/2023\/03\/aristidez.jpg",640,392,false],"1536x1536":["https:\/\/elfederalmendoza.com.ar\/wp-content\/uploads\/2023\/03\/aristidez.jpg",970,594,false],"2048x2048":["https:\/\/elfederalmendoza.com.ar\/wp-content\/uploads\/2023\/03\/aristidez.jpg",970,594,false],"ultp_layout_landscape_large":["https:\/\/elfederalmendoza.com.ar\/wp-content\/uploads\/2023\/03\/aristidez.jpg",970,594,false],"ultp_layout_landscape":["https:\/\/elfederalmendoza.com.ar\/wp-content\/uploads\/2023\/03\/aristidez-870x570.jpg",870,570,true],"ultp_layout_portrait":["https:\/\/elfederalmendoza.com.ar\/wp-content\/uploads\/2023\/03\/aristidez-600x594.jpg",600,594,true],"ultp_layout_square":["https:\/\/elfederalmendoza.com.ar\/wp-content\/uploads\/2023\/03\/aristidez-600x594.jpg",600,594,true],"rpwe-thumbnail":["https:\/\/elfederalmendoza.com.ar\/wp-content\/uploads\/2023\/03\/aristidez-45x45.jpg",45,45,true],"advps-thumb-one":["https:\/\/elfederalmendoza.com.ar\/wp-content\/uploads\/2023\/03\/aristidez-970x420.jpg",970,420,true]},"rttpg_author":{"display_name":"Redacci\u00f3n El Federal","author_link":"https:\/\/elfederalmendoza.com.ar\/index.php\/author\/angelflores\/"},"rttpg_comment":0,"rttpg_category":"<a href=\"https:\/\/elfederalmendoza.com.ar\/index.php\/category\/mza\/\" rel=\"category tag\">Mendoza<\/a>","rttpg_excerpt":"Este martes a la madrugada se vivi\u00f3 un violento hecho en un bar de la calle Ar\u00edstides.\u00a0Dos hombres agredieron a una moza de uno de los locales y, como resultado, fueron golpeados por el resto de los empleados y clientes\u00a0que se encontraban en el lugar. El incidente ocurri\u00f3 en\u00a0Maldito Perro, ubicado en Ar\u00edstides Villanueva 135.&hellip;","_links":{"self":[{"href":"https:\/\/elfederalmendoza.com.ar\/index.php\/wp-json\/wp\/v2\/posts\/21198","targetHints":{"allow":["GET"]}}],"collection":[{"href":"https:\/\/elfederalmendoza.com.ar\/index.php\/wp-json\/wp\/v2\/posts"}],"about":[{"href":"https:\/\/elfederalmendoza.com.ar\/index.php\/wp-json\/wp\/v2\/types\/post"}],"author":[{"embeddable":true,"href":"https:\/\/elfederalmendoza.com.ar\/index.php\/wp-json\/wp\/v2\/users\/2"}],"replies":[{"embeddable":true,"href":"https:\/\/elfederalmendoza.com.ar\/index.php\/wp-json\/wp\/v2\/comments?post=21198"}],"version-history":[{"count":1,"href":"https:\/\/elfederalmendoza.com.ar\/index.php\/wp-json\/wp\/v2\/posts\/21198\/revisions"}],"predecessor-version":[{"id":21200,"href":"https:\/\/elfederalmendoza.com.ar\/index.php\/wp-json\/wp\/v2\/posts\/21198\/revisions\/21200"}],"wp:featuredmedia":[{"embeddable":true,"href":"https:\/\/elfederalmendoza.com.ar\/index.php\/wp-json\/wp\/v2\/media\/21199"}],"wp:attachment":[{"href":"https:\/\/elfederalmendoza.com.ar\/index.php\/wp-json\/wp\/v2\/media?parent=21198"}],"wp:term":[{"taxonomy":"category","embeddable":true,"href":"https:\/\/elfederalmendoza.com.ar\/index.php\/wp-json\/wp\/v2\/categories?post=21198"},{"taxonomy":"post_tag","embeddable":true,"href":"https:\/\/elfederalmendoza.com.ar\/index.php\/wp-json\/wp\/v2\/tags?post=21198"}],"curies":[{"name":"wp","href":"https:\/\/api.w.org\/{rel}","templated":true}]}}