{"id":21201,"date":"2023-03-14T11:48:24","date_gmt":"2023-03-14T14:48:24","guid":{"rendered":"https:\/\/elfederalmendoza.com\/?p=21201"},"modified":"2023-03-14T11:50:15","modified_gmt":"2023-03-14T14:50:15","slug":"video-escandalo-por-show-del-chaqueno-en-un-festival-en-mendoza-llego-2-horas-mas-tarde-de-lo-anunciado-y-aseguran-en-aparente-estado-de-ebriedad","status":"publish","type":"post","link":"https:\/\/elfederalmendoza.com.ar\/index.php\/2023\/03\/14\/video-escandalo-por-show-del-chaqueno-en-un-festival-en-mendoza-llego-2-horas-mas-tarde-de-lo-anunciado-y-aseguran-en-aparente-estado-de-ebriedad\/","title":{"rendered":"-VIDEO- Esc\u00e1ndalo por show del \u00abChaque\u00f1o\u00bb en un festival en Mendoza: lleg\u00f3 2 horas m\u00e1s tarde de lo anunciado y aseguran en aparente estado de ebriedad"},"content":{"rendered":"\n<p>El fin de semana se realiz\u00f3, como todos los a\u00f1os, desde&nbsp; hace 30, para celebrar el fin de la cosecha, el<strong>&nbsp;Festival del Cosechador<\/strong>, en Gustavo Andr\u00e9,&nbsp;<strong>Lavall<\/strong>e Mendoza. Durante la segunda noche el artista invitado era el<strong>&nbsp;Chaque\u00f1o Palavecino<\/strong>. Pero, una vez m\u00e1s, como ha sucedido en otros festivales y escenarios, el cantante folcl\u00f3rico volvi\u00f3 a dar que hablar.&nbsp;<\/p>\n\n\n\n<p>Esta vez porque llego tarde a la presentaci\u00f3n, muy tarde, tanto que parte del p\u00fablico, que se estima en 10 mil personas, se retir\u00f3 y la que se qued\u00f3 se sinti\u00f3 defraudada y as\u00ed lo expresaron en las redes sociales, especialmente en las del Festival, por lo que la comisi\u00f3n directiva sali\u00f3 a pedir disculpas.&nbsp;<\/p>\n\n\n\n<p><strong>Laura Rez Masud<\/strong>, conductora del evento, public\u00f3 un video resumiendo lo ocurrido con el \u00abChaque\u00f1o\u00bb Palavecino en el festival del\u00a0Cosechador\u00a0<\/p>\n\n\n\n<iframe loading=\"lazy\" src=\"https:\/\/www.facebook.com\/plugins\/video.php?height=476&#038;href=https%3A%2F%2Fwww.facebook.com%2Fcarlosenrique.villegas.90%2Fvideos%2F761116188687093%2F%3Fidorvanity%3D1332589160137501&#038;show_text=false&#038;width=267&#038;t=0\" width=\"267\" height=\"476\" style=\"border:none;overflow:hidden\" scrolling=\"no\" frameborder=\"0\" allowfullscreen=\"true\" allow=\"autoplay; clipboard-write; encrypted-media; picture-in-picture; web-share\" allowFullScreen=\"true\"><\/iframe>\n\n\n\n<h2 class=\"wp-block-heading\"><strong>Las disculpas<\/strong><\/h2>\n\n\n\n<p>El texto de los organizadores del festival indica: \u00abDesde la comisi\u00f3n directiva del Festival del Cosechador queremos disculparnos p\u00fablicamente con la gente que nos visit\u00f3 anoche. Desde la organizaci\u00f3n se hizo todo lo que estaba a nuestro alcance para que todo saliera como se hab\u00eda coordinado y organizado. Hay situaciones que son ajenas a nuestra comisi\u00f3n\u00bb.<\/p>\n","protected":false},"excerpt":{"rendered":"<p>El fin de semana se realiz\u00f3, como todos los a\u00f1os, desde&nbsp; hace 30, para celebrar el fin de la cosecha, el&nbsp;Festival del Cosechador, en Gustavo Andr\u00e9,&nbsp;Lavalle Mendoza. Durante la segunda noche el artista invitado era el&nbsp;Chaque\u00f1o Palavecino. Pero, una vez m\u00e1s, como ha sucedido en otros festivales y escenarios, el cantante folcl\u00f3rico volvi\u00f3 a dar<a class=\"read-more\" href=\"https:\/\/elfederalmendoza.com.ar\/index.php\/2023\/03\/14\/video-escandalo-por-show-del-chaqueno-en-un-festival-en-mendoza-llego-2-horas-mas-tarde-de-lo-anunciado-y-aseguran-en-aparente-estado-de-ebriedad\/\"> [&hellip;]<\/a><\/p>\n","protected":false},"author":2,"featured_media":21202,"comment_status":"open","ping_status":"open","sticky":false,"template":"","format":"standard","meta":{"footnotes":""},"categories":[1],"tags":[],"class_list":["post-21201","post","type-post","status-publish","format-standard","has-post-thumbnail","hentry","category-mza"],"rttpg_featured_image_url":{"full":["https:\/\/elfederalmendoza.com.ar\/wp-content\/uploads\/2023\/03\/chaqueno.jpg",1280,720,false],"landscape":["https:\/\/elfederalmendoza.com.ar\/wp-content\/uploads\/2023\/03\/chaqueno.jpg",1280,720,false],"portraits":["https:\/\/elfederalmendoza.com.ar\/wp-content\/uploads\/2023\/03\/chaqueno.jpg",1280,720,false],"thumbnail":["https:\/\/elfederalmendoza.com.ar\/wp-content\/uploads\/2023\/03\/chaqueno-150x150.jpg",150,150,true],"medium":["https:\/\/elfederalmendoza.com.ar\/wp-content\/uploads\/2023\/03\/chaqueno-300x169.jpg",300,169,true],"large":["https:\/\/elfederalmendoza.com.ar\/wp-content\/uploads\/2023\/03\/chaqueno-1024x576.jpg",640,360,true],"1536x1536":["https:\/\/elfederalmendoza.com.ar\/wp-content\/uploads\/2023\/03\/chaqueno.jpg",1280,720,false],"2048x2048":["https:\/\/elfederalmendoza.com.ar\/wp-content\/uploads\/2023\/03\/chaqueno.jpg",1280,720,false],"ultp_layout_landscape_large":["https:\/\/elfederalmendoza.com.ar\/wp-content\/uploads\/2023\/03\/chaqueno-1200x720.jpg",1200,720,true],"ultp_layout_landscape":["https:\/\/elfederalmendoza.com.ar\/wp-content\/uploads\/2023\/03\/chaqueno-870x570.jpg",870,570,true],"ultp_layout_portrait":["https:\/\/elfederalmendoza.com.ar\/wp-content\/uploads\/2023\/03\/chaqueno-600x720.jpg",600,720,true],"ultp_layout_square":["https:\/\/elfederalmendoza.com.ar\/wp-content\/uploads\/2023\/03\/chaqueno-600x600.jpg",600,600,true],"rpwe-thumbnail":["https:\/\/elfederalmendoza.com.ar\/wp-content\/uploads\/2023\/03\/chaqueno-45x45.jpg",45,45,true],"advps-thumb-one":["https:\/\/elfederalmendoza.com.ar\/wp-content\/uploads\/2023\/03\/chaqueno-1200x420.jpg",1200,420,true]},"rttpg_author":{"display_name":"Redacci\u00f3n El Federal","author_link":"https:\/\/elfederalmendoza.com.ar\/index.php\/author\/angelflores\/"},"rttpg_comment":0,"rttpg_category":"<a href=\"https:\/\/elfederalmendoza.com.ar\/index.php\/category\/mza\/\" rel=\"category tag\">Mendoza<\/a>","rttpg_excerpt":"El fin de semana se realiz\u00f3, como todos los a\u00f1os, desde&nbsp; hace 30, para celebrar el fin de la cosecha, el&nbsp;Festival del Cosechador, en Gustavo Andr\u00e9,&nbsp;Lavalle Mendoza. Durante la segunda noche el artista invitado era el&nbsp;Chaque\u00f1o Palavecino. Pero, una vez m\u00e1s, como ha sucedido en otros festivales y escenarios, el cantante folcl\u00f3rico volvi\u00f3 a dar&hellip;","_links":{"self":[{"href":"https:\/\/elfederalmendoza.com.ar\/index.php\/wp-json\/wp\/v2\/posts\/21201","targetHints":{"allow":["GET"]}}],"collection":[{"href":"https:\/\/elfederalmendoza.com.ar\/index.php\/wp-json\/wp\/v2\/posts"}],"about":[{"href":"https:\/\/elfederalmendoza.com.ar\/index.php\/wp-json\/wp\/v2\/types\/post"}],"author":[{"embeddable":true,"href":"https:\/\/elfederalmendoza.com.ar\/index.php\/wp-json\/wp\/v2\/users\/2"}],"replies":[{"embeddable":true,"href":"https:\/\/elfederalmendoza.com.ar\/index.php\/wp-json\/wp\/v2\/comments?post=21201"}],"version-history":[{"count":3,"href":"https:\/\/elfederalmendoza.com.ar\/index.php\/wp-json\/wp\/v2\/posts\/21201\/revisions"}],"predecessor-version":[{"id":21205,"href":"https:\/\/elfederalmendoza.com.ar\/index.php\/wp-json\/wp\/v2\/posts\/21201\/revisions\/21205"}],"wp:featuredmedia":[{"embeddable":true,"href":"https:\/\/elfederalmendoza.com.ar\/index.php\/wp-json\/wp\/v2\/media\/21202"}],"wp:attachment":[{"href":"https:\/\/elfederalmendoza.com.ar\/index.php\/wp-json\/wp\/v2\/media?parent=21201"}],"wp:term":[{"taxonomy":"category","embeddable":true,"href":"https:\/\/elfederalmendoza.com.ar\/index.php\/wp-json\/wp\/v2\/categories?post=21201"},{"taxonomy":"post_tag","embeddable":true,"href":"https:\/\/elfederalmendoza.com.ar\/index.php\/wp-json\/wp\/v2\/tags?post=21201"}],"curies":[{"name":"wp","href":"https:\/\/api.w.org\/{rel}","templated":true}]}}