{"id":21207,"date":"2023-03-14T12:24:11","date_gmt":"2023-03-14T15:24:11","guid":{"rendered":"https:\/\/elfederalmendoza.com\/?p=21207"},"modified":"2023-03-14T12:24:16","modified_gmt":"2023-03-14T15:24:16","slug":"cayo-el-gatito-quien-casi-mata-a-un-hombre-en-las-heras","status":"publish","type":"post","link":"https:\/\/elfederalmendoza.com.ar\/index.php\/2023\/03\/14\/cayo-el-gatito-quien-casi-mata-a-un-hombre-en-las-heras\/","title":{"rendered":"Cay\u00f3 el \u00abGatito\u00bb, quien casi mata a un hombre en Las Heras"},"content":{"rendered":"\n<p><strong>Varios allanamientos que se realizaron este lunes por la ma\u00f1ana dieron resultados positivos en un barrio de Las Heras.<\/strong>\u00a0El objetivo de los efectivos era detener a un sujeto apodado\u00a0<strong>\u00abGatito\u00bb<\/strong>, quien era buscado por querer matar a un hombre hace unos d\u00edas en ese departamento. El sospechoso qued\u00f3 a disposici\u00f3n de las autoridades judiciales.<\/p>\n\n\n\n<p>La investigaci\u00f3n comenz\u00f3 a fines de febrero luego de un hecho que ocurri\u00f3 cuando atacaron a disparos a un hombre de 42 a\u00f1os en el interior\u00a0<strong>del barrio Santa Teresita de Las Heras<\/strong>. Aquel martes 28 de febrero, Leandro Mart\u00edn Guti\u00e9rrez, se encontraba en la manzana C cuando lo atacaron desde un auto y<strong>\u00a0lo hirieron en un costado del t\u00f3rax.<\/strong><\/p>\n\n\n\n<p><strong>A ra\u00edz de aquel episodio, la causa qued\u00f3 en manos de los efectivos de la Unidad Investigativa de Las Heras<\/strong>&nbsp;y de las autoridades judiciales. Con las declaraciones de los testigos y de la v\u00edctima,&nbsp;<strong>confirmaron que el autor ten\u00eda el apodo de \u00abGatito\u00bb<\/strong>, un malviviente de la zona con antecedentes y diferentes hechos violentos cometidos en la zona.<\/p>\n\n\n\n<p>Luego del trabajo de calle que realizaron los efectivos y otras medidas, supieron que el&nbsp;<strong>\u00abGatito\u00bb respond\u00eda al nombre de Franco Gast\u00f3n Carmona Sisterna<\/strong>, con domicilio en el Santa Teresita.<strong>&nbsp;Tras saber y confirmaron su lugar de residencia, se mont\u00f3 un seguimiento y de esa manera pidieron una orden de allanamiento en su domicilio.<\/strong><\/p>\n\n\n\n<p>De esa manera los efectivos llegaron hasta la casa este lunes y llevaron adelante la medida judicial. Entraron en la casa y capturaron&nbsp;<strong>al \u00abGatito\u00bb, quien ten\u00eda el pedido de captura por el ataque a Guti\u00e9rrez.<\/strong><\/p>\n\n\n\n<p>R\u00e1pidamente lo redujeron y lo trasladaron de inmediato hasta la fiscal\u00eda donde deber\u00e1 responder y&nbsp;<strong>ser\u00e1 imputado por el delito de lesiones graves, agravadas por el uso de arma de fuego.<\/strong><\/p>\n\n\n\n<p>Pero adem\u00e1s, en la casa encontraron&nbsp;<strong>un auto VW Suran, el cual habr\u00eda sido el utilizado en el ataque armado&nbsp;<\/strong>pero, por orden judicial, no lo secuestraron ni tomaron ninguna otra medida al respecto.<\/p>\n\n\n\n<h2 class=\"wp-block-heading\">Lo balearon en el pecho<\/h2>\n\n\n\n<p>El ataque armado sucedi\u00f3 aquella madrugada del martes 28 de febrero. Era la 1 cuando&nbsp;<strong>Leandro Guti\u00e9rrez fue atacado a tiros mientras iba caminando&nbsp;por la manzana C del barrio Santa Teresita de Las Heras.<\/strong><\/p>\n\n\n\n<p>En aquel momento aparecieron tres sujetos en un veh\u00edculo VW y, al menos uno de ellos, comenz\u00f3 a disparar contra la v\u00edctima, quien recibi\u00f3 un tiro en el costado derecho del cuerpo.&nbsp;<strong>El proyectil impact\u00f3 en el brazo, se lo atraves\u00f3 y le ingres\u00f3 por el costado del t\u00f3rax.<\/strong><\/p>\n\n\n\n<p>Los agresores escaparon y, por el aporte de testigos y del mismo hombre lesionado, identificaron a uno de los malvivientes.&nbsp;<strong>Este sujeto fue se\u00f1alado con el apodo de&nbsp;\u00abGatito\u00bb, quien ahora qued\u00f3 detenido y a disposici\u00f3n de la Justicia.<\/strong><\/p>\n\n\n\n<p>Al parecer, la v\u00edctima recibi\u00f3 el disparo de \u00abarriba\u00bb porque no era el objetivo de los malvivientes.<\/p>\n\n\n\n<p><em>Fuente: Sitio Andino<\/em><\/p>\n","protected":false},"excerpt":{"rendered":"<p>Varios allanamientos que se realizaron este lunes por la ma\u00f1ana dieron resultados positivos en un barrio de Las Heras.\u00a0El objetivo de los efectivos era detener a un sujeto apodado\u00a0\u00abGatito\u00bb, quien era buscado por querer matar a un hombre hace unos d\u00edas en ese departamento. El sospechoso qued\u00f3 a disposici\u00f3n de las autoridades judiciales. La investigaci\u00f3n<a class=\"read-more\" href=\"https:\/\/elfederalmendoza.com.ar\/index.php\/2023\/03\/14\/cayo-el-gatito-quien-casi-mata-a-un-hombre-en-las-heras\/\"> [&hellip;]<\/a><\/p>\n","protected":false},"author":2,"featured_media":21208,"comment_status":"open","ping_status":"open","sticky":false,"template":"","format":"standard","meta":{"footnotes":""},"categories":[1],"tags":[],"class_list":["post-21207","post","type-post","status-publish","format-standard","has-post-thumbnail","hentry","category-mza"],"rttpg_featured_image_url":{"full":["https:\/\/elfederalmendoza.com.ar\/wp-content\/uploads\/2023\/03\/allanamiento-santa-teresita-las-heras.webp",790,535,false],"landscape":["https:\/\/elfederalmendoza.com.ar\/wp-content\/uploads\/2023\/03\/allanamiento-santa-teresita-las-heras.webp",790,535,false],"portraits":["https:\/\/elfederalmendoza.com.ar\/wp-content\/uploads\/2023\/03\/allanamiento-santa-teresita-las-heras.webp",790,535,false],"thumbnail":["https:\/\/elfederalmendoza.com.ar\/wp-content\/uploads\/2023\/03\/allanamiento-santa-teresita-las-heras-150x150.webp",150,150,true],"medium":["https:\/\/elfederalmendoza.com.ar\/wp-content\/uploads\/2023\/03\/allanamiento-santa-teresita-las-heras-300x203.webp",300,203,true],"large":["https:\/\/elfederalmendoza.com.ar\/wp-content\/uploads\/2023\/03\/allanamiento-santa-teresita-las-heras.webp",640,433,false],"1536x1536":["https:\/\/elfederalmendoza.com.ar\/wp-content\/uploads\/2023\/03\/allanamiento-santa-teresita-las-heras.webp",790,535,false],"2048x2048":["https:\/\/elfederalmendoza.com.ar\/wp-content\/uploads\/2023\/03\/allanamiento-santa-teresita-las-heras.webp",790,535,false],"ultp_layout_landscape_large":["https:\/\/elfederalmendoza.com.ar\/wp-content\/uploads\/2023\/03\/allanamiento-santa-teresita-las-heras.webp",790,535,false],"ultp_layout_landscape":["https:\/\/elfederalmendoza.com.ar\/wp-content\/uploads\/2023\/03\/allanamiento-santa-teresita-las-heras.webp",790,535,false],"ultp_layout_portrait":["https:\/\/elfederalmendoza.com.ar\/wp-content\/uploads\/2023\/03\/allanamiento-santa-teresita-las-heras-600x535.webp",600,535,true],"ultp_layout_square":["https:\/\/elfederalmendoza.com.ar\/wp-content\/uploads\/2023\/03\/allanamiento-santa-teresita-las-heras-600x535.webp",600,535,true],"rpwe-thumbnail":["https:\/\/elfederalmendoza.com.ar\/wp-content\/uploads\/2023\/03\/allanamiento-santa-teresita-las-heras-45x45.webp",45,45,true],"advps-thumb-one":["https:\/\/elfederalmendoza.com.ar\/wp-content\/uploads\/2023\/03\/allanamiento-santa-teresita-las-heras-790x420.webp",790,420,true]},"rttpg_author":{"display_name":"Redacci\u00f3n El Federal","author_link":"https:\/\/elfederalmendoza.com.ar\/index.php\/author\/angelflores\/"},"rttpg_comment":0,"rttpg_category":"<a href=\"https:\/\/elfederalmendoza.com.ar\/index.php\/category\/mza\/\" rel=\"category tag\">Mendoza<\/a>","rttpg_excerpt":"Varios allanamientos que se realizaron este lunes por la ma\u00f1ana dieron resultados positivos en un barrio de Las Heras.\u00a0El objetivo de los efectivos era detener a un sujeto apodado\u00a0\u00abGatito\u00bb, quien era buscado por querer matar a un hombre hace unos d\u00edas en ese departamento. El sospechoso qued\u00f3 a disposici\u00f3n de las autoridades judiciales. La investigaci\u00f3n&hellip;","_links":{"self":[{"href":"https:\/\/elfederalmendoza.com.ar\/index.php\/wp-json\/wp\/v2\/posts\/21207","targetHints":{"allow":["GET"]}}],"collection":[{"href":"https:\/\/elfederalmendoza.com.ar\/index.php\/wp-json\/wp\/v2\/posts"}],"about":[{"href":"https:\/\/elfederalmendoza.com.ar\/index.php\/wp-json\/wp\/v2\/types\/post"}],"author":[{"embeddable":true,"href":"https:\/\/elfederalmendoza.com.ar\/index.php\/wp-json\/wp\/v2\/users\/2"}],"replies":[{"embeddable":true,"href":"https:\/\/elfederalmendoza.com.ar\/index.php\/wp-json\/wp\/v2\/comments?post=21207"}],"version-history":[{"count":1,"href":"https:\/\/elfederalmendoza.com.ar\/index.php\/wp-json\/wp\/v2\/posts\/21207\/revisions"}],"predecessor-version":[{"id":21209,"href":"https:\/\/elfederalmendoza.com.ar\/index.php\/wp-json\/wp\/v2\/posts\/21207\/revisions\/21209"}],"wp:featuredmedia":[{"embeddable":true,"href":"https:\/\/elfederalmendoza.com.ar\/index.php\/wp-json\/wp\/v2\/media\/21208"}],"wp:attachment":[{"href":"https:\/\/elfederalmendoza.com.ar\/index.php\/wp-json\/wp\/v2\/media?parent=21207"}],"wp:term":[{"taxonomy":"category","embeddable":true,"href":"https:\/\/elfederalmendoza.com.ar\/index.php\/wp-json\/wp\/v2\/categories?post=21207"},{"taxonomy":"post_tag","embeddable":true,"href":"https:\/\/elfederalmendoza.com.ar\/index.php\/wp-json\/wp\/v2\/tags?post=21207"}],"curies":[{"name":"wp","href":"https:\/\/api.w.org\/{rel}","templated":true}]}}