{"id":21227,"date":"2023-03-15T09:18:31","date_gmt":"2023-03-15T12:18:31","guid":{"rendered":"https:\/\/elfederalmendoza.com\/?p=21227"},"modified":"2023-03-15T09:23:14","modified_gmt":"2023-03-15T12:23:14","slug":"suarez-sobre-los-piquetes-estas-acciones-no-son-viables-en-mendoza","status":"publish","type":"post","link":"https:\/\/elfederalmendoza.com.ar\/index.php\/2023\/03\/15\/suarez-sobre-los-piquetes-estas-acciones-no-son-viables-en-mendoza\/","title":{"rendered":"Suarez, sobre los piquetes: \u00abEstas acciones no son viables en Mendoza\u00bb"},"content":{"rendered":"\n<p><strong>El gobernador Rodolfo Suarez<\/strong>\u00a0estuvo presente en la entrega de\u00a0<strong>54 viviendas del barrio Virgen de Luj\u00e1n II<\/strong>, ubicado en el distrito de Chilecito, de\u00a0<strong>San Carlos<\/strong>. Emplazado en la antigua zona industrial del lugar, a partir del nuevo ordenamiento territorial departamental, permiti\u00f3 la radicaci\u00f3n de viviendas destinadas al uso familiar, siendo un detalle no menor que los terrenos fueron cedidos en forma gratuita por la municipalidad para los integrantes de la Cooperativa Virgen de Luj\u00e1n, la que lleva 14 a\u00f1os de antig\u00fcedad desde su constituci\u00f3n.<\/p>\n\n\n\n<p>El barrio est\u00e1 ubicado al costado de la Ruta 40 vieja, tiene gas natural en la parte frontal y las casas constan de dos dormitorios, un ba\u00f1o y estar comedor con una superficie cubierta de 58,29m2, habiendo sido construidas dentro de las nuevas t\u00e9cnicas del IPV, es decir, viviendas sustentables y amigables con el ambiente, estando equipadas en todos los casos con calefacci\u00f3n solar.<\/p>\n\n\n\n<p>El gobernador Suarez resalt\u00f3 la posibilidad de concretar sue\u00f1os de familias que llevan largos a\u00f1os esperando su propia vivienda, como es el caso de los&nbsp;<strong>asociados a la Cooperativa Virgen de Luj\u00e1n<\/strong>, adem\u00e1s de las dificultades que se deben enfrentar para realizar este tipo de soluciones habitacionales en tiempos tan complicados de la macroeconom\u00eda.<\/p>\n\n\n\n<p>En ese marco, hizo referencia al\u00a0<strong>\u00edndice inflacionario de febrero que dio a conocer el INDEC, que ascendi\u00f3 a 6,6%<\/strong>: \u00abLa inflaci\u00f3n no da paz a nadie, a ninguno de los hogares de la Argentina ni a los estados provinciales y\/o municipales\u00bb. Y agreg\u00f3: \u00abEstas elecciones, aun las que se realizar\u00e1n en forma anticipada, son la oportunidad que tenemos para decir que\u00a0<strong>no queremos tener nada que ver con gobiernos que generen situaciones de este tipo<\/strong>\u00ab.<\/p>\n\n\n\n<figure class=\"wp-block-embed is-type-rich is-provider-twitter wp-block-embed-twitter\"><div class=\"wp-block-embed__wrapper\">\n<blockquote class=\"twitter-tweet\" data-width=\"550\" data-dnt=\"true\"><p lang=\"es\" dir=\"ltr\">El Barrio Virgen de Luj\u00e1n II, de Chilecito, ya cuenta con nuevos vecinos. Visitamos mi querido San Carlos para entregar las llaves de sus casas a 54 familias que hoy se convirtieron en propietarias, un hecho muy valioso en este dif\u00edcil contexto nacional que nos toca travesar. <a href=\"https:\/\/t.co\/uNjQPkDeuz\">pic.twitter.com\/uNjQPkDeuz<\/a><\/p>&mdash; Rodolfo Suarez (@rodysuarez) <a href=\"https:\/\/twitter.com\/rodysuarez\/status\/1635785590280003587?ref_src=twsrc%5Etfw\">March 14, 2023<\/a><\/blockquote><script async src=\"https:\/\/platform.twitter.com\/widgets.js\" charset=\"utf-8\"><\/script>\n<\/div><\/figure>\n\n\n\n<p>Ante la consulta acerca de\u00a0<strong>los piquetes que han aparecido en Mendoza<\/strong>, el Gobernador Suarez manifest\u00f3: \u00abLos mendocinos tenemos un modo, en el cual este tipo de acciones no son viables\u00bb.<\/p>\n\n\n\n<figure class=\"wp-block-embed is-type-video is-provider-youtube wp-block-embed-youtube wp-embed-aspect-16-9 wp-has-aspect-ratio\"><div class=\"wp-block-embed__wrapper\">\n<iframe loading=\"lazy\" title=\"SAN CARLOS   RODOLFO SUAREZ  ENTREG\u00d3 VIVIENDAS Y HABL\u00d3 DE  PIQUETES E INFLACI\u00d3N\" width=\"640\" height=\"360\" src=\"https:\/\/www.youtube.com\/embed\/x7mRRrl3pWg?feature=oembed\" frameborder=\"0\" allow=\"accelerometer; autoplay; clipboard-write; encrypted-media; gyroscope; picture-in-picture; web-share\" referrerpolicy=\"strict-origin-when-cross-origin\" allowfullscreen><\/iframe>\n<\/div><\/figure>\n","protected":false},"excerpt":{"rendered":"<p>El gobernador Rodolfo Suarez\u00a0estuvo presente en la entrega de\u00a054 viviendas del barrio Virgen de Luj\u00e1n II, ubicado en el distrito de Chilecito, de\u00a0San Carlos. Emplazado en la antigua zona industrial del lugar, a partir del nuevo ordenamiento territorial departamental, permiti\u00f3 la radicaci\u00f3n de viviendas destinadas al uso familiar, siendo un detalle no menor que los<a class=\"read-more\" href=\"https:\/\/elfederalmendoza.com.ar\/index.php\/2023\/03\/15\/suarez-sobre-los-piquetes-estas-acciones-no-son-viables-en-mendoza\/\"> [&hellip;]<\/a><\/p>\n","protected":false},"author":2,"featured_media":21229,"comment_status":"open","ping_status":"open","sticky":false,"template":"","format":"standard","meta":{"footnotes":""},"categories":[1],"tags":[],"class_list":["post-21227","post","type-post","status-publish","format-standard","has-post-thumbnail","hentry","category-mza"],"rttpg_featured_image_url":{"full":["https:\/\/elfederalmendoza.com.ar\/wp-content\/uploads\/2023\/03\/WhatsApp-Image-2023-03-15-at-09.17.00-1.jpeg",790,528,false],"landscape":["https:\/\/elfederalmendoza.com.ar\/wp-content\/uploads\/2023\/03\/WhatsApp-Image-2023-03-15-at-09.17.00-1.jpeg",790,528,false],"portraits":["https:\/\/elfederalmendoza.com.ar\/wp-content\/uploads\/2023\/03\/WhatsApp-Image-2023-03-15-at-09.17.00-1.jpeg",790,528,false],"thumbnail":["https:\/\/elfederalmendoza.com.ar\/wp-content\/uploads\/2023\/03\/WhatsApp-Image-2023-03-15-at-09.17.00-1-150x150.jpeg",150,150,true],"medium":["https:\/\/elfederalmendoza.com.ar\/wp-content\/uploads\/2023\/03\/WhatsApp-Image-2023-03-15-at-09.17.00-1-300x201.jpeg",300,201,true],"large":["https:\/\/elfederalmendoza.com.ar\/wp-content\/uploads\/2023\/03\/WhatsApp-Image-2023-03-15-at-09.17.00-1.jpeg",640,428,false],"1536x1536":["https:\/\/elfederalmendoza.com.ar\/wp-content\/uploads\/2023\/03\/WhatsApp-Image-2023-03-15-at-09.17.00-1.jpeg",790,528,false],"2048x2048":["https:\/\/elfederalmendoza.com.ar\/wp-content\/uploads\/2023\/03\/WhatsApp-Image-2023-03-15-at-09.17.00-1.jpeg",790,528,false],"ultp_layout_landscape_large":["https:\/\/elfederalmendoza.com.ar\/wp-content\/uploads\/2023\/03\/WhatsApp-Image-2023-03-15-at-09.17.00-1.jpeg",790,528,false],"ultp_layout_landscape":["https:\/\/elfederalmendoza.com.ar\/wp-content\/uploads\/2023\/03\/WhatsApp-Image-2023-03-15-at-09.17.00-1.jpeg",790,528,false],"ultp_layout_portrait":["https:\/\/elfederalmendoza.com.ar\/wp-content\/uploads\/2023\/03\/WhatsApp-Image-2023-03-15-at-09.17.00-1-600x528.jpeg",600,528,true],"ultp_layout_square":["https:\/\/elfederalmendoza.com.ar\/wp-content\/uploads\/2023\/03\/WhatsApp-Image-2023-03-15-at-09.17.00-1-600x528.jpeg",600,528,true],"rpwe-thumbnail":["https:\/\/elfederalmendoza.com.ar\/wp-content\/uploads\/2023\/03\/WhatsApp-Image-2023-03-15-at-09.17.00-1-45x45.jpeg",45,45,true],"advps-thumb-one":["https:\/\/elfederalmendoza.com.ar\/wp-content\/uploads\/2023\/03\/WhatsApp-Image-2023-03-15-at-09.17.00-1-790x420.jpeg",790,420,true]},"rttpg_author":{"display_name":"Redacci\u00f3n El Federal","author_link":"https:\/\/elfederalmendoza.com.ar\/index.php\/author\/angelflores\/"},"rttpg_comment":0,"rttpg_category":"<a href=\"https:\/\/elfederalmendoza.com.ar\/index.php\/category\/mza\/\" rel=\"category tag\">Mendoza<\/a>","rttpg_excerpt":"El gobernador Rodolfo Suarez\u00a0estuvo presente en la entrega de\u00a054 viviendas del barrio Virgen de Luj\u00e1n II, ubicado en el distrito de Chilecito, de\u00a0San Carlos. Emplazado en la antigua zona industrial del lugar, a partir del nuevo ordenamiento territorial departamental, permiti\u00f3 la radicaci\u00f3n de viviendas destinadas al uso familiar, siendo un detalle no menor que los&hellip;","_links":{"self":[{"href":"https:\/\/elfederalmendoza.com.ar\/index.php\/wp-json\/wp\/v2\/posts\/21227","targetHints":{"allow":["GET"]}}],"collection":[{"href":"https:\/\/elfederalmendoza.com.ar\/index.php\/wp-json\/wp\/v2\/posts"}],"about":[{"href":"https:\/\/elfederalmendoza.com.ar\/index.php\/wp-json\/wp\/v2\/types\/post"}],"author":[{"embeddable":true,"href":"https:\/\/elfederalmendoza.com.ar\/index.php\/wp-json\/wp\/v2\/users\/2"}],"replies":[{"embeddable":true,"href":"https:\/\/elfederalmendoza.com.ar\/index.php\/wp-json\/wp\/v2\/comments?post=21227"}],"version-history":[{"count":2,"href":"https:\/\/elfederalmendoza.com.ar\/index.php\/wp-json\/wp\/v2\/posts\/21227\/revisions"}],"predecessor-version":[{"id":21232,"href":"https:\/\/elfederalmendoza.com.ar\/index.php\/wp-json\/wp\/v2\/posts\/21227\/revisions\/21232"}],"wp:featuredmedia":[{"embeddable":true,"href":"https:\/\/elfederalmendoza.com.ar\/index.php\/wp-json\/wp\/v2\/media\/21229"}],"wp:attachment":[{"href":"https:\/\/elfederalmendoza.com.ar\/index.php\/wp-json\/wp\/v2\/media?parent=21227"}],"wp:term":[{"taxonomy":"category","embeddable":true,"href":"https:\/\/elfederalmendoza.com.ar\/index.php\/wp-json\/wp\/v2\/categories?post=21227"},{"taxonomy":"post_tag","embeddable":true,"href":"https:\/\/elfederalmendoza.com.ar\/index.php\/wp-json\/wp\/v2\/tags?post=21227"}],"curies":[{"name":"wp","href":"https:\/\/api.w.org\/{rel}","templated":true}]}}