{"id":21233,"date":"2023-03-15T08:24:00","date_gmt":"2023-03-15T11:24:00","guid":{"rendered":"https:\/\/elfederalmendoza.com\/?p=21233"},"modified":"2023-03-15T09:24:57","modified_gmt":"2023-03-15T12:24:57","slug":"tras-la-detencion-de-cuatro-dirigentes-los-piqueteros-volveran-a-marchar-por-el-centro-de-mendoza","status":"publish","type":"post","link":"https:\/\/elfederalmendoza.com.ar\/index.php\/2023\/03\/15\/tras-la-detencion-de-cuatro-dirigentes-los-piqueteros-volveran-a-marchar-por-el-centro-de-mendoza\/","title":{"rendered":"Tras la detenci\u00f3n de cuatro dirigentes, los piqueteros volver\u00e1n a marchar por el centro de Mendoza"},"content":{"rendered":"\n<p>La Unidad Piquetera<mark>&nbsp;volver\u00e1 manifestarse este mi\u00e9rcoles a partir de las 9 en el centro de la Ciudad de Mendoza,&nbsp;<\/mark>en el marco de una jornada nacional de protestas que en la provincia sum\u00f3 un condimento especial tras la detenci\u00f3n de cuatro referentes sociales<\/p>\n\n\n\n<p><strong>Mart\u00edn Rodr\u00edguez, Lorena Torres y Eduardo Tirado, del Polo Obrero, y Micaela Gui\u00f1az\u00fa, del&nbsp;Frente Organizaciones en Lucha<\/strong>&nbsp;(<strong>FOL)<\/strong>, son los referentes de los movimientos piqueteros detenidos este martes por la tarde.<\/p>\n\n\n\n<p>\u201c<em>Cuando se viola del derecho de otra persona, se est\u00e1 cometiendo un delito.\u00a0<\/em>Y cuando cometan un delito como corte total de una calle, actuaremos dentro del marco de la ley\u201d, explic\u00f3 N\u00e9stor Majul, subsecretario de Relaciones Institucionales del Ministerio de\u00a0<em>Seguridad<\/em>, en declaraciones a radio Mitre.<\/p>\n\n\n\n<p>\u201cSe puede protestar sin perjudicar al resto de la ciudadan\u00eda. Medidas extorsivas como un acampe e impedir circular por las calles son negativas\u201d, se\u00f1al\u00f3 por su parte el procurador Alejandro Gull\u00e9. Y agreg\u00f3: \u201cEsto no es nuevo, no es el primer caso. Hemos detenido a dirigentes sindicales, siempre hemos actuado de la misma manera. No vamos a permitir que se corten calles porque es un delito\u201d.<\/p>\n\n\n\n<p><mark>Los organizadores de la movilizaci\u00f3n, que comenzar\u00e1 en Garibaldi y San Mart\u00edn de Ciudad<\/mark>, adelantaron que la manifestaci\u00f3n ser\u00e1 m\u00e1s amplia, ya que se sumar\u00e1n m\u00e1s gremios y organizaciones sociales. Si bien la idea es llegar hasta Casa de Gobierno, a\u00fan no est\u00e1 definido el recorrido.<\/p>\n\n\n\n<p><em>\u201cLa movilizaci\u00f3n est\u00e1 convocada por un espectro m\u00e1s amplio;&nbsp;<\/em>Ate, las dos CTA, algunos gremios de la CGT, el Movimiento Evita, Unidad Popular, el FIT, asambleas del agua, entre otro. Esta manifestaci\u00f3n tiene como centro la libertad de los presos y la vigencia de la libertad democr\u00e1tica, hay un monopolio del Ejecutivo que usa a la polic\u00eda en funci\u00f3n de sus necesidades\u201d, manifest\u00f3 el dirigente del PO, V\u00edctor da Vila.<\/p>\n\n\n\n<p><em>\u201cLo \u00fanico que hicieron los compa\u00f1eros fue salir a luchar contra el hambre\u201d,\u00a0<\/em>reclam\u00f3 y adem\u00e1s anticip\u00f3 que el plan de lucha se extender\u00e1 por tiempo indeterminado hasta que liberen a los aprehendidos.<\/p>\n\n\n\n<p><em>Fuente: El Sol<\/em><\/p>\n","protected":false},"excerpt":{"rendered":"<p>La Unidad Piquetera&nbsp;volver\u00e1 manifestarse este mi\u00e9rcoles a partir de las 9 en el centro de la Ciudad de Mendoza,&nbsp;en el marco de una jornada nacional de protestas que en la provincia sum\u00f3 un condimento especial tras la detenci\u00f3n de cuatro referentes sociales Mart\u00edn Rodr\u00edguez, Lorena Torres y Eduardo Tirado, del Polo Obrero, y Micaela Gui\u00f1az\u00fa,<a class=\"read-more\" href=\"https:\/\/elfederalmendoza.com.ar\/index.php\/2023\/03\/15\/tras-la-detencion-de-cuatro-dirigentes-los-piqueteros-volveran-a-marchar-por-el-centro-de-mendoza\/\"> [&hellip;]<\/a><\/p>\n","protected":false},"author":2,"featured_media":21234,"comment_status":"open","ping_status":"open","sticky":false,"template":"","format":"standard","meta":{"footnotes":""},"categories":[1],"tags":[],"class_list":["post-21233","post","type-post","status-publish","format-standard","has-post-thumbnail","hentry","category-mza"],"rttpg_featured_image_url":{"full":["https:\/\/elfederalmendoza.com.ar\/wp-content\/uploads\/2023\/03\/WhatsApp-Image-2023-03-14-at-19.29.37.webp",1200,800,false],"landscape":["https:\/\/elfederalmendoza.com.ar\/wp-content\/uploads\/2023\/03\/WhatsApp-Image-2023-03-14-at-19.29.37.webp",1200,800,false],"portraits":["https:\/\/elfederalmendoza.com.ar\/wp-content\/uploads\/2023\/03\/WhatsApp-Image-2023-03-14-at-19.29.37.webp",1200,800,false],"thumbnail":["https:\/\/elfederalmendoza.com.ar\/wp-content\/uploads\/2023\/03\/WhatsApp-Image-2023-03-14-at-19.29.37-150x150.webp",150,150,true],"medium":["https:\/\/elfederalmendoza.com.ar\/wp-content\/uploads\/2023\/03\/WhatsApp-Image-2023-03-14-at-19.29.37-300x200.webp",300,200,true],"large":["https:\/\/elfederalmendoza.com.ar\/wp-content\/uploads\/2023\/03\/WhatsApp-Image-2023-03-14-at-19.29.37-1024x683.webp",640,427,true],"1536x1536":["https:\/\/elfederalmendoza.com.ar\/wp-content\/uploads\/2023\/03\/WhatsApp-Image-2023-03-14-at-19.29.37.webp",1200,800,false],"2048x2048":["https:\/\/elfederalmendoza.com.ar\/wp-content\/uploads\/2023\/03\/WhatsApp-Image-2023-03-14-at-19.29.37.webp",1200,800,false],"ultp_layout_landscape_large":["https:\/\/elfederalmendoza.com.ar\/wp-content\/uploads\/2023\/03\/WhatsApp-Image-2023-03-14-at-19.29.37-1200x800.webp",1200,800,true],"ultp_layout_landscape":["https:\/\/elfederalmendoza.com.ar\/wp-content\/uploads\/2023\/03\/WhatsApp-Image-2023-03-14-at-19.29.37-870x570.webp",870,570,true],"ultp_layout_portrait":["https:\/\/elfederalmendoza.com.ar\/wp-content\/uploads\/2023\/03\/WhatsApp-Image-2023-03-14-at-19.29.37-600x800.webp",600,800,true],"ultp_layout_square":["https:\/\/elfederalmendoza.com.ar\/wp-content\/uploads\/2023\/03\/WhatsApp-Image-2023-03-14-at-19.29.37-600x600.webp",600,600,true],"rpwe-thumbnail":["https:\/\/elfederalmendoza.com.ar\/wp-content\/uploads\/2023\/03\/WhatsApp-Image-2023-03-14-at-19.29.37-45x45.webp",45,45,true],"advps-thumb-one":["https:\/\/elfederalmendoza.com.ar\/wp-content\/uploads\/2023\/03\/WhatsApp-Image-2023-03-14-at-19.29.37-1200x420.webp",1200,420,true]},"rttpg_author":{"display_name":"Redacci\u00f3n El Federal","author_link":"https:\/\/elfederalmendoza.com.ar\/index.php\/author\/angelflores\/"},"rttpg_comment":0,"rttpg_category":"<a href=\"https:\/\/elfederalmendoza.com.ar\/index.php\/category\/mza\/\" rel=\"category tag\">Mendoza<\/a>","rttpg_excerpt":"La Unidad Piquetera&nbsp;volver\u00e1 manifestarse este mi\u00e9rcoles a partir de las 9 en el centro de la Ciudad de Mendoza,&nbsp;en el marco de una jornada nacional de protestas que en la provincia sum\u00f3 un condimento especial tras la detenci\u00f3n de cuatro referentes sociales Mart\u00edn Rodr\u00edguez, Lorena Torres y Eduardo Tirado, del Polo Obrero, y Micaela Gui\u00f1az\u00fa,&hellip;","_links":{"self":[{"href":"https:\/\/elfederalmendoza.com.ar\/index.php\/wp-json\/wp\/v2\/posts\/21233","targetHints":{"allow":["GET"]}}],"collection":[{"href":"https:\/\/elfederalmendoza.com.ar\/index.php\/wp-json\/wp\/v2\/posts"}],"about":[{"href":"https:\/\/elfederalmendoza.com.ar\/index.php\/wp-json\/wp\/v2\/types\/post"}],"author":[{"embeddable":true,"href":"https:\/\/elfederalmendoza.com.ar\/index.php\/wp-json\/wp\/v2\/users\/2"}],"replies":[{"embeddable":true,"href":"https:\/\/elfederalmendoza.com.ar\/index.php\/wp-json\/wp\/v2\/comments?post=21233"}],"version-history":[{"count":1,"href":"https:\/\/elfederalmendoza.com.ar\/index.php\/wp-json\/wp\/v2\/posts\/21233\/revisions"}],"predecessor-version":[{"id":21235,"href":"https:\/\/elfederalmendoza.com.ar\/index.php\/wp-json\/wp\/v2\/posts\/21233\/revisions\/21235"}],"wp:featuredmedia":[{"embeddable":true,"href":"https:\/\/elfederalmendoza.com.ar\/index.php\/wp-json\/wp\/v2\/media\/21234"}],"wp:attachment":[{"href":"https:\/\/elfederalmendoza.com.ar\/index.php\/wp-json\/wp\/v2\/media?parent=21233"}],"wp:term":[{"taxonomy":"category","embeddable":true,"href":"https:\/\/elfederalmendoza.com.ar\/index.php\/wp-json\/wp\/v2\/categories?post=21233"},{"taxonomy":"post_tag","embeddable":true,"href":"https:\/\/elfederalmendoza.com.ar\/index.php\/wp-json\/wp\/v2\/tags?post=21233"}],"curies":[{"name":"wp","href":"https:\/\/api.w.org\/{rel}","templated":true}]}}