{"id":21236,"date":"2023-03-15T10:03:05","date_gmt":"2023-03-15T13:03:05","guid":{"rendered":"https:\/\/elfederalmendoza.com\/?p=21236"},"modified":"2023-03-15T10:03:17","modified_gmt":"2023-03-15T13:03:17","slug":"el-drama-de-la-moza-agredida-en-la-aristides-no-doy-mas-del-dolor-me-van-a-derivar-a-un-psicologo","status":"publish","type":"post","link":"https:\/\/elfederalmendoza.com.ar\/index.php\/2023\/03\/15\/el-drama-de-la-moza-agredida-en-la-aristides-no-doy-mas-del-dolor-me-van-a-derivar-a-un-psicologo\/","title":{"rendered":"Habl\u00f3 la moza agredida en la Ar\u00edstides: \u201cNo doy m\u00e1s del dolor, me van a derivar a un psic\u00f3logo\u201d"},"content":{"rendered":"\n<p>El caso de la\u00a0<strong>moza\u00a0<\/strong>que fue\u00a0agredida en un bar de la avenida Ar\u00edstides Villanueva\u00a0gener\u00f3 una profunda indignaci\u00f3n en la sociedad. Los videos de la agresi\u00f3n, el intent\u00f3 de linchamiento a los acusados y las fotos de la v\u00edctima con su rostro ensangrentado, recorrieron la provincia y el pa\u00eds.<\/p>\n\n\n\n<p>Poco m\u00e1s de un d\u00eda despu\u00e9s del hecho,&nbsp;<strong>Agustina<\/strong>, la joven de 20 a\u00f1os que sufri\u00f3 el salvaje ataque, rompi\u00f3 el silencio y cont\u00f3 en<strong><em>&nbsp;LVDiez Radio<\/em><\/strong>&nbsp;su traum\u00e1tica experiencia en primera persona.<\/p>\n\n\n\n<p>La chica empez\u00f3 relatando que dos sujetos llegaron alrededor de las 2 al local&nbsp;<strong>Maldito Perro&nbsp;<\/strong>y subieron a la terraza, donde ella los atendi\u00f3.<\/p>\n\n\n\n<p><mark>\u201cAh\u00ed empezaron a acosarme. Les pregunt\u00f3 si necesitaban algo m\u00e1s aparte de lo que hab\u00edan pedido para consumir y me dijeron que me necesitaban a mi. Yo no los quise atender m\u00e1s<\/mark>\u201c, explic\u00f3.<\/p>\n\n\n\n<p>Momentos m\u00e1s tarde, a las 2.50, ambos individuos bajaron de la terraza y se sentaron en una mesa de la vereda. All\u00ed, intentaron enga\u00f1ar a los empleados, asegurando que ya hab\u00edan pagado, pero la moza advirti\u00f3 la maniobra fraudulenta.<\/p>\n\n\n\n<p><em>\u201cYo les dije que no hab\u00edan pagado. Pasaron una tarjeta, les cobraron y quer\u00edan seguir pidiendo. El encargado y yo les dijimos que no les \u00edbamos a vender m\u00e1s alcohol\u201d<\/em>, narr\u00f3 la joven.<\/p>\n\n\n\n<p>Los trabajadores del bar les pidieron que se retiraran. Amablemente, ofrecieron a los dos hombres vasos de pl\u00e1stico, para que pudieran llevarse las bebidas que ya estaban tomando y entregar los recipientes de vidrio.<\/p>\n\n\n\n<p>Pero los sujetos se pararon e intentaron llevarse los vasos de cristal.\u00a0<mark>El encargado intent\u00f3 frenarlos, pero le dieron un golpe en el rostro al empleado y tambi\u00e9n a un cliente<\/mark>, sostiene la versi\u00f3n de la chica.<\/p>\n\n\n\n<p><mark>\u201cAh\u00ed me reventaron el vaso en el rostro.<strong>\u00a0Jos\u00e9 Luis Pericoli<\/strong>\u00a0fue quien me peg\u00f3\u201d<\/mark>, describi\u00f3 afligida Agustina.<\/p>\n\n\n<div class=\"wp-block-image\">\n<figure class=\"aligncenter size-full\"><img loading=\"lazy\" decoding=\"async\" width=\"1008\" height=\"846\" src=\"https:\/\/elfederalmendoza.com\/wp-content\/uploads\/2023\/03\/image-18.png\" alt=\"\" class=\"wp-image-21240\" srcset=\"https:\/\/elfederalmendoza.com.ar\/wp-content\/uploads\/2023\/03\/image-18.png 1008w, https:\/\/elfederalmendoza.com.ar\/wp-content\/uploads\/2023\/03\/image-18-300x252.png 300w, https:\/\/elfederalmendoza.com.ar\/wp-content\/uploads\/2023\/03\/image-18-768x645.png 768w\" sizes=\"auto, (max-width: 1008px) 100vw, 1008px\" \/><\/figure><\/div>\n\n\n<p>Acto seguido, los dos atacantes intentaron escapar, pero clientes y trabajadores del bar y otros locales los persiguieron. Cuando les dieron alcance, redujeron a ambos a golpes y los retuvieron hasta la llegada de los m\u00f3viles policiales.<\/p>\n\n\n\n<p>M\u00e1s all\u00e1 de la detenci\u00f3n de los dos sospechosos, la moza qued\u00f3 con dolorosas lesiones:&nbsp;<mark>\u201cTengo m\u00e1s de 20 puntos en la cara, cortes en la ceja, el cachete, la cabeza. No escucho bien con el o\u00eddo izquierdo\u201d<\/mark>, se\u00f1al\u00f3.<\/p>\n\n\n\n<p>Y agreg\u00f3:\u00a0<em>\u201cReci\u00e9n salgo del Hospital (Lagomaggiore) y no doy m\u00e1s del dolor. Tengo mareos, no escucho, me van a derivar a un psic\u00f3logo\u201d<\/em>, detall\u00f3 entre l\u00e1grimas.<\/p>\n\n\n<div class=\"wp-block-image\">\n<figure class=\"aligncenter size-full\"><img loading=\"lazy\" decoding=\"async\" width=\"800\" height=\"600\" src=\"https:\/\/elfederalmendoza.com\/wp-content\/uploads\/2023\/03\/image-17.png\" alt=\"\" class=\"wp-image-21239\" srcset=\"https:\/\/elfederalmendoza.com.ar\/wp-content\/uploads\/2023\/03\/image-17.png 800w, https:\/\/elfederalmendoza.com.ar\/wp-content\/uploads\/2023\/03\/image-17-300x225.png 300w, https:\/\/elfederalmendoza.com.ar\/wp-content\/uploads\/2023\/03\/image-17-768x576.png 768w\" sizes=\"auto, (max-width: 800px) 100vw, 800px\" \/><\/figure><\/div>\n\n\n<p>La joven tambi\u00e9n se refiri\u00f3 a la cantidad de situaciones similares por las que ha tenido que pasar ella y otras chicas que trabajan en el rubro:<mark>&nbsp;\u201cAs\u00ed como pas\u00f3 ahora, ha pasado un mont\u00f3n de veces. Y no s\u00f3lo a m\u00ed, sino tambi\u00e9n a un mont\u00f3n de mozas\u201d<\/mark>.<\/p>\n\n\n\n<p>Por otro lado, la muchacha apunt\u00f3 contra el detenido por la agresi\u00f3n y pidi\u00f3 que avance la causa en su contra:&nbsp;<em>\u201cSe sabe que Pericoli tiene hijos y no fue capaz de ponerse en mi lugar, de pensar que yo pod\u00eda sentirme inc\u00f3moda. El d\u00eda de ma\u00f1ana ma\u00f1ana les puede pasar lo mismo a sus hijos. No le import\u00f3 nada. Quiero que se haga justicia\u201d<\/em>.<\/p>\n\n\n\n<p>Y sentenci\u00f3: \u201cEspero que pague por todo el da\u00f1o que me hicieron. Me arruinaron la cara. Tanto f\u00edsica como mentalmente me arruinaron. Lo \u00fanico que espero es eso: que se haga justicia\u201d.<\/p>\n\n\n\n<h2 class=\"wp-block-heading\" id=\"h-descargo-en-las-redes\">Descargo en las redes<\/h2>\n\n\n\n<p>Por su parte, Agustina tambi\u00e9n hizo un descargo en su perfil de Facebook, donde expuso sus sensaciones luego del ataque:<mark>\u00a0\u201c\u00bfQu\u00e9 tengo que hacer ahora, encerrarme en mi casa? \u00bfDejar de trabajar porque no se si ma\u00f1ana vuelva? Estoy harta de vivir con miedo\u201d<\/mark>, reflexion\u00f3.<\/p>\n\n\n<div class=\"wp-block-image\">\n<figure class=\"aligncenter size-full\"><img loading=\"lazy\" decoding=\"async\" width=\"678\" height=\"531\" src=\"https:\/\/elfederalmendoza.com\/wp-content\/uploads\/2023\/03\/image-16.png\" alt=\"\" class=\"wp-image-21238\" srcset=\"https:\/\/elfederalmendoza.com.ar\/wp-content\/uploads\/2023\/03\/image-16.png 678w, https:\/\/elfederalmendoza.com.ar\/wp-content\/uploads\/2023\/03\/image-16-300x235.png 300w\" sizes=\"auto, (max-width: 678px) 100vw, 678px\" \/><\/figure><\/div>","protected":false},"excerpt":{"rendered":"<p>El caso de la\u00a0moza\u00a0que fue\u00a0agredida en un bar de la avenida Ar\u00edstides Villanueva\u00a0gener\u00f3 una profunda indignaci\u00f3n en la sociedad. Los videos de la agresi\u00f3n, el intent\u00f3 de linchamiento a los acusados y las fotos de la v\u00edctima con su rostro ensangrentado, recorrieron la provincia y el pa\u00eds. Poco m\u00e1s de un d\u00eda despu\u00e9s del hecho,&nbsp;Agustina,<a class=\"read-more\" href=\"https:\/\/elfederalmendoza.com.ar\/index.php\/2023\/03\/15\/el-drama-de-la-moza-agredida-en-la-aristides-no-doy-mas-del-dolor-me-van-a-derivar-a-un-psicologo\/\"> [&hellip;]<\/a><\/p>\n","protected":false},"author":2,"featured_media":21241,"comment_status":"open","ping_status":"open","sticky":false,"template":"","format":"standard","meta":{"footnotes":""},"categories":[1],"tags":[],"class_list":["post-21236","post","type-post","status-publish","format-standard","has-post-thumbnail","hentry","category-mza"],"rttpg_featured_image_url":{"full":["https:\/\/elfederalmendoza.com.ar\/wp-content\/uploads\/2023\/03\/FotoJet11.webp",1200,900,false],"landscape":["https:\/\/elfederalmendoza.com.ar\/wp-content\/uploads\/2023\/03\/FotoJet11.webp",1200,900,false],"portraits":["https:\/\/elfederalmendoza.com.ar\/wp-content\/uploads\/2023\/03\/FotoJet11.webp",1200,900,false],"thumbnail":["https:\/\/elfederalmendoza.com.ar\/wp-content\/uploads\/2023\/03\/FotoJet11-150x150.webp",150,150,true],"medium":["https:\/\/elfederalmendoza.com.ar\/wp-content\/uploads\/2023\/03\/FotoJet11-300x225.webp",300,225,true],"large":["https:\/\/elfederalmendoza.com.ar\/wp-content\/uploads\/2023\/03\/FotoJet11-1024x768.webp",640,480,true],"1536x1536":["https:\/\/elfederalmendoza.com.ar\/wp-content\/uploads\/2023\/03\/FotoJet11.webp",1200,900,false],"2048x2048":["https:\/\/elfederalmendoza.com.ar\/wp-content\/uploads\/2023\/03\/FotoJet11.webp",1200,900,false],"ultp_layout_landscape_large":["https:\/\/elfederalmendoza.com.ar\/wp-content\/uploads\/2023\/03\/FotoJet11-1200x800.webp",1200,800,true],"ultp_layout_landscape":["https:\/\/elfederalmendoza.com.ar\/wp-content\/uploads\/2023\/03\/FotoJet11-870x570.webp",870,570,true],"ultp_layout_portrait":["https:\/\/elfederalmendoza.com.ar\/wp-content\/uploads\/2023\/03\/FotoJet11-600x900.webp",600,900,true],"ultp_layout_square":["https:\/\/elfederalmendoza.com.ar\/wp-content\/uploads\/2023\/03\/FotoJet11-600x600.webp",600,600,true],"rpwe-thumbnail":["https:\/\/elfederalmendoza.com.ar\/wp-content\/uploads\/2023\/03\/FotoJet11-45x45.webp",45,45,true],"advps-thumb-one":["https:\/\/elfederalmendoza.com.ar\/wp-content\/uploads\/2023\/03\/FotoJet11-1200x420.webp",1200,420,true]},"rttpg_author":{"display_name":"Redacci\u00f3n El Federal","author_link":"https:\/\/elfederalmendoza.com.ar\/index.php\/author\/angelflores\/"},"rttpg_comment":0,"rttpg_category":"<a href=\"https:\/\/elfederalmendoza.com.ar\/index.php\/category\/mza\/\" rel=\"category tag\">Mendoza<\/a>","rttpg_excerpt":"El caso de la\u00a0moza\u00a0que fue\u00a0agredida en un bar de la avenida Ar\u00edstides Villanueva\u00a0gener\u00f3 una profunda indignaci\u00f3n en la sociedad. Los videos de la agresi\u00f3n, el intent\u00f3 de linchamiento a los acusados y las fotos de la v\u00edctima con su rostro ensangrentado, recorrieron la provincia y el pa\u00eds. Poco m\u00e1s de un d\u00eda despu\u00e9s del hecho,&nbsp;Agustina,&hellip;","_links":{"self":[{"href":"https:\/\/elfederalmendoza.com.ar\/index.php\/wp-json\/wp\/v2\/posts\/21236","targetHints":{"allow":["GET"]}}],"collection":[{"href":"https:\/\/elfederalmendoza.com.ar\/index.php\/wp-json\/wp\/v2\/posts"}],"about":[{"href":"https:\/\/elfederalmendoza.com.ar\/index.php\/wp-json\/wp\/v2\/types\/post"}],"author":[{"embeddable":true,"href":"https:\/\/elfederalmendoza.com.ar\/index.php\/wp-json\/wp\/v2\/users\/2"}],"replies":[{"embeddable":true,"href":"https:\/\/elfederalmendoza.com.ar\/index.php\/wp-json\/wp\/v2\/comments?post=21236"}],"version-history":[{"count":3,"href":"https:\/\/elfederalmendoza.com.ar\/index.php\/wp-json\/wp\/v2\/posts\/21236\/revisions"}],"predecessor-version":[{"id":21243,"href":"https:\/\/elfederalmendoza.com.ar\/index.php\/wp-json\/wp\/v2\/posts\/21236\/revisions\/21243"}],"wp:featuredmedia":[{"embeddable":true,"href":"https:\/\/elfederalmendoza.com.ar\/index.php\/wp-json\/wp\/v2\/media\/21241"}],"wp:attachment":[{"href":"https:\/\/elfederalmendoza.com.ar\/index.php\/wp-json\/wp\/v2\/media?parent=21236"}],"wp:term":[{"taxonomy":"category","embeddable":true,"href":"https:\/\/elfederalmendoza.com.ar\/index.php\/wp-json\/wp\/v2\/categories?post=21236"},{"taxonomy":"post_tag","embeddable":true,"href":"https:\/\/elfederalmendoza.com.ar\/index.php\/wp-json\/wp\/v2\/tags?post=21236"}],"curies":[{"name":"wp","href":"https:\/\/api.w.org\/{rel}","templated":true}]}}