{"id":21247,"date":"2023-03-15T18:28:40","date_gmt":"2023-03-15T21:28:40","guid":{"rendered":"https:\/\/elfederalmendoza.com\/?p=21247"},"modified":"2023-03-15T18:28:42","modified_gmt":"2023-03-15T21:28:42","slug":"en-mendoza-no-el-tuit-del-intendente-de-la-ciudad-de-mendoza-a-los-piqueteros","status":"publish","type":"post","link":"https:\/\/elfederalmendoza.com.ar\/index.php\/2023\/03\/15\/en-mendoza-no-el-tuit-del-intendente-de-la-ciudad-de-mendoza-a-los-piqueteros\/","title":{"rendered":"\u00abEn Mendoza NO\u00bb: el tuit del intendente de la Ciudad de Mendoza a los piqueteros"},"content":{"rendered":"\n<p>Este martes la\u00a0<strong>Unidad Piquetera<\/strong>, compuesta por varias organizaciones,\u00a0<strong>march\u00f3 por las calles de Mendoza\u00a0<\/strong>en su segunda jornada de protesta. El destino era la\u00a0<strong>Plaza Independencia donde ten\u00edan pensado acampar<\/strong>\u00a0los manifestantes. Sin embargo, esto lo impidieron los polic\u00edas dispuestos en el operativo y se produjeron\u00a0detenciones de l\u00edderes piqueteros, para evitar que instalaran las carpas en la plaza.<\/p>\n\n\n\n<p>El intendente de la Ciudad de Mendoza, Ulpiano Suarez, una vez que los manifestantes regresaron a sus hogares, posterior a las detenciones de\u00a0<strong>Mart\u00edn Rodr\u00edguez<\/strong>\u00a0y\u00a0<strong>Lorena Torres, l\u00edderes del Polo Obrero<\/strong>, hizo una declaraci\u00f3n p\u00fablica exaltando la decisi\u00f3n del Gobierno, de la Justicia y que acompa\u00f1a gran parte de la poblaci\u00f3n sobre la defensa del espacio p\u00fablico.<\/p>\n\n\n\n<p>El jefe comunal escribi\u00f3 en Twitter: \u00abEn Mendoza NO. En Mendoza no aceptamos extorsiones. Aqu\u00ed cumplimos y hacemos cumplir la ley. Dijimos que no \u00edbamos a permitir que el caos que alimenta el gobierno nacional se instalara en Mendoza, y actuamos en consecuencia. \u00c9sta es la plaza mayor de los mendocinos.\u00bb<\/p>\n\n\n\n<blockquote class=\"twitter-tweet\"><p lang=\"es\" dir=\"ltr\">En Mendoza NO.<br><br>En Mendoza no aceptamos extorsiones. Aqu\u00ed cumplimos y hacemos cumplir la ley. Dijimos que no \u00edbamos a permitir que el caos que alimenta el gobierno nacional se instalara en Mendoza, y actuamos en consecuencia.<br><br> \u00c9sta es la plaza mayor de los mendocinos. (Sigue) <a href=\"https:\/\/t.co\/6KN8Oe4FnD\">pic.twitter.com\/6KN8Oe4FnD<\/a><\/p>&mdash; Ulpiano Suarez (@UlpianoSuarez) <a href=\"https:\/\/twitter.com\/UlpianoSuarez\/status\/1635822136240533505?ref_src=twsrc%5Etfw\">March 15, 2023<\/a><\/blockquote> <script async src=\"https:\/\/platform.twitter.com\/widgets.js\" charset=\"utf-8\"><\/script>\n\n\n\n<p>Para finalizar, public\u00f3: \u00abGracias al trabajo de la\u00a0<a href=\"https:\/\/twitter.com\/ciudaddemendoza\">@ciudaddemendoza<\/a>, el Ministerio P\u00fablico Fiscal, el Ministerio de Seguridad, la Polic\u00eda de Mendoza y la justicia, se evit\u00f3 que piqueteros tomaran el espacio p\u00fablico violando las normas esenciales de la convivencia y perjudicando al conjunto de la sociedad\u00bb.<\/p>\n","protected":false},"excerpt":{"rendered":"<p>Este martes la\u00a0Unidad Piquetera, compuesta por varias organizaciones,\u00a0march\u00f3 por las calles de Mendoza\u00a0en su segunda jornada de protesta. El destino era la\u00a0Plaza Independencia donde ten\u00edan pensado acampar\u00a0los manifestantes. Sin embargo, esto lo impidieron los polic\u00edas dispuestos en el operativo y se produjeron\u00a0detenciones de l\u00edderes piqueteros, para evitar que instalaran las carpas en la plaza. El<a class=\"read-more\" href=\"https:\/\/elfederalmendoza.com.ar\/index.php\/2023\/03\/15\/en-mendoza-no-el-tuit-del-intendente-de-la-ciudad-de-mendoza-a-los-piqueteros\/\"> [&hellip;]<\/a><\/p>\n","protected":false},"author":2,"featured_media":21248,"comment_status":"open","ping_status":"open","sticky":false,"template":"","format":"standard","meta":{"footnotes":""},"categories":[1],"tags":[],"class_list":["post-21247","post","type-post","status-publish","format-standard","has-post-thumbnail","hentry","category-mza"],"rttpg_featured_image_url":{"full":["https:\/\/elfederalmendoza.com.ar\/wp-content\/uploads\/2023\/03\/piquetes-mendoza.jpg",1024,481,false],"landscape":["https:\/\/elfederalmendoza.com.ar\/wp-content\/uploads\/2023\/03\/piquetes-mendoza.jpg",1024,481,false],"portraits":["https:\/\/elfederalmendoza.com.ar\/wp-content\/uploads\/2023\/03\/piquetes-mendoza.jpg",1024,481,false],"thumbnail":["https:\/\/elfederalmendoza.com.ar\/wp-content\/uploads\/2023\/03\/piquetes-mendoza-150x150.jpg",150,150,true],"medium":["https:\/\/elfederalmendoza.com.ar\/wp-content\/uploads\/2023\/03\/piquetes-mendoza-300x141.jpg",300,141,true],"large":["https:\/\/elfederalmendoza.com.ar\/wp-content\/uploads\/2023\/03\/piquetes-mendoza.jpg",640,301,false],"1536x1536":["https:\/\/elfederalmendoza.com.ar\/wp-content\/uploads\/2023\/03\/piquetes-mendoza.jpg",1024,481,false],"2048x2048":["https:\/\/elfederalmendoza.com.ar\/wp-content\/uploads\/2023\/03\/piquetes-mendoza.jpg",1024,481,false],"ultp_layout_landscape_large":["https:\/\/elfederalmendoza.com.ar\/wp-content\/uploads\/2023\/03\/piquetes-mendoza.jpg",1024,481,false],"ultp_layout_landscape":["https:\/\/elfederalmendoza.com.ar\/wp-content\/uploads\/2023\/03\/piquetes-mendoza-870x481.jpg",870,481,true],"ultp_layout_portrait":["https:\/\/elfederalmendoza.com.ar\/wp-content\/uploads\/2023\/03\/piquetes-mendoza-600x481.jpg",600,481,true],"ultp_layout_square":["https:\/\/elfederalmendoza.com.ar\/wp-content\/uploads\/2023\/03\/piquetes-mendoza-600x481.jpg",600,481,true],"rpwe-thumbnail":["https:\/\/elfederalmendoza.com.ar\/wp-content\/uploads\/2023\/03\/piquetes-mendoza-45x45.jpg",45,45,true],"advps-thumb-one":["https:\/\/elfederalmendoza.com.ar\/wp-content\/uploads\/2023\/03\/piquetes-mendoza-1024x420.jpg",1024,420,true]},"rttpg_author":{"display_name":"Redacci\u00f3n El Federal","author_link":"https:\/\/elfederalmendoza.com.ar\/index.php\/author\/angelflores\/"},"rttpg_comment":0,"rttpg_category":"<a href=\"https:\/\/elfederalmendoza.com.ar\/index.php\/category\/mza\/\" rel=\"category tag\">Mendoza<\/a>","rttpg_excerpt":"Este martes la\u00a0Unidad Piquetera, compuesta por varias organizaciones,\u00a0march\u00f3 por las calles de Mendoza\u00a0en su segunda jornada de protesta. El destino era la\u00a0Plaza Independencia donde ten\u00edan pensado acampar\u00a0los manifestantes. Sin embargo, esto lo impidieron los polic\u00edas dispuestos en el operativo y se produjeron\u00a0detenciones de l\u00edderes piqueteros, para evitar que instalaran las carpas en la plaza. El&hellip;","_links":{"self":[{"href":"https:\/\/elfederalmendoza.com.ar\/index.php\/wp-json\/wp\/v2\/posts\/21247","targetHints":{"allow":["GET"]}}],"collection":[{"href":"https:\/\/elfederalmendoza.com.ar\/index.php\/wp-json\/wp\/v2\/posts"}],"about":[{"href":"https:\/\/elfederalmendoza.com.ar\/index.php\/wp-json\/wp\/v2\/types\/post"}],"author":[{"embeddable":true,"href":"https:\/\/elfederalmendoza.com.ar\/index.php\/wp-json\/wp\/v2\/users\/2"}],"replies":[{"embeddable":true,"href":"https:\/\/elfederalmendoza.com.ar\/index.php\/wp-json\/wp\/v2\/comments?post=21247"}],"version-history":[{"count":1,"href":"https:\/\/elfederalmendoza.com.ar\/index.php\/wp-json\/wp\/v2\/posts\/21247\/revisions"}],"predecessor-version":[{"id":21249,"href":"https:\/\/elfederalmendoza.com.ar\/index.php\/wp-json\/wp\/v2\/posts\/21247\/revisions\/21249"}],"wp:featuredmedia":[{"embeddable":true,"href":"https:\/\/elfederalmendoza.com.ar\/index.php\/wp-json\/wp\/v2\/media\/21248"}],"wp:attachment":[{"href":"https:\/\/elfederalmendoza.com.ar\/index.php\/wp-json\/wp\/v2\/media?parent=21247"}],"wp:term":[{"taxonomy":"category","embeddable":true,"href":"https:\/\/elfederalmendoza.com.ar\/index.php\/wp-json\/wp\/v2\/categories?post=21247"},{"taxonomy":"post_tag","embeddable":true,"href":"https:\/\/elfederalmendoza.com.ar\/index.php\/wp-json\/wp\/v2\/tags?post=21247"}],"curies":[{"name":"wp","href":"https:\/\/api.w.org\/{rel}","templated":true}]}}