{"id":21260,"date":"2023-03-16T02:50:00","date_gmt":"2023-03-16T05:50:00","guid":{"rendered":"https:\/\/elfederalmendoza.com\/?p=21260"},"modified":"2023-03-16T10:51:56","modified_gmt":"2023-03-16T13:51:56","slug":"aprovecho-la-lluvia-y-salio-a-andar-en-kayak-por-las-calles-de-maipu","status":"publish","type":"post","link":"https:\/\/elfederalmendoza.com.ar\/index.php\/2023\/03\/16\/aprovecho-la-lluvia-y-salio-a-andar-en-kayak-por-las-calles-de-maipu\/","title":{"rendered":"Aprovech\u00f3 la lluvia y sali\u00f3 a andar en kayak por las calles de Maip\u00fa"},"content":{"rendered":"\n<p><strong>La intensa tormenta<\/strong>\u00a0que golpe\u00f3 este mi\u00e9rcoles por la noche a gran parte de Mendoza dej\u00f3 \u00e1rboles ca\u00eddos, calles anegadas y viviendas inundadas, entre otros inconvenientes. Pero tambi\u00e9n sum\u00f3 postales curiosas. En este caso, un hombre que aprovech\u00f3 de una manera particular lo que dej\u00f3 el temporal y\u00a0<mark>sali\u00f3 a pasear con su kayak por las calles de Maip\u00fa.<\/mark><\/p>\n\n\n\n<p>Las im\u00e1genes fueron captadas por un vecino de\u00a0<mark>Luzuriaga, sobre el carril Sarmiento<\/mark>, quien no dud\u00f3 en filmar con su celular al advertir la surrealista escena que estaba presenciando.<\/p>\n\n\n\n<p>Al parecer, el protagonista de la acci\u00f3n quiso aprovechar al m\u00e1ximo las calles convertidas en r\u00edo para&nbsp;<mark>demostrar su destreza a bordo de un kayak.<\/mark><\/p>\n\n\n\n<p>El video, que fue compartido en Twitter por Jos\u00e9 Luis \u201cChicho\u201d Bazzali, periodista de Canal 9 Televida, reflej\u00f3 adem\u00e1s un momento de cierto peligro ya que\u00a0<mark>el kayakista tuvo que realizar una maniobra para evitar ser impactado por una camioneta<\/mark>\u00a0que circulaba en sentido contrario.<\/p>\n\n\n\n<figure class=\"wp-block-embed is-type-rich is-provider-twitter wp-block-embed-twitter\"><div class=\"wp-block-embed__wrapper\">\n<blockquote class=\"twitter-tweet\" data-width=\"550\" data-dnt=\"true\"><p lang=\"es\" dir=\"ltr\">En <a href=\"https:\/\/twitter.com\/hashtag\/LuzuriagaCity?src=hash&amp;ref_src=twsrc%5Etfw\">#LuzuriagaCity<\/a> somos distintos!!<a href=\"https:\/\/twitter.com\/Canal9Televida?ref_src=twsrc%5Etfw\">@Canal9Televida<\/a> <br>Regata callejera jajaja <a href=\"https:\/\/t.co\/DP7ZQj7uIC\">pic.twitter.com\/DP7ZQj7uIC<\/a><\/p>&mdash; chichoBazzali (@ChichoBazzali09) <a href=\"https:\/\/twitter.com\/ChichoBazzali09\/status\/1636204747077107712?ref_src=twsrc%5Etfw\">March 16, 2023<\/a><\/blockquote><script async src=\"https:\/\/platform.twitter.com\/widgets.js\" charset=\"utf-8\"><\/script>\n<\/div><\/figure>\n\n\n\n<p><em>Fuente: El Sol<\/em><\/p>\n","protected":false},"excerpt":{"rendered":"<p>La intensa tormenta\u00a0que golpe\u00f3 este mi\u00e9rcoles por la noche a gran parte de Mendoza dej\u00f3 \u00e1rboles ca\u00eddos, calles anegadas y viviendas inundadas, entre otros inconvenientes. Pero tambi\u00e9n sum\u00f3 postales curiosas. En este caso, un hombre que aprovech\u00f3 de una manera particular lo que dej\u00f3 el temporal y\u00a0sali\u00f3 a pasear con su kayak por las calles<a class=\"read-more\" href=\"https:\/\/elfederalmendoza.com.ar\/index.php\/2023\/03\/16\/aprovecho-la-lluvia-y-salio-a-andar-en-kayak-por-las-calles-de-maipu\/\"> [&hellip;]<\/a><\/p>\n","protected":false},"author":2,"featured_media":21261,"comment_status":"open","ping_status":"open","sticky":false,"template":"","format":"standard","meta":{"footnotes":""},"categories":[1],"tags":[],"class_list":["post-21260","post","type-post","status-publish","format-standard","has-post-thumbnail","hentry","category-mza"],"rttpg_featured_image_url":{"full":["https:\/\/elfederalmendoza.com.ar\/wp-content\/uploads\/2023\/03\/Kayac-Sarmeinto-Portada.webp",1200,1163,false],"landscape":["https:\/\/elfederalmendoza.com.ar\/wp-content\/uploads\/2023\/03\/Kayac-Sarmeinto-Portada.webp",1200,1163,false],"portraits":["https:\/\/elfederalmendoza.com.ar\/wp-content\/uploads\/2023\/03\/Kayac-Sarmeinto-Portada.webp",1200,1163,false],"thumbnail":["https:\/\/elfederalmendoza.com.ar\/wp-content\/uploads\/2023\/03\/Kayac-Sarmeinto-Portada-150x150.webp",150,150,true],"medium":["https:\/\/elfederalmendoza.com.ar\/wp-content\/uploads\/2023\/03\/Kayac-Sarmeinto-Portada-300x291.webp",300,291,true],"large":["https:\/\/elfederalmendoza.com.ar\/wp-content\/uploads\/2023\/03\/Kayac-Sarmeinto-Portada-1024x992.webp",640,620,true],"1536x1536":["https:\/\/elfederalmendoza.com.ar\/wp-content\/uploads\/2023\/03\/Kayac-Sarmeinto-Portada.webp",1200,1163,false],"2048x2048":["https:\/\/elfederalmendoza.com.ar\/wp-content\/uploads\/2023\/03\/Kayac-Sarmeinto-Portada.webp",1200,1163,false],"ultp_layout_landscape_large":["https:\/\/elfederalmendoza.com.ar\/wp-content\/uploads\/2023\/03\/Kayac-Sarmeinto-Portada-1200x800.webp",1200,800,true],"ultp_layout_landscape":["https:\/\/elfederalmendoza.com.ar\/wp-content\/uploads\/2023\/03\/Kayac-Sarmeinto-Portada-870x570.webp",870,570,true],"ultp_layout_portrait":["https:\/\/elfederalmendoza.com.ar\/wp-content\/uploads\/2023\/03\/Kayac-Sarmeinto-Portada-600x900.webp",600,900,true],"ultp_layout_square":["https:\/\/elfederalmendoza.com.ar\/wp-content\/uploads\/2023\/03\/Kayac-Sarmeinto-Portada-600x600.webp",600,600,true],"rpwe-thumbnail":["https:\/\/elfederalmendoza.com.ar\/wp-content\/uploads\/2023\/03\/Kayac-Sarmeinto-Portada-45x45.webp",45,45,true],"advps-thumb-one":["https:\/\/elfederalmendoza.com.ar\/wp-content\/uploads\/2023\/03\/Kayac-Sarmeinto-Portada-1200x420.webp",1200,420,true]},"rttpg_author":{"display_name":"Redacci\u00f3n El Federal","author_link":"https:\/\/elfederalmendoza.com.ar\/index.php\/author\/angelflores\/"},"rttpg_comment":0,"rttpg_category":"<a href=\"https:\/\/elfederalmendoza.com.ar\/index.php\/category\/mza\/\" rel=\"category tag\">Mendoza<\/a>","rttpg_excerpt":"La intensa tormenta\u00a0que golpe\u00f3 este mi\u00e9rcoles por la noche a gran parte de Mendoza dej\u00f3 \u00e1rboles ca\u00eddos, calles anegadas y viviendas inundadas, entre otros inconvenientes. Pero tambi\u00e9n sum\u00f3 postales curiosas. En este caso, un hombre que aprovech\u00f3 de una manera particular lo que dej\u00f3 el temporal y\u00a0sali\u00f3 a pasear con su kayak por las calles&hellip;","_links":{"self":[{"href":"https:\/\/elfederalmendoza.com.ar\/index.php\/wp-json\/wp\/v2\/posts\/21260","targetHints":{"allow":["GET"]}}],"collection":[{"href":"https:\/\/elfederalmendoza.com.ar\/index.php\/wp-json\/wp\/v2\/posts"}],"about":[{"href":"https:\/\/elfederalmendoza.com.ar\/index.php\/wp-json\/wp\/v2\/types\/post"}],"author":[{"embeddable":true,"href":"https:\/\/elfederalmendoza.com.ar\/index.php\/wp-json\/wp\/v2\/users\/2"}],"replies":[{"embeddable":true,"href":"https:\/\/elfederalmendoza.com.ar\/index.php\/wp-json\/wp\/v2\/comments?post=21260"}],"version-history":[{"count":2,"href":"https:\/\/elfederalmendoza.com.ar\/index.php\/wp-json\/wp\/v2\/posts\/21260\/revisions"}],"predecessor-version":[{"id":21263,"href":"https:\/\/elfederalmendoza.com.ar\/index.php\/wp-json\/wp\/v2\/posts\/21260\/revisions\/21263"}],"wp:featuredmedia":[{"embeddable":true,"href":"https:\/\/elfederalmendoza.com.ar\/index.php\/wp-json\/wp\/v2\/media\/21261"}],"wp:attachment":[{"href":"https:\/\/elfederalmendoza.com.ar\/index.php\/wp-json\/wp\/v2\/media?parent=21260"}],"wp:term":[{"taxonomy":"category","embeddable":true,"href":"https:\/\/elfederalmendoza.com.ar\/index.php\/wp-json\/wp\/v2\/categories?post=21260"},{"taxonomy":"post_tag","embeddable":true,"href":"https:\/\/elfederalmendoza.com.ar\/index.php\/wp-json\/wp\/v2\/tags?post=21260"}],"curies":[{"name":"wp","href":"https:\/\/api.w.org\/{rel}","templated":true}]}}