{"id":21277,"date":"2023-03-16T01:57:00","date_gmt":"2023-03-16T04:57:00","guid":{"rendered":"https:\/\/elfederalmendoza.com\/?p=21277"},"modified":"2023-03-16T13:15:15","modified_gmt":"2023-03-16T16:15:15","slug":"quienes-son-los-hombres-que-golpearon-a-la-moza-de-la-aristides","status":"publish","type":"post","link":"https:\/\/elfederalmendoza.com.ar\/index.php\/2023\/03\/16\/quienes-son-los-hombres-que-golpearon-a-la-moza-de-la-aristides\/","title":{"rendered":"Qui\u00e9nes son los hombres que golpearon a la moza de la Ar\u00edstides"},"content":{"rendered":"\n<p>Este mi\u00e9rcoles finalmente se conoci\u00f3 la imputaci\u00f3n de los dos agresores de Agustina, la\u00a0<strong>moza\u00a0<\/strong>del bar de la calle\u00a0<strong>Ar\u00edstides Villanueva<\/strong>\u00a0de Ciudad que sufri\u00f3 una brutal golpiza. Sin embargo, mientras ella permanece a la espera de una cirug\u00eda pl\u00e1stica, ambos sujetos podr\u00edan ser liberados este jueves. Qui\u00e9nes son los dos agresores.<\/p>\n\n\n\n<p>Compa\u00f1eros de trabajo de los dos sujetos que se convirtieron en lamentables protagonistas en las \u00faltimas horas aseguraron que\u00a0no pueden creer lo que sucedi\u00f3. En di\u00e1logo con MDZ, confirmaron que Jos\u00e9 Luis Pericoli (35) y Carlos Ram\u00f3n Angulo (40) trabajan como bomberos\u00a0en una estaci\u00f3n de servicio ubicada en Mayor Drummond, Luj\u00e1n de Cuyo.<\/p>\n\n\n\n<p>La consternaci\u00f3n es mayor al conocerse que el triste episodio no se trat\u00f3 solo de una\u00a0agresi\u00f3n f\u00edsica sino que, en la\u00a0denuncia que radic\u00f3 Agustina, la v\u00edctima tambi\u00e9n dio detalles acerca del acoso que sufri\u00f3 por parte de los hombres durante toda la noche.\u00a0<\/p>\n\n\n\n<figure class=\"wp-block-image size-full\"><img loading=\"lazy\" decoding=\"async\" width=\"768\" height=\"456\" src=\"https:\/\/elfederalmendoza.com\/wp-content\/uploads\/2023\/03\/image-19.png\" alt=\"\" class=\"wp-image-21281\" srcset=\"https:\/\/elfederalmendoza.com.ar\/wp-content\/uploads\/2023\/03\/image-19.png 768w, https:\/\/elfederalmendoza.com.ar\/wp-content\/uploads\/2023\/03\/image-19-300x178.png 300w\" sizes=\"auto, (max-width: 768px) 100vw, 768px\" \/><\/figure>\n\n\n\n<p>Seg\u00fan consta en el escrito, la joven explic\u00f3 que desde su llegada al bar, los sujetos la\u00a0<strong>acosaron<\/strong>. Al inicio le respondieron que \u00abpara consumir, la quer\u00edan a ella\u00bb y la noche continu\u00f3 con m\u00e1s situaciones similares. Minutos m\u00e1s tarde, cuando la trabajadora les ofreci\u00f3 algo para tomar, ellos le se\u00f1alaron: \u00abTe vamos a llevar a la casa\u00bb.<\/p>\n\n\n\n<p>La joven, asustada por la situaci\u00f3n, le solicit\u00f3 a su superior que continuara la atenci\u00f3n de los sujetos y ella se dirigi\u00f3 hacia las mesas que se encontraban en la vereda. En ese contexto, Pericoli y Angulo se mostraron molestos por el cambio y la siguieron hasta la vereda. En medio del enojo y la borrachera continuaron&nbsp;<strong>acosando&nbsp;<\/strong>a Agustina hasta que les pidieron que se retiraran, pero los sujetos no quisieron, por lo que la empujaron y le cortaron el rostro con el vaso.<\/p>\n\n\n\n<p>Si bien hace algunas horas el fiscal Correccional Tom\u00e1s Guevara\u00a0imput\u00f3\u00a0a Jos\u00e9 Luis Pericoli (35) y Carlos Ram\u00f3n Angulo (40), ambos\u00a0fueron acusados de lesiones leves dolosas. Se trata de\u00a0un delito con penas excarcelables, de 1 mes a 1 a\u00f1o\u00a0de prisi\u00f3n, por lo que este jueves podr\u00edan recuperar su libertad.\u00a0<\/p>\n\n\n\n<figure class=\"wp-block-image size-full\"><img loading=\"lazy\" decoding=\"async\" width=\"768\" height=\"810\" src=\"https:\/\/elfederalmendoza.com\/wp-content\/uploads\/2023\/03\/image-20.png\" alt=\"\" class=\"wp-image-21282\" srcset=\"https:\/\/elfederalmendoza.com.ar\/wp-content\/uploads\/2023\/03\/image-20.png 768w, https:\/\/elfederalmendoza.com.ar\/wp-content\/uploads\/2023\/03\/image-20-284x300.png 284w\" sizes=\"auto, (max-width: 768px) 100vw, 768px\" \/><\/figure>\n\n\n\n<p>Pericoli es considerado el autor material, es decir, quien atac\u00f3 a la joven trabajadora revent\u00e1ndole un vaso&nbsp;de vidrio en la cara, mientras que Angulo fue quien empuj\u00f3 a la v\u00edctima.&nbsp;A su vez, a Pericoli se le sum\u00f3&nbsp;tambi\u00e9n la&nbsp;imputaci\u00f3n&nbsp;de hurto simple en grado de tentativa, debido a que habr\u00eda intentando robarse un posnet&nbsp;del local nocturno.&nbsp;<\/p>\n\n\n\n<p>El problema en este caso es que aunque la joven fue\u00a0<strong>acosada<\/strong>, no habr\u00eda un delito sexual. Por este motivo, solo se imputaron las lesiones f\u00edsicas que le provocaron.<\/p>\n\n\n\n<figure class=\"wp-block-image size-full\"><img loading=\"lazy\" decoding=\"async\" width=\"768\" height=\"811\" src=\"https:\/\/elfederalmendoza.com\/wp-content\/uploads\/2023\/03\/image-21.png\" alt=\"\" class=\"wp-image-21283\" srcset=\"https:\/\/elfederalmendoza.com.ar\/wp-content\/uploads\/2023\/03\/image-21.png 768w, https:\/\/elfederalmendoza.com.ar\/wp-content\/uploads\/2023\/03\/image-21-284x300.png 284w\" sizes=\"auto, (max-width: 768px) 100vw, 768px\" \/><\/figure>\n\n\n\n<h2 class=\"wp-block-heading\">El caso<\/h2>\n\n\n\n<p>El hecho se produjo durante la madrugada del lunes en el bar Maldito Perro, ubicado en calle&nbsp;<strong>Ar\u00edstides Villanueva<\/strong>&nbsp;135, de Ciudad. Durante el horario de cierre, cerca de las 3.05, Agustina, una&nbsp;<strong>moza&nbsp;<\/strong>de 21 a\u00f1os se encontraba atendiendo a dos sujetos de 35 y 40 a\u00f1os cuando se produjo una discusi\u00f3n.<\/p>\n\n\n\n<p>Los sujetos comenzaron a gritarles a los trabajadores del bar y, en cuesti\u00f3n de segundos,&nbsp;la empujaron y&nbsp;golpearon&nbsp;con un vaso en la cara. En un video compartido por las redes sociales se logr\u00f3 ver el momento exacto de la agresi\u00f3n, mientras que el resto de sus compa\u00f1eros intenta defenderla.<\/p>\n\n\n\n<p>\u00abEstoy cansada de esto! De la inseguridad, de q ya no pueda sentirme segura ni en el trabajo, porq siempre nos preocupamos por la ida o la vuelta y se suponia q el trabajo era el lugar seguro y ahora ni eso! Ahora se supone q tengo q sentirme insegura en cualquier lado??\u00bb, expres\u00f3 la joven en sus redes sociales.<\/p>\n\n\n\n<p>Y agreg\u00f3: \u00abTengo mas de 20 puntos en la cara, el o\u00eddo izquierdo sordo sin hablar de la cirug\u00eda pl\u00e1stica q tienen q hacerme! Todo por un par de tragos, por unos bestias q no saben medirse, ni saben tomar!\u00bb.<\/p>\n\n\n\n<p>En medio del dolor y el susto por la situaci\u00f3n que vivi\u00f3 mientras trabajaba, Agustina remarc\u00f3 que \u00able arruinaron la cara al punto de no poder verse en un espejo sin llorar\u00bb. \u00abMe hicieron mierda f\u00edsica y mentalmente y as\u00ed como me paso a mi les pasa a muchisim@s personas q trabajan en el rubro, esto pasa todos los d\u00edas no se crean que porq llegue a los medios es debut y despedida!\u00bb, dijo.<\/p>\n","protected":false},"excerpt":{"rendered":"<p>Este mi\u00e9rcoles finalmente se conoci\u00f3 la imputaci\u00f3n de los dos agresores de Agustina, la\u00a0moza\u00a0del bar de la calle\u00a0Ar\u00edstides Villanueva\u00a0de Ciudad que sufri\u00f3 una brutal golpiza. Sin embargo, mientras ella permanece a la espera de una cirug\u00eda pl\u00e1stica, ambos sujetos podr\u00edan ser liberados este jueves. Qui\u00e9nes son los dos agresores. Compa\u00f1eros de trabajo de los dos<a class=\"read-more\" href=\"https:\/\/elfederalmendoza.com.ar\/index.php\/2023\/03\/16\/quienes-son-los-hombres-que-golpearon-a-la-moza-de-la-aristides\/\"> [&hellip;]<\/a><\/p>\n","protected":false},"author":2,"featured_media":21279,"comment_status":"open","ping_status":"open","sticky":false,"template":"","format":"standard","meta":{"footnotes":""},"categories":[1],"tags":[],"class_list":["post-21277","post","type-post","status-publish","format-standard","has-post-thumbnail","hentry","category-mza"],"rttpg_featured_image_url":{"full":["https:\/\/elfederalmendoza.com.ar\/wp-content\/uploads\/2023\/03\/f848x477-1379568_1437371_3948.webp",848,477,false],"landscape":["https:\/\/elfederalmendoza.com.ar\/wp-content\/uploads\/2023\/03\/f848x477-1379568_1437371_3948.webp",848,477,false],"portraits":["https:\/\/elfederalmendoza.com.ar\/wp-content\/uploads\/2023\/03\/f848x477-1379568_1437371_3948.webp",848,477,false],"thumbnail":["https:\/\/elfederalmendoza.com.ar\/wp-content\/uploads\/2023\/03\/f848x477-1379568_1437371_3948-150x150.webp",150,150,true],"medium":["https:\/\/elfederalmendoza.com.ar\/wp-content\/uploads\/2023\/03\/f848x477-1379568_1437371_3948-300x169.webp",300,169,true],"large":["https:\/\/elfederalmendoza.com.ar\/wp-content\/uploads\/2023\/03\/f848x477-1379568_1437371_3948.webp",640,360,false],"1536x1536":["https:\/\/elfederalmendoza.com.ar\/wp-content\/uploads\/2023\/03\/f848x477-1379568_1437371_3948.webp",848,477,false],"2048x2048":["https:\/\/elfederalmendoza.com.ar\/wp-content\/uploads\/2023\/03\/f848x477-1379568_1437371_3948.webp",848,477,false],"ultp_layout_landscape_large":["https:\/\/elfederalmendoza.com.ar\/wp-content\/uploads\/2023\/03\/f848x477-1379568_1437371_3948.webp",848,477,false],"ultp_layout_landscape":["https:\/\/elfederalmendoza.com.ar\/wp-content\/uploads\/2023\/03\/f848x477-1379568_1437371_3948.webp",848,477,false],"ultp_layout_portrait":["https:\/\/elfederalmendoza.com.ar\/wp-content\/uploads\/2023\/03\/f848x477-1379568_1437371_3948-600x477.webp",600,477,true],"ultp_layout_square":["https:\/\/elfederalmendoza.com.ar\/wp-content\/uploads\/2023\/03\/f848x477-1379568_1437371_3948-600x477.webp",600,477,true],"rpwe-thumbnail":["https:\/\/elfederalmendoza.com.ar\/wp-content\/uploads\/2023\/03\/f848x477-1379568_1437371_3948-45x45.webp",45,45,true],"advps-thumb-one":["https:\/\/elfederalmendoza.com.ar\/wp-content\/uploads\/2023\/03\/f848x477-1379568_1437371_3948-848x420.webp",848,420,true]},"rttpg_author":{"display_name":"Redacci\u00f3n El Federal","author_link":"https:\/\/elfederalmendoza.com.ar\/index.php\/author\/angelflores\/"},"rttpg_comment":0,"rttpg_category":"<a href=\"https:\/\/elfederalmendoza.com.ar\/index.php\/category\/mza\/\" rel=\"category tag\">Mendoza<\/a>","rttpg_excerpt":"Este mi\u00e9rcoles finalmente se conoci\u00f3 la imputaci\u00f3n de los dos agresores de Agustina, la\u00a0moza\u00a0del bar de la calle\u00a0Ar\u00edstides Villanueva\u00a0de Ciudad que sufri\u00f3 una brutal golpiza. Sin embargo, mientras ella permanece a la espera de una cirug\u00eda pl\u00e1stica, ambos sujetos podr\u00edan ser liberados este jueves. Qui\u00e9nes son los dos agresores. Compa\u00f1eros de trabajo de los dos&hellip;","_links":{"self":[{"href":"https:\/\/elfederalmendoza.com.ar\/index.php\/wp-json\/wp\/v2\/posts\/21277","targetHints":{"allow":["GET"]}}],"collection":[{"href":"https:\/\/elfederalmendoza.com.ar\/index.php\/wp-json\/wp\/v2\/posts"}],"about":[{"href":"https:\/\/elfederalmendoza.com.ar\/index.php\/wp-json\/wp\/v2\/types\/post"}],"author":[{"embeddable":true,"href":"https:\/\/elfederalmendoza.com.ar\/index.php\/wp-json\/wp\/v2\/users\/2"}],"replies":[{"embeddable":true,"href":"https:\/\/elfederalmendoza.com.ar\/index.php\/wp-json\/wp\/v2\/comments?post=21277"}],"version-history":[{"count":1,"href":"https:\/\/elfederalmendoza.com.ar\/index.php\/wp-json\/wp\/v2\/posts\/21277\/revisions"}],"predecessor-version":[{"id":21284,"href":"https:\/\/elfederalmendoza.com.ar\/index.php\/wp-json\/wp\/v2\/posts\/21277\/revisions\/21284"}],"wp:featuredmedia":[{"embeddable":true,"href":"https:\/\/elfederalmendoza.com.ar\/index.php\/wp-json\/wp\/v2\/media\/21279"}],"wp:attachment":[{"href":"https:\/\/elfederalmendoza.com.ar\/index.php\/wp-json\/wp\/v2\/media?parent=21277"}],"wp:term":[{"taxonomy":"category","embeddable":true,"href":"https:\/\/elfederalmendoza.com.ar\/index.php\/wp-json\/wp\/v2\/categories?post=21277"},{"taxonomy":"post_tag","embeddable":true,"href":"https:\/\/elfederalmendoza.com.ar\/index.php\/wp-json\/wp\/v2\/tags?post=21277"}],"curies":[{"name":"wp","href":"https:\/\/api.w.org\/{rel}","templated":true}]}}