{"id":21296,"date":"2023-03-17T10:59:20","date_gmt":"2023-03-17T13:59:20","guid":{"rendered":"https:\/\/elfederalmendoza.com\/?p=21296"},"modified":"2023-03-17T10:59:21","modified_gmt":"2023-03-17T13:59:21","slug":"video-filman-y-viralizan-a-un-hombre-masturbandose-frente-a-tres-ninos","status":"publish","type":"post","link":"https:\/\/elfederalmendoza.com.ar\/index.php\/2023\/03\/17\/video-filman-y-viralizan-a-un-hombre-masturbandose-frente-a-tres-ninos\/","title":{"rendered":"-VIDEO- Filman y viralizan a un hombre masturb\u00e1ndose frente a tres ni\u00f1os"},"content":{"rendered":"\n<p><strong>El subcomisario Lucas Montes<\/strong>, segundo jefe de Asuntos Juveniles de la provincia de La Rioja, confirm\u00f3 que la detenci\u00f3n se realiz\u00f3 ayer a la siesta, mientras que caminaba por avenida Ram\u00edrez de Velasco. Qued\u00f3 alojado en Alcaid\u00eda de esa provincia.<\/p>\n\n\n\n<p>En di\u00e1logo con medios locales, el subcomisario\u00a0<strong>Lucas Montes<\/strong>, segundo jefe de Asuntos Juveniles, brind\u00f3 detalles de la detenci\u00f3n del depravado que se masturb\u00f3\u00a0<strong>frente a tres menores en el barrio Facundo Quiroga.<\/strong><\/p>\n\n\n\n<p>Las im\u00e1genes fueron viralizadas en todas las redes sociales, <strong>mostrando al hombre masturb\u00e1ndose frente a menores de edad<\/strong>. Fue lo m\u00e1s visto y caus\u00f3 mucha indignaci\u00f3n, a tal punto que autoridades policiales determinaron su b\u00fasqueda y detenci\u00f3n.<\/p>\n\n\n\n<figure class=\"wp-block-video\"><video controls src=\"https:\/\/elfederalmendoza.com\/wp-content\/uploads\/2023\/03\/WhatsApp-Video-2023-03-16-at-10.18.19-AM.mp4\"><\/video><figcaption class=\"wp-element-caption\">El video viralizado en las redes sociales<\/figcaption><\/figure>\n\n\n\n<p>\u201cFue detenido en horas de la siesta, en la v\u00eda p\u00fablica, cuando iba caminando por avenida Ram\u00edrez de Velasco\u201d, cont\u00f3 el subcomisario, quien agreg\u00f3 que \u201cla detenci\u00f3n fue realizada por personal de comisar\u00eda segunda\u201d.<\/p>\n\n\n\n<p>El segundo jefe de Asuntos Juveniles inform\u00f3 adem\u00e1s que el hombre ahora est\u00e1 alojado en Alcaid\u00eda, a disposici\u00f3n de la jueza D\u00edaz Marano.<\/p>\n","protected":false},"excerpt":{"rendered":"<p>El subcomisario Lucas Montes, segundo jefe de Asuntos Juveniles de la provincia de La Rioja, confirm\u00f3 que la detenci\u00f3n se realiz\u00f3 ayer a la siesta, mientras que caminaba por avenida Ram\u00edrez de Velasco. Qued\u00f3 alojado en Alcaid\u00eda de esa provincia. En di\u00e1logo con medios locales, el subcomisario\u00a0Lucas Montes, segundo jefe de Asuntos Juveniles, brind\u00f3 detalles<a class=\"read-more\" href=\"https:\/\/elfederalmendoza.com.ar\/index.php\/2023\/03\/17\/video-filman-y-viralizan-a-un-hombre-masturbandose-frente-a-tres-ninos\/\"> [&hellip;]<\/a><\/p>\n","protected":false},"author":2,"featured_media":21298,"comment_status":"open","ping_status":"open","sticky":false,"template":"","format":"standard","meta":{"footnotes":""},"categories":[5618],"tags":[],"class_list":["post-21296","post","type-post","status-publish","format-standard","has-post-thumbnail","hentry","category-arg"],"rttpg_featured_image_url":{"full":["https:\/\/elfederalmendoza.com.ar\/wp-content\/uploads\/2023\/03\/depravado6.jpg",795,569,false],"landscape":["https:\/\/elfederalmendoza.com.ar\/wp-content\/uploads\/2023\/03\/depravado6.jpg",795,569,false],"portraits":["https:\/\/elfederalmendoza.com.ar\/wp-content\/uploads\/2023\/03\/depravado6.jpg",795,569,false],"thumbnail":["https:\/\/elfederalmendoza.com.ar\/wp-content\/uploads\/2023\/03\/depravado6-150x150.jpg",150,150,true],"medium":["https:\/\/elfederalmendoza.com.ar\/wp-content\/uploads\/2023\/03\/depravado6-300x215.jpg",300,215,true],"large":["https:\/\/elfederalmendoza.com.ar\/wp-content\/uploads\/2023\/03\/depravado6.jpg",640,458,false],"1536x1536":["https:\/\/elfederalmendoza.com.ar\/wp-content\/uploads\/2023\/03\/depravado6.jpg",795,569,false],"2048x2048":["https:\/\/elfederalmendoza.com.ar\/wp-content\/uploads\/2023\/03\/depravado6.jpg",795,569,false],"ultp_layout_landscape_large":["https:\/\/elfederalmendoza.com.ar\/wp-content\/uploads\/2023\/03\/depravado6.jpg",795,569,false],"ultp_layout_landscape":["https:\/\/elfederalmendoza.com.ar\/wp-content\/uploads\/2023\/03\/depravado6.jpg",795,569,false],"ultp_layout_portrait":["https:\/\/elfederalmendoza.com.ar\/wp-content\/uploads\/2023\/03\/depravado6-600x569.jpg",600,569,true],"ultp_layout_square":["https:\/\/elfederalmendoza.com.ar\/wp-content\/uploads\/2023\/03\/depravado6-600x569.jpg",600,569,true],"rpwe-thumbnail":["https:\/\/elfederalmendoza.com.ar\/wp-content\/uploads\/2023\/03\/depravado6-45x45.jpg",45,45,true],"advps-thumb-one":["https:\/\/elfederalmendoza.com.ar\/wp-content\/uploads\/2023\/03\/depravado6-795x420.jpg",795,420,true]},"rttpg_author":{"display_name":"Redacci\u00f3n El Federal","author_link":"https:\/\/elfederalmendoza.com.ar\/index.php\/author\/angelflores\/"},"rttpg_comment":0,"rttpg_category":"<a href=\"https:\/\/elfederalmendoza.com.ar\/index.php\/category\/arg\/\" rel=\"category tag\">Argentina<\/a>","rttpg_excerpt":"El subcomisario Lucas Montes, segundo jefe de Asuntos Juveniles de la provincia de La Rioja, confirm\u00f3 que la detenci\u00f3n se realiz\u00f3 ayer a la siesta, mientras que caminaba por avenida Ram\u00edrez de Velasco. Qued\u00f3 alojado en Alcaid\u00eda de esa provincia. En di\u00e1logo con medios locales, el subcomisario\u00a0Lucas Montes, segundo jefe de Asuntos Juveniles, brind\u00f3 detalles&hellip;","_links":{"self":[{"href":"https:\/\/elfederalmendoza.com.ar\/index.php\/wp-json\/wp\/v2\/posts\/21296","targetHints":{"allow":["GET"]}}],"collection":[{"href":"https:\/\/elfederalmendoza.com.ar\/index.php\/wp-json\/wp\/v2\/posts"}],"about":[{"href":"https:\/\/elfederalmendoza.com.ar\/index.php\/wp-json\/wp\/v2\/types\/post"}],"author":[{"embeddable":true,"href":"https:\/\/elfederalmendoza.com.ar\/index.php\/wp-json\/wp\/v2\/users\/2"}],"replies":[{"embeddable":true,"href":"https:\/\/elfederalmendoza.com.ar\/index.php\/wp-json\/wp\/v2\/comments?post=21296"}],"version-history":[{"count":1,"href":"https:\/\/elfederalmendoza.com.ar\/index.php\/wp-json\/wp\/v2\/posts\/21296\/revisions"}],"predecessor-version":[{"id":21299,"href":"https:\/\/elfederalmendoza.com.ar\/index.php\/wp-json\/wp\/v2\/posts\/21296\/revisions\/21299"}],"wp:featuredmedia":[{"embeddable":true,"href":"https:\/\/elfederalmendoza.com.ar\/index.php\/wp-json\/wp\/v2\/media\/21298"}],"wp:attachment":[{"href":"https:\/\/elfederalmendoza.com.ar\/index.php\/wp-json\/wp\/v2\/media?parent=21296"}],"wp:term":[{"taxonomy":"category","embeddable":true,"href":"https:\/\/elfederalmendoza.com.ar\/index.php\/wp-json\/wp\/v2\/categories?post=21296"},{"taxonomy":"post_tag","embeddable":true,"href":"https:\/\/elfederalmendoza.com.ar\/index.php\/wp-json\/wp\/v2\/tags?post=21296"}],"curies":[{"name":"wp","href":"https:\/\/api.w.org\/{rel}","templated":true}]}}