{"id":21308,"date":"2023-03-17T01:25:00","date_gmt":"2023-03-17T04:25:00","guid":{"rendered":"https:\/\/elfederalmendoza.com\/?p=21308"},"modified":"2023-03-17T14:27:13","modified_gmt":"2023-03-17T17:27:13","slug":"una-docente-fue-atacada-a-patadas-por-la-mama-y-el-hermano-de-una-alumna-a-la-que-desaprobo","status":"publish","type":"post","link":"https:\/\/elfederalmendoza.com.ar\/index.php\/2023\/03\/17\/una-docente-fue-atacada-a-patadas-por-la-mama-y-el-hermano-de-una-alumna-a-la-que-desaprobo\/","title":{"rendered":"Una docente fue atacada a patadas por la mam\u00e1 y el hermano de una alumna a la que desaprob\u00f3"},"content":{"rendered":"\n<p><strong>Una docente fue atacada a golpes y patadas por familiares de una alumna que hab\u00eda sido desaprobada en un examen en una escuela de Necochea.<\/strong><\/p>\n\n\n\n<p>La profesora de la Escuela Secundaria Media 7 fue agredida por el hermano mayor y la madre de una alumna de 5to a\u00f1o dentro del establecimiento educativo.<\/p>\n\n\n\n<p>Los familiares ingresaron a la escuela y le arrojaron una botella en la cabeza a la profesora. Luego, la empujaron al piso y comenzaron a patearla.<br><strong><br>La salvaje agresi\u00f3n se dio despu\u00e9s de que la alumna reprobar\u00e1 por tercera vez la materia \u201cPol\u00edtica\u201d<\/strong>. Era la \u00faltima instancia que ten\u00eda para no repetir el a\u00f1o.<\/p>\n\n\n\n<p>La docente se encontraba en la escuela, fuera de hora, para tomarle precisamente el examen, cuando fue abordada por los familiares de la joven, al enterarse que hab\u00eda sido desaprobada.<\/p>\n\n\n\n<p>Por estas horas, se est\u00e1 investigando c\u00f3mo ingresaron los familiares de la alumna al establecimiento educativo.&nbsp;<strong>Seg\u00fan el portal CuatroVientos, el vicedirector se neg\u00f3 a declarar ante la polic\u00eda y evit\u00f3 dar los nombres de los agresores para pedir una orden de restricci\u00f3n de acercamiento.<\/strong><\/p>\n\n\n\n<p>Ra\u00fal de la LLosa, amigo de la docente atacada en Necochea, habl\u00f3 con TN y dio detalles del ataque.&nbsp;<strong>\u201cEst\u00e1 muy mal psicologicamente, nunca pens\u00f3 que iba a pasar por un momento tan horrible\u201d<\/strong>, cont\u00f3.<\/p>\n\n\n\n<p>Sobre el momento del ataque, LLosa relat\u00f3 que los familiares de la alumna empujaron la puerta para entrar porque el colegio estaba cerrado. \u201cNo estamos acostumbrados a este tipo de violencia, es la primera vez que pasa\u201d, explic\u00f3 el amigo de la docente atacada.<\/p>\n\n\n\n<p>Llosa, adem\u00e1s, cont\u00f3 que la madre de la alumna que agredi\u00f3 a la profesora amenaz\u00f3 a los compa\u00f1eros de su hija que fueron testigos de la golpiza.<\/p>\n\n\n\n<p><strong>\u201cHay mucha bronca con las autoridades porque no hicieron nada\u201d, coment\u00f3. Los exalumnos de la profesora fueron quienes asistieron a la maestra en el momento del ataque. \u201cSi no hubiese sido por ellos, no se que hubiese pasado\u201d<\/strong>, agreg\u00f3 Llosa. En tanto, la madre de la alumna fue denunciada por lesiones.<\/p>\n\n\n\n<p><strong>Docentes realizaron un paro y movilizaci\u00f3n en repudio por las agresiones a la profesora<\/strong><\/p>\n\n\n\n<p>Los docentes realizaron un paro y movilizaci\u00f3n bajo la consigna \u201cYa Basta\u201d, en repudio a las agresiones f\u00edsicas y verbales que sufri\u00f3 la docente en la ciudad de Necochea.<\/p>\n\n\n\n<p>Desde la agrupaci\u00f3n de docentes se\u00f1alaron que convocatoria tiene como objetivo expresar el descontento con la violencia que sufre el personal docente que trabaja en las escuelas y exigir medidas concretas para prevenir situaciones como la sufrida por la docente de la Secundaria 7.&nbsp;<\/p>\n","protected":false},"excerpt":{"rendered":"<p>Una docente fue atacada a golpes y patadas por familiares de una alumna que hab\u00eda sido desaprobada en un examen en una escuela de Necochea. La profesora de la Escuela Secundaria Media 7 fue agredida por el hermano mayor y la madre de una alumna de 5to a\u00f1o dentro del establecimiento educativo. Los familiares ingresaron<a class=\"read-more\" href=\"https:\/\/elfederalmendoza.com.ar\/index.php\/2023\/03\/17\/una-docente-fue-atacada-a-patadas-por-la-mama-y-el-hermano-de-una-alumna-a-la-que-desaprobo\/\"> [&hellip;]<\/a><\/p>\n","protected":false},"author":2,"featured_media":21309,"comment_status":"open","ping_status":"open","sticky":false,"template":"","format":"standard","meta":{"footnotes":""},"categories":[5618],"tags":[],"class_list":["post-21308","post","type-post","status-publish","format-standard","has-post-thumbnail","hentry","category-arg"],"rttpg_featured_image_url":{"full":["https:\/\/elfederalmendoza.com.ar\/wp-content\/uploads\/2023\/03\/WhatsApp-Image-2023-03-17-at-14.25.39.jpeg",1440,1004,false],"landscape":["https:\/\/elfederalmendoza.com.ar\/wp-content\/uploads\/2023\/03\/WhatsApp-Image-2023-03-17-at-14.25.39.jpeg",1440,1004,false],"portraits":["https:\/\/elfederalmendoza.com.ar\/wp-content\/uploads\/2023\/03\/WhatsApp-Image-2023-03-17-at-14.25.39.jpeg",1440,1004,false],"thumbnail":["https:\/\/elfederalmendoza.com.ar\/wp-content\/uploads\/2023\/03\/WhatsApp-Image-2023-03-17-at-14.25.39-150x150.jpeg",150,150,true],"medium":["https:\/\/elfederalmendoza.com.ar\/wp-content\/uploads\/2023\/03\/WhatsApp-Image-2023-03-17-at-14.25.39-300x209.jpeg",300,209,true],"large":["https:\/\/elfederalmendoza.com.ar\/wp-content\/uploads\/2023\/03\/WhatsApp-Image-2023-03-17-at-14.25.39-1024x714.jpeg",640,446,true],"1536x1536":["https:\/\/elfederalmendoza.com.ar\/wp-content\/uploads\/2023\/03\/WhatsApp-Image-2023-03-17-at-14.25.39.jpeg",1440,1004,false],"2048x2048":["https:\/\/elfederalmendoza.com.ar\/wp-content\/uploads\/2023\/03\/WhatsApp-Image-2023-03-17-at-14.25.39.jpeg",1440,1004,false],"ultp_layout_landscape_large":["https:\/\/elfederalmendoza.com.ar\/wp-content\/uploads\/2023\/03\/WhatsApp-Image-2023-03-17-at-14.25.39-1200x800.jpeg",1200,800,true],"ultp_layout_landscape":["https:\/\/elfederalmendoza.com.ar\/wp-content\/uploads\/2023\/03\/WhatsApp-Image-2023-03-17-at-14.25.39-870x570.jpeg",870,570,true],"ultp_layout_portrait":["https:\/\/elfederalmendoza.com.ar\/wp-content\/uploads\/2023\/03\/WhatsApp-Image-2023-03-17-at-14.25.39-600x900.jpeg",600,900,true],"ultp_layout_square":["https:\/\/elfederalmendoza.com.ar\/wp-content\/uploads\/2023\/03\/WhatsApp-Image-2023-03-17-at-14.25.39-600x600.jpeg",600,600,true],"rpwe-thumbnail":["https:\/\/elfederalmendoza.com.ar\/wp-content\/uploads\/2023\/03\/WhatsApp-Image-2023-03-17-at-14.25.39-45x45.jpeg",45,45,true],"advps-thumb-one":["https:\/\/elfederalmendoza.com.ar\/wp-content\/uploads\/2023\/03\/WhatsApp-Image-2023-03-17-at-14.25.39-1200x420.jpeg",1200,420,true]},"rttpg_author":{"display_name":"Redacci\u00f3n El Federal","author_link":"https:\/\/elfederalmendoza.com.ar\/index.php\/author\/angelflores\/"},"rttpg_comment":0,"rttpg_category":"<a href=\"https:\/\/elfederalmendoza.com.ar\/index.php\/category\/arg\/\" rel=\"category tag\">Argentina<\/a>","rttpg_excerpt":"Una docente fue atacada a golpes y patadas por familiares de una alumna que hab\u00eda sido desaprobada en un examen en una escuela de Necochea. La profesora de la Escuela Secundaria Media 7 fue agredida por el hermano mayor y la madre de una alumna de 5to a\u00f1o dentro del establecimiento educativo. Los familiares ingresaron&hellip;","_links":{"self":[{"href":"https:\/\/elfederalmendoza.com.ar\/index.php\/wp-json\/wp\/v2\/posts\/21308","targetHints":{"allow":["GET"]}}],"collection":[{"href":"https:\/\/elfederalmendoza.com.ar\/index.php\/wp-json\/wp\/v2\/posts"}],"about":[{"href":"https:\/\/elfederalmendoza.com.ar\/index.php\/wp-json\/wp\/v2\/types\/post"}],"author":[{"embeddable":true,"href":"https:\/\/elfederalmendoza.com.ar\/index.php\/wp-json\/wp\/v2\/users\/2"}],"replies":[{"embeddable":true,"href":"https:\/\/elfederalmendoza.com.ar\/index.php\/wp-json\/wp\/v2\/comments?post=21308"}],"version-history":[{"count":2,"href":"https:\/\/elfederalmendoza.com.ar\/index.php\/wp-json\/wp\/v2\/posts\/21308\/revisions"}],"predecessor-version":[{"id":21311,"href":"https:\/\/elfederalmendoza.com.ar\/index.php\/wp-json\/wp\/v2\/posts\/21308\/revisions\/21311"}],"wp:featuredmedia":[{"embeddable":true,"href":"https:\/\/elfederalmendoza.com.ar\/index.php\/wp-json\/wp\/v2\/media\/21309"}],"wp:attachment":[{"href":"https:\/\/elfederalmendoza.com.ar\/index.php\/wp-json\/wp\/v2\/media?parent=21308"}],"wp:term":[{"taxonomy":"category","embeddable":true,"href":"https:\/\/elfederalmendoza.com.ar\/index.php\/wp-json\/wp\/v2\/categories?post=21308"},{"taxonomy":"post_tag","embeddable":true,"href":"https:\/\/elfederalmendoza.com.ar\/index.php\/wp-json\/wp\/v2\/tags?post=21308"}],"curies":[{"name":"wp","href":"https:\/\/api.w.org\/{rel}","templated":true}]}}