{"id":21332,"date":"2023-03-18T01:47:00","date_gmt":"2023-03-18T04:47:00","guid":{"rendered":"https:\/\/elfederalmendoza.com\/?p=21332"},"modified":"2023-03-18T19:33:15","modified_gmt":"2023-03-18T22:33:15","slug":"tras-casi-7-anos-en-prision-ricardo-jaime-ex-secretario-de-transporte-recupero-este-sabado-su-libertad","status":"publish","type":"post","link":"https:\/\/elfederalmendoza.com.ar\/index.php\/2023\/03\/18\/tras-casi-7-anos-en-prision-ricardo-jaime-ex-secretario-de-transporte-recupero-este-sabado-su-libertad\/","title":{"rendered":"Tras casi 7 a\u00f1os en prisi\u00f3n: Ricardo Jaime, ex secretario de Transporte, recuper\u00f3 este s\u00e1bado su libertad"},"content":{"rendered":"\n<p><strong>Este s\u00e1bado 18 de marzo, precisamente a las 4.30, el exsecretario de Transporte Ricardo Jaime fue liberado&nbsp;<\/strong>y abandon\u00f3 la Alcaid\u00eda de Superintendencia de Investigaciones Federales de la Polic\u00eda Federal Argentina.<\/p>\n\n\n\n<p><strong>Jaime estaba preso desde el 2 de abril de 2016.&nbsp;<\/strong>Si bien tiene condenas por numerosos casos de corrupci\u00f3n en su paso por la administraci\u00f3n p\u00fablica, ninguna est\u00e1 firme. Por lo que deber\u00e1 aguardar las sentencias definitivas en libertad.<\/p>\n\n\n\n<p>El exfuncionario fue liberado luego de que el Tribunal Oral Federal (TOF) 7, integrado por los jueces Enrique M\u00e9ndez Signori y Germ\u00e1n Castelli, decidiera firmar su libertad debido a su&nbsp;<strong>\u201cdelicado cuadro de salud\u201d.<\/strong><\/p>\n\n\n\n<p>En una decisi\u00f3n alcanzada por mayor\u00eda, los jueces del TOF 7 dispusieron&nbsp;<strong>\u201cel cese de la prisi\u00f3n preventiva del detenido Ricardo Ra\u00fal Jaime, una vez vencido el plazo establecido en la resoluci\u00f3n dictada el 15 de septiembre de 2022, es decir, a partir del 18 del corriente mes y a\u00f1o\u201d.<\/strong><\/p>\n\n\n\n<p>En la resoluci\u00f3n, los jueces establecieron que cuando Jaime recupere su libertad debe\u00a0<strong>\u201csometerse al procedimiento y no obstaculizar la investigaci\u00f3n\u201d.\u00a0<\/strong>Tambi\u00e9n posee la\u00a0<strong>\u201cobligaci\u00f3n de notificar a esta sede cualquier cambio de domicilio, como as\u00ed tambi\u00e9n toda circunstancia en virtud de la cual deba ausentarse del mismo por m\u00e1s de 48 horas o m\u00e1s de 70 kil\u00f3metros\u201d.<\/strong><\/p>\n\n\n\n<p>El exfuncionario no puede salir del pa\u00eds sin autorizaci\u00f3n previa. Es por eso que le impusieron&nbsp;<strong>\u201cla entrega del pasaporte que tuviere en su poder a trav\u00e9s de la defensa -en caso de contar con dicho documento- e interdicci\u00f3n de expedir nuevos a su nombre\u201d.<\/strong><\/p>\n\n\n\n<p>Como \u00faltima medida, el tribunal determin\u00f3&nbsp;<strong>\u201cla colocaci\u00f3n de un dispositivo de monitoreo de GPS &#8211; Programa de Asistencia de Personas Bajo Vigilancia Electr\u00f3nica-\u201d.<\/strong><\/p>\n\n\n\n<p><strong>Las otras causas que afronta Ricardo Jaime<\/strong><\/p>\n\n\n\n<p>Detenido desde 2016, Jaime fue condenado por la llamada\u00a0<strong>\u201cTragedia de Once\u201d,\u00a0<\/strong>pero ese fallo a\u00fan no adquiri\u00f3 firmeza: el a\u00f1o pasado, la C\u00e1mara Federal de Casaci\u00f3n Penal le revoc\u00f3 la condena por\u00a0<strong>\u201cestrago culposo\u201d<\/strong>\u00a0y le\u00a0<strong>\u201cconfirm\u00f3 la de administraci\u00f3n fraudulenta\u201d\u00a0<\/strong>vinculada a ese hecho, por lo que le redujo la pena de siete a seis a\u00f1os de prisi\u00f3n.<\/p>\n\n\n\n<p>Tambi\u00e9n en 2022, el exfuncionario hab\u00eda sido condenado a ocho a\u00f1os de prisi\u00f3n en el marco de un juicio en el que se investig\u00f3\u00a0<strong>la compra de \u201ctrenes chatarra\u201d a Espa\u00f1a y Portugal,\u00a0<\/strong>en la que se le endilg\u00f3 tambi\u00e9n haberse enriquecido de modo il\u00edcito. Dicha sentencia a\u00fan no fue confirmada.<\/p>\n","protected":false},"excerpt":{"rendered":"<p>Este s\u00e1bado 18 de marzo, precisamente a las 4.30, el exsecretario de Transporte Ricardo Jaime fue liberado&nbsp;y abandon\u00f3 la Alcaid\u00eda de Superintendencia de Investigaciones Federales de la Polic\u00eda Federal Argentina. Jaime estaba preso desde el 2 de abril de 2016.&nbsp;Si bien tiene condenas por numerosos casos de corrupci\u00f3n en su paso por la administraci\u00f3n p\u00fablica,<a class=\"read-more\" href=\"https:\/\/elfederalmendoza.com.ar\/index.php\/2023\/03\/18\/tras-casi-7-anos-en-prision-ricardo-jaime-ex-secretario-de-transporte-recupero-este-sabado-su-libertad\/\"> [&hellip;]<\/a><\/p>\n","protected":false},"author":2,"featured_media":21333,"comment_status":"open","ping_status":"open","sticky":false,"template":"","format":"standard","meta":{"footnotes":""},"categories":[5618],"tags":[],"class_list":["post-21332","post","type-post","status-publish","format-standard","has-post-thumbnail","hentry","category-arg"],"rttpg_featured_image_url":{"full":["https:\/\/elfederalmendoza.com.ar\/wp-content\/uploads\/2023\/03\/eaBRTNETUMEYT.jpg",900,675,false],"landscape":["https:\/\/elfederalmendoza.com.ar\/wp-content\/uploads\/2023\/03\/eaBRTNETUMEYT.jpg",900,675,false],"portraits":["https:\/\/elfederalmendoza.com.ar\/wp-content\/uploads\/2023\/03\/eaBRTNETUMEYT.jpg",900,675,false],"thumbnail":["https:\/\/elfederalmendoza.com.ar\/wp-content\/uploads\/2023\/03\/eaBRTNETUMEYT-150x150.jpg",150,150,true],"medium":["https:\/\/elfederalmendoza.com.ar\/wp-content\/uploads\/2023\/03\/eaBRTNETUMEYT-300x225.jpg",300,225,true],"large":["https:\/\/elfederalmendoza.com.ar\/wp-content\/uploads\/2023\/03\/eaBRTNETUMEYT.jpg",640,480,false],"1536x1536":["https:\/\/elfederalmendoza.com.ar\/wp-content\/uploads\/2023\/03\/eaBRTNETUMEYT.jpg",900,675,false],"2048x2048":["https:\/\/elfederalmendoza.com.ar\/wp-content\/uploads\/2023\/03\/eaBRTNETUMEYT.jpg",900,675,false],"ultp_layout_landscape_large":["https:\/\/elfederalmendoza.com.ar\/wp-content\/uploads\/2023\/03\/eaBRTNETUMEYT.jpg",900,675,false],"ultp_layout_landscape":["https:\/\/elfederalmendoza.com.ar\/wp-content\/uploads\/2023\/03\/eaBRTNETUMEYT-870x570.jpg",870,570,true],"ultp_layout_portrait":["https:\/\/elfederalmendoza.com.ar\/wp-content\/uploads\/2023\/03\/eaBRTNETUMEYT-600x675.jpg",600,675,true],"ultp_layout_square":["https:\/\/elfederalmendoza.com.ar\/wp-content\/uploads\/2023\/03\/eaBRTNETUMEYT-600x600.jpg",600,600,true],"rpwe-thumbnail":["https:\/\/elfederalmendoza.com.ar\/wp-content\/uploads\/2023\/03\/eaBRTNETUMEYT-45x45.jpg",45,45,true],"advps-thumb-one":["https:\/\/elfederalmendoza.com.ar\/wp-content\/uploads\/2023\/03\/eaBRTNETUMEYT-900x420.jpg",900,420,true]},"rttpg_author":{"display_name":"Redacci\u00f3n El Federal","author_link":"https:\/\/elfederalmendoza.com.ar\/index.php\/author\/angelflores\/"},"rttpg_comment":0,"rttpg_category":"<a href=\"https:\/\/elfederalmendoza.com.ar\/index.php\/category\/arg\/\" rel=\"category tag\">Argentina<\/a>","rttpg_excerpt":"Este s\u00e1bado 18 de marzo, precisamente a las 4.30, el exsecretario de Transporte Ricardo Jaime fue liberado&nbsp;y abandon\u00f3 la Alcaid\u00eda de Superintendencia de Investigaciones Federales de la Polic\u00eda Federal Argentina. Jaime estaba preso desde el 2 de abril de 2016.&nbsp;Si bien tiene condenas por numerosos casos de corrupci\u00f3n en su paso por la administraci\u00f3n p\u00fablica,&hellip;","_links":{"self":[{"href":"https:\/\/elfederalmendoza.com.ar\/index.php\/wp-json\/wp\/v2\/posts\/21332","targetHints":{"allow":["GET"]}}],"collection":[{"href":"https:\/\/elfederalmendoza.com.ar\/index.php\/wp-json\/wp\/v2\/posts"}],"about":[{"href":"https:\/\/elfederalmendoza.com.ar\/index.php\/wp-json\/wp\/v2\/types\/post"}],"author":[{"embeddable":true,"href":"https:\/\/elfederalmendoza.com.ar\/index.php\/wp-json\/wp\/v2\/users\/2"}],"replies":[{"embeddable":true,"href":"https:\/\/elfederalmendoza.com.ar\/index.php\/wp-json\/wp\/v2\/comments?post=21332"}],"version-history":[{"count":1,"href":"https:\/\/elfederalmendoza.com.ar\/index.php\/wp-json\/wp\/v2\/posts\/21332\/revisions"}],"predecessor-version":[{"id":21334,"href":"https:\/\/elfederalmendoza.com.ar\/index.php\/wp-json\/wp\/v2\/posts\/21332\/revisions\/21334"}],"wp:featuredmedia":[{"embeddable":true,"href":"https:\/\/elfederalmendoza.com.ar\/index.php\/wp-json\/wp\/v2\/media\/21333"}],"wp:attachment":[{"href":"https:\/\/elfederalmendoza.com.ar\/index.php\/wp-json\/wp\/v2\/media?parent=21332"}],"wp:term":[{"taxonomy":"category","embeddable":true,"href":"https:\/\/elfederalmendoza.com.ar\/index.php\/wp-json\/wp\/v2\/categories?post=21332"},{"taxonomy":"post_tag","embeddable":true,"href":"https:\/\/elfederalmendoza.com.ar\/index.php\/wp-json\/wp\/v2\/tags?post=21332"}],"curies":[{"name":"wp","href":"https:\/\/api.w.org\/{rel}","templated":true}]}}