{"id":21335,"date":"2023-03-18T01:37:00","date_gmt":"2023-03-18T04:37:00","guid":{"rendered":"https:\/\/elfederalmendoza.com\/?p=21335"},"modified":"2023-03-18T20:12:00","modified_gmt":"2023-03-18T23:12:00","slug":"un-candidato-tucumano-hace-campana-en-los-colectivos-llegan-a-fin-de-mes","status":"publish","type":"post","link":"https:\/\/elfederalmendoza.com.ar\/index.php\/2023\/03\/18\/un-candidato-tucumano-hace-campana-en-los-colectivos-llegan-a-fin-de-mes\/","title":{"rendered":"Un candidato tucumano hace campa\u00f1a en los colectivos: \u201c\u00bfLlegan a fin de mes?\u201d"},"content":{"rendered":"\n<p><strong>El pr\u00f3ximo 14 de mayo los tucumanos acudir\u00e1n a las urnas para renovar gobernador y vice, intendentes, legisladores y concejales. Entre los miles de candidatos a todos los cargos electivos, esta semana se destac\u00f3 la figura de&nbsp;Rafael L\u00f3pez Guzm\u00e1n, quien se postula para ocupar una banca en la Legislatura por&nbsp;CREO&nbsp;(Juntos por el Cambio) y hace campa\u00f1a en los colectivos: se sube y charla con los usuarios, y se presenta con preguntas como&nbsp;\u00ab\u00bfAlguien llega a fin de mes? \u00bfAlguien se siente seguro en las calles?\u00bb.<\/strong><\/p>\n\n\n\n<p>L\u00f3pez Guzm\u00e1n charl\u00f3 con&nbsp;Jos\u00e9 Romero Silva en La Picadita, donde brind\u00f3 detalles de su campa\u00f1a en los bondis tucumanos: \u00abEsto nace del esp\u00edritu de CREO de poder salir a conversar con la gente cara a cara, sin falsas puestas en escena y aprovechando los recursos que tenemos, estamos convencidos que el primer momento donde vamos a empezar a transformar la pol\u00edtica es en el modo de campa\u00f1a que hagamos. Y&nbsp;estamos decididos a hacer una campa\u00f1a austera y razonable\u00bb, explic\u00f3.<\/p>\n\n\n\n<p>En ese sentido, detall\u00f3: \u00abEs por eso hemos decidido estar cerca de la gente y compartir con ellos lo que cada uno de los tucumanos vive, que es trasladarse y algo emblem\u00e1tico tambi\u00e9n de c\u00f3mo la pol\u00edtica hace que todo funcione mal en Tucum\u00e1n, que es el sistema de transporte p\u00fablico. La gente que va y vuelve a trabajar y realmente la pasa mal en el colectivo\u00bb.<\/p>\n\n\n\n<figure class=\"wp-block-embed is-type-rich is-provider-twitter wp-block-embed-twitter\"><div class=\"wp-block-embed__wrapper\">\n<blockquote class=\"twitter-tweet\" data-width=\"550\" data-dnt=\"true\"><p lang=\"es\" dir=\"ltr\">[LA PICADITA] Un candidato a legislador junto a otros dirigentes tom\u00f3 la iniciativa de subirse a los colectivos y hablar con los votantes sobre la situaci\u00f3n de la provincia y sus propuestas<br><br>\ud83d\udc49\ud83c\udffc se trata de <a href=\"https:\/\/twitter.com\/rafalopezguz?ref_src=twsrc%5Etfw\">@rafalopezguz<\/a> de <a href=\"https:\/\/twitter.com\/creotucuman?ref_src=twsrc%5Etfw\">@creotucuman<\/a><br><br>\ud83e\udd14 que opinan?<br><br>\ud83d\udcf2 <a href=\"https:\/\/t.co\/YMAYQokqPa\">https:\/\/t.co\/YMAYQokqPa<\/a> <a href=\"https:\/\/t.co\/JVZ2WenSHQ\">pic.twitter.com\/JVZ2WenSHQ<\/a><\/p>&mdash; Jos\u00e9 Romero Silva (@Josecitors) <a href=\"https:\/\/twitter.com\/Josecitors\/status\/1636549474188247042?ref_src=twsrc%5Etfw\">March 17, 2023<\/a><\/blockquote><script async src=\"https:\/\/platform.twitter.com\/widgets.js\" charset=\"utf-8\"><\/script>\n<\/div><\/figure>\n\n\n\n<p>Sobre la respuesta de la gente, confes\u00f3: \u00abHemos tenido una muy buena recepci\u00f3n, la verdad es que nadie se lo esperaba. Lo primero que nos dice la gente, son felicitaciones por lo novedoso, lo que venimos haciendo es romper el hielo para preguntar c\u00f3mo sientan y c\u00f3mo viven en Tucum\u00e1n y lamentablemente no hay una respuesta positiva. No hemos logrado hasta ahora una respuesta positiva de alguien que crea que se vive bien en Tucum\u00e1n, ni que crea que se est\u00e1n haciendo bien las cosas. A partir de eso se est\u00e1 generando charlas muy interesantes\u00bb.<\/p>\n\n\n\n<p>\u00abHemos hecho un partido pol\u00edtico que se llama CREO porque tambi\u00e9n nosotros est\u00e1bamos descre\u00eddos de que a Tucum\u00e1n se lo puede cambiar. Y cuando empezamos a ver que hay gente honesta, capaz, decente, laburante, con m\u00e9rito, que est\u00e1 dispuesta a dar ese paso, he empezado a creer que as\u00ed se puede\u00bb, remarc\u00f3.<\/p>\n\n\n\n<p>Respecto a las conversaciones que mantiene con los tucumanos y tucumanas en los colectivos, precis\u00f3: \u00abNosotros pens\u00e1bamos e \u00edbamos preparados a que nos cascoteen y eso no pas\u00f3, todos estuvieron entusiasmados con la iniciativa, pero lamentablemente unidos por lo mismo, por lo mal que vivimos. Yo inicio pregunt\u00e1ndole, me presento y antes de contarle quien soy y por qu\u00e9 estoy ac\u00e1, les hago unas clases de preguntas como: \u00bfAlguien de los que est\u00e1 en el colectivo siente que cuando sale a la calle en Tucum\u00e1n se siente seguro?; \u00bfAlguien de los que est\u00e1 en el colectivo siente que llega fin de mes bien?: \u00bfAlguien de los que est\u00e1 en el colectivo siente que paga un precio justo del boleto en el transporte p\u00fablico? Honestamente no hay una mano levantada en forma positiva\u00bb.<\/p>\n\n\n\n<p>\u00abEstamos convencidos de que todo eso que nos est\u00e1 faltando en Tucum\u00e1n, la seguridad, el trabajo, la educaci\u00f3n, las rutas, los puentes que se caen, todo lo que nos falta, lo que se roba la pol\u00edtica. Y lo primero que venimos a hacer desde la Legislatura, desde el Consejo de Deliberantes es bajar el gasto p\u00fablico y pol\u00edtico. Y lo vamos a hacer desde el espacio de poder que tenga cada uno de los candidatos que CREO logre que lleguen a ocupar un lugar. Yo cuando sea legislador no voy a tener m\u00e1s de tres, cuatro personas para conformar un equipo que sea solvente y capaz de proponer las mejores leyes, pero el primer paso va a ser bajar el gasto p\u00fablico en la peque\u00f1a porci\u00f3n del Estado que me competa\u00bb, remat\u00f3.<\/p>\n","protected":false},"excerpt":{"rendered":"<p>El pr\u00f3ximo 14 de mayo los tucumanos acudir\u00e1n a las urnas para renovar gobernador y vice, intendentes, legisladores y concejales. Entre los miles de candidatos a todos los cargos electivos, esta semana se destac\u00f3 la figura de&nbsp;Rafael L\u00f3pez Guzm\u00e1n, quien se postula para ocupar una banca en la Legislatura por&nbsp;CREO&nbsp;(Juntos por el Cambio) y hace<a class=\"read-more\" href=\"https:\/\/elfederalmendoza.com.ar\/index.php\/2023\/03\/18\/un-candidato-tucumano-hace-campana-en-los-colectivos-llegan-a-fin-de-mes\/\"> [&hellip;]<\/a><\/p>\n","protected":false},"author":2,"featured_media":21336,"comment_status":"open","ping_status":"open","sticky":false,"template":"","format":"standard","meta":{"footnotes":""},"categories":[5618],"tags":[],"class_list":["post-21335","post","type-post","status-publish","format-standard","has-post-thumbnail","hentry","category-arg"],"rttpg_featured_image_url":{"full":["https:\/\/elfederalmendoza.com.ar\/wp-content\/uploads\/2023\/03\/818x460_230317075433_95622.jpg",818,460,false],"landscape":["https:\/\/elfederalmendoza.com.ar\/wp-content\/uploads\/2023\/03\/818x460_230317075433_95622.jpg",818,460,false],"portraits":["https:\/\/elfederalmendoza.com.ar\/wp-content\/uploads\/2023\/03\/818x460_230317075433_95622.jpg",818,460,false],"thumbnail":["https:\/\/elfederalmendoza.com.ar\/wp-content\/uploads\/2023\/03\/818x460_230317075433_95622-150x150.jpg",150,150,true],"medium":["https:\/\/elfederalmendoza.com.ar\/wp-content\/uploads\/2023\/03\/818x460_230317075433_95622-300x169.jpg",300,169,true],"large":["https:\/\/elfederalmendoza.com.ar\/wp-content\/uploads\/2023\/03\/818x460_230317075433_95622.jpg",640,360,false],"1536x1536":["https:\/\/elfederalmendoza.com.ar\/wp-content\/uploads\/2023\/03\/818x460_230317075433_95622.jpg",818,460,false],"2048x2048":["https:\/\/elfederalmendoza.com.ar\/wp-content\/uploads\/2023\/03\/818x460_230317075433_95622.jpg",818,460,false],"ultp_layout_landscape_large":["https:\/\/elfederalmendoza.com.ar\/wp-content\/uploads\/2023\/03\/818x460_230317075433_95622.jpg",818,460,false],"ultp_layout_landscape":["https:\/\/elfederalmendoza.com.ar\/wp-content\/uploads\/2023\/03\/818x460_230317075433_95622.jpg",818,460,false],"ultp_layout_portrait":["https:\/\/elfederalmendoza.com.ar\/wp-content\/uploads\/2023\/03\/818x460_230317075433_95622-600x460.jpg",600,460,true],"ultp_layout_square":["https:\/\/elfederalmendoza.com.ar\/wp-content\/uploads\/2023\/03\/818x460_230317075433_95622-600x460.jpg",600,460,true],"rpwe-thumbnail":["https:\/\/elfederalmendoza.com.ar\/wp-content\/uploads\/2023\/03\/818x460_230317075433_95622-45x45.jpg",45,45,true],"advps-thumb-one":["https:\/\/elfederalmendoza.com.ar\/wp-content\/uploads\/2023\/03\/818x460_230317075433_95622-818x420.jpg",818,420,true]},"rttpg_author":{"display_name":"Redacci\u00f3n El Federal","author_link":"https:\/\/elfederalmendoza.com.ar\/index.php\/author\/angelflores\/"},"rttpg_comment":0,"rttpg_category":"<a href=\"https:\/\/elfederalmendoza.com.ar\/index.php\/category\/arg\/\" rel=\"category tag\">Argentina<\/a>","rttpg_excerpt":"El pr\u00f3ximo 14 de mayo los tucumanos acudir\u00e1n a las urnas para renovar gobernador y vice, intendentes, legisladores y concejales. Entre los miles de candidatos a todos los cargos electivos, esta semana se destac\u00f3 la figura de&nbsp;Rafael L\u00f3pez Guzm\u00e1n, quien se postula para ocupar una banca en la Legislatura por&nbsp;CREO&nbsp;(Juntos por el Cambio) y hace&hellip;","_links":{"self":[{"href":"https:\/\/elfederalmendoza.com.ar\/index.php\/wp-json\/wp\/v2\/posts\/21335","targetHints":{"allow":["GET"]}}],"collection":[{"href":"https:\/\/elfederalmendoza.com.ar\/index.php\/wp-json\/wp\/v2\/posts"}],"about":[{"href":"https:\/\/elfederalmendoza.com.ar\/index.php\/wp-json\/wp\/v2\/types\/post"}],"author":[{"embeddable":true,"href":"https:\/\/elfederalmendoza.com.ar\/index.php\/wp-json\/wp\/v2\/users\/2"}],"replies":[{"embeddable":true,"href":"https:\/\/elfederalmendoza.com.ar\/index.php\/wp-json\/wp\/v2\/comments?post=21335"}],"version-history":[{"count":1,"href":"https:\/\/elfederalmendoza.com.ar\/index.php\/wp-json\/wp\/v2\/posts\/21335\/revisions"}],"predecessor-version":[{"id":21337,"href":"https:\/\/elfederalmendoza.com.ar\/index.php\/wp-json\/wp\/v2\/posts\/21335\/revisions\/21337"}],"wp:featuredmedia":[{"embeddable":true,"href":"https:\/\/elfederalmendoza.com.ar\/index.php\/wp-json\/wp\/v2\/media\/21336"}],"wp:attachment":[{"href":"https:\/\/elfederalmendoza.com.ar\/index.php\/wp-json\/wp\/v2\/media?parent=21335"}],"wp:term":[{"taxonomy":"category","embeddable":true,"href":"https:\/\/elfederalmendoza.com.ar\/index.php\/wp-json\/wp\/v2\/categories?post=21335"},{"taxonomy":"post_tag","embeddable":true,"href":"https:\/\/elfederalmendoza.com.ar\/index.php\/wp-json\/wp\/v2\/tags?post=21335"}],"curies":[{"name":"wp","href":"https:\/\/api.w.org\/{rel}","templated":true}]}}