{"id":21341,"date":"2023-03-19T11:42:20","date_gmt":"2023-03-19T14:42:20","guid":{"rendered":"https:\/\/elfederalmendoza.com\/?p=21341"},"modified":"2023-03-19T11:42:22","modified_gmt":"2023-03-19T14:42:22","slug":"hay-video-el-micro-del-tomba-se-olvido-de-un-jugador","status":"publish","type":"post","link":"https:\/\/elfederalmendoza.com.ar\/index.php\/2023\/03\/19\/hay-video-el-micro-del-tomba-se-olvido-de-un-jugador\/","title":{"rendered":"Hay video: El micro del Tomba se olvid\u00f3 de un jugador"},"content":{"rendered":"\n<p>El\u00a0<strong>Tomba<\/strong>\u00a0super\u00f3 a Belgrano de C\u00f3rdoba en el estadio\u00a0<strong>Malvinas Argentinas<\/strong>\u00a0y se recuper\u00f3 frente a su hinchada, que acompa\u00f1\u00f3 desde las tribunas en gran n\u00famero el desarrollo del juego. El triunfo por 3 a 1 le permiti\u00f3 al elenco mendocino obtener tres puntos valiosos para recuperar terreno perdido en la Liga Profesional y principalmente dejar atr\u00e1s la floja actuaci\u00f3n en la fecha anterior ante River Plate.<\/p>\n\n\n\n<blockquote class=\"twitter-tweet\"><p lang=\"es\" dir=\"ltr\">\u00a1Y eso que es gigante! El micro de Godoy Cruz arranc\u00f3 tras el partido vs. Belgrano, pero se olvidaron de&#8230; \u00a1\u00a1Federico Rasmussen!! El jugador tuvo que correr desde atr\u00e1s. \ud83d\ude33\ud83e\udd23 <a href=\"https:\/\/t.co\/LQtrTYJNbw\">pic.twitter.com\/LQtrTYJNbw<\/a><\/p>&mdash; SportsCenter (@SC_ESPN) <a href=\"https:\/\/twitter.com\/SC_ESPN\/status\/1637294544281653248?ref_src=twsrc%5Etfw\">March 19, 2023<\/a><\/blockquote> <script async src=\"https:\/\/platform.twitter.com\/widgets.js\" charset=\"utf-8\"><\/script>\n\n\n\n<p>Tras finalizar el partido y en una escena viral recogida por una c\u00e1mara televisiva de la cadena encargada de transmitir el juego, se pudo vivir una situaci\u00f3n con tintes humor\u00edsticos y a tono con la buena noche experimentada en el Parque tras la presentaci\u00f3n del<strong>\u00a0Club Godoy Cruz Antonio Tomba.<\/strong><\/p>\n\n\n\n<p>Mientras suced\u00eda la salida del plantel del estadio Malvinas Argentinas en el \u00f3mnibus correspondiente y ante poca gente en la zona de ingreso y egreso a los vestuarios, el micro de\u00a0Godoy Cruz\u00a0arranc\u00f3, con todos confiados abordo, pero hubo un detalle, \u00abel dan\u00e9s\u00bb\u00a0<strong>Federico Rasmussen<\/strong>, defensor del Expreso no hab\u00eda subido a la unidad y nadie se hab\u00eda percatado de este detalle. El jugador debi\u00f3 correrlo desde atr\u00e1s un par de metros al colectivo<strong> grit\u00e1ndole al chofer que se detuviera<\/strong>, ante la sonrisa generalizada, principalmente de los que estaban arriba de la unidad. Una perlita.<\/p>\n","protected":false},"excerpt":{"rendered":"<p>El\u00a0Tomba\u00a0super\u00f3 a Belgrano de C\u00f3rdoba en el estadio\u00a0Malvinas Argentinas\u00a0y se recuper\u00f3 frente a su hinchada, que acompa\u00f1\u00f3 desde las tribunas en gran n\u00famero el desarrollo del juego. El triunfo por 3 a 1 le permiti\u00f3 al elenco mendocino obtener tres puntos valiosos para recuperar terreno perdido en la Liga Profesional y principalmente dejar atr\u00e1s la<a class=\"read-more\" href=\"https:\/\/elfederalmendoza.com.ar\/index.php\/2023\/03\/19\/hay-video-el-micro-del-tomba-se-olvido-de-un-jugador\/\"> [&hellip;]<\/a><\/p>\n","protected":false},"author":2,"featured_media":21342,"comment_status":"open","ping_status":"open","sticky":false,"template":"","format":"standard","meta":{"footnotes":""},"categories":[5620],"tags":[],"class_list":["post-21341","post","type-post","status-publish","format-standard","has-post-thumbnail","hentry","category-deportes"],"rttpg_featured_image_url":{"full":["https:\/\/elfederalmendoza.com.ar\/wp-content\/uploads\/2023\/03\/tomba4.jpg",1027,566,false],"landscape":["https:\/\/elfederalmendoza.com.ar\/wp-content\/uploads\/2023\/03\/tomba4.jpg",1027,566,false],"portraits":["https:\/\/elfederalmendoza.com.ar\/wp-content\/uploads\/2023\/03\/tomba4.jpg",1027,566,false],"thumbnail":["https:\/\/elfederalmendoza.com.ar\/wp-content\/uploads\/2023\/03\/tomba4-150x150.jpg",150,150,true],"medium":["https:\/\/elfederalmendoza.com.ar\/wp-content\/uploads\/2023\/03\/tomba4-300x165.jpg",300,165,true],"large":["https:\/\/elfederalmendoza.com.ar\/wp-content\/uploads\/2023\/03\/tomba4-1024x564.jpg",640,353,true],"1536x1536":["https:\/\/elfederalmendoza.com.ar\/wp-content\/uploads\/2023\/03\/tomba4.jpg",1027,566,false],"2048x2048":["https:\/\/elfederalmendoza.com.ar\/wp-content\/uploads\/2023\/03\/tomba4.jpg",1027,566,false],"ultp_layout_landscape_large":["https:\/\/elfederalmendoza.com.ar\/wp-content\/uploads\/2023\/03\/tomba4.jpg",1027,566,false],"ultp_layout_landscape":["https:\/\/elfederalmendoza.com.ar\/wp-content\/uploads\/2023\/03\/tomba4-870x566.jpg",870,566,true],"ultp_layout_portrait":["https:\/\/elfederalmendoza.com.ar\/wp-content\/uploads\/2023\/03\/tomba4-600x566.jpg",600,566,true],"ultp_layout_square":["https:\/\/elfederalmendoza.com.ar\/wp-content\/uploads\/2023\/03\/tomba4-600x566.jpg",600,566,true],"rpwe-thumbnail":["https:\/\/elfederalmendoza.com.ar\/wp-content\/uploads\/2023\/03\/tomba4-45x45.jpg",45,45,true],"advps-thumb-one":["https:\/\/elfederalmendoza.com.ar\/wp-content\/uploads\/2023\/03\/tomba4-1027x420.jpg",1027,420,true]},"rttpg_author":{"display_name":"Redacci\u00f3n El Federal","author_link":"https:\/\/elfederalmendoza.com.ar\/index.php\/author\/angelflores\/"},"rttpg_comment":0,"rttpg_category":"<a href=\"https:\/\/elfederalmendoza.com.ar\/index.php\/category\/deportes\/\" rel=\"category tag\">Deportes<\/a>","rttpg_excerpt":"El\u00a0Tomba\u00a0super\u00f3 a Belgrano de C\u00f3rdoba en el estadio\u00a0Malvinas Argentinas\u00a0y se recuper\u00f3 frente a su hinchada, que acompa\u00f1\u00f3 desde las tribunas en gran n\u00famero el desarrollo del juego. El triunfo por 3 a 1 le permiti\u00f3 al elenco mendocino obtener tres puntos valiosos para recuperar terreno perdido en la Liga Profesional y principalmente dejar atr\u00e1s la&hellip;","_links":{"self":[{"href":"https:\/\/elfederalmendoza.com.ar\/index.php\/wp-json\/wp\/v2\/posts\/21341","targetHints":{"allow":["GET"]}}],"collection":[{"href":"https:\/\/elfederalmendoza.com.ar\/index.php\/wp-json\/wp\/v2\/posts"}],"about":[{"href":"https:\/\/elfederalmendoza.com.ar\/index.php\/wp-json\/wp\/v2\/types\/post"}],"author":[{"embeddable":true,"href":"https:\/\/elfederalmendoza.com.ar\/index.php\/wp-json\/wp\/v2\/users\/2"}],"replies":[{"embeddable":true,"href":"https:\/\/elfederalmendoza.com.ar\/index.php\/wp-json\/wp\/v2\/comments?post=21341"}],"version-history":[{"count":1,"href":"https:\/\/elfederalmendoza.com.ar\/index.php\/wp-json\/wp\/v2\/posts\/21341\/revisions"}],"predecessor-version":[{"id":21343,"href":"https:\/\/elfederalmendoza.com.ar\/index.php\/wp-json\/wp\/v2\/posts\/21341\/revisions\/21343"}],"wp:featuredmedia":[{"embeddable":true,"href":"https:\/\/elfederalmendoza.com.ar\/index.php\/wp-json\/wp\/v2\/media\/21342"}],"wp:attachment":[{"href":"https:\/\/elfederalmendoza.com.ar\/index.php\/wp-json\/wp\/v2\/media?parent=21341"}],"wp:term":[{"taxonomy":"category","embeddable":true,"href":"https:\/\/elfederalmendoza.com.ar\/index.php\/wp-json\/wp\/v2\/categories?post=21341"},{"taxonomy":"post_tag","embeddable":true,"href":"https:\/\/elfederalmendoza.com.ar\/index.php\/wp-json\/wp\/v2\/tags?post=21341"}],"curies":[{"name":"wp","href":"https:\/\/api.w.org\/{rel}","templated":true}]}}