{"id":21361,"date":"2023-03-20T12:39:02","date_gmt":"2023-03-20T15:39:02","guid":{"rendered":"https:\/\/elfederalmendoza.com\/?p=21361"},"modified":"2023-03-20T12:39:05","modified_gmt":"2023-03-20T15:39:05","slug":"elecciones-2023-dieminger-arraso-en-la-falda-y-logro-la-reeleccion-con-el-71-de-los-votos","status":"publish","type":"post","link":"https:\/\/elfederalmendoza.com.ar\/index.php\/2023\/03\/20\/elecciones-2023-dieminger-arraso-en-la-falda-y-logro-la-reeleccion-con-el-71-de-los-votos\/","title":{"rendered":"Elecciones 2023: Dieminger arras\u00f3 en La Falda y logr\u00f3 la reelecci\u00f3n con el 71% de los votos"},"content":{"rendered":"\n<p>El actual jefe comunal, de Juntos por el Cambio, sum\u00f3 el 71,07% de los sufragios, frente al peronista del Frente de Todos Miguel Maldonado, que qued\u00f3 en el 28,93%.<strong> Vot\u00f3 el 51,7% del padr\u00f3n.<\/strong><\/p>\n\n\n\n<p>El actual intendente de La Falda, el radical\u00a0<strong>Javier Dieminger<\/strong>,\u00a0logr\u00f3 la reelecci\u00f3n en su ciudad\u00a0y gobernar\u00e1 por cuatro a\u00f1os m\u00e1s. Escrutado el 100% de las mesas, se impuso con el 71,07% de los sufragios contra\u00a0<strong>Miguel Maldonado<\/strong>, del Frente de Todos, quien qued\u00f3 en el 28,93%.<\/p>\n\n\n\n<p>Pasadas las 18, se cerraron las mesas de votaci\u00f3n y el primer dato destacado fue la baja participaci\u00f3n de los ciudadanos, que qued\u00f3 en el 51,73%.<\/p>\n\n\n\n<p>El actual intendente de La Falda, el radical&nbsp;<strong>Javier Dieminger<\/strong>,<a href=\"https:\/\/www.lavoz.com.ar\/politica\/la-falda-schiaretti-y-llaryora-saludaron-al-radical-dieminger-por-su-reeleccion\/\" target=\"_blank\" rel=\"noreferrer noopener\">&nbsp;logr\u00f3 la reelecci\u00f3n en su ciudad&nbsp;<\/a>y gobernar\u00e1 por cuatro a\u00f1os m\u00e1s. Escrutado el 100% de las mesas, se impuso con el 71,07% de los sufragios contra&nbsp;<strong>Miguel Maldonado<\/strong>, del Frente de Todos, quien qued\u00f3 en el 28,93%.<\/p>\n\n\n\n<p>Pasadas las 18, se cerraron las mesas de votaci\u00f3n y el primer dato destacado fue la baja participaci\u00f3n de los ciudadanos, que qued\u00f3 en el 51,73%.<\/p>\n\n\n\n<blockquote class=\"wp-block-quote is-layout-flow wp-block-quote-is-layout-flow\">\n<p>En n\u00fameros: estaban habilitados 14.230 personas y concurrieron a las urnas 7.379<\/p>\n<\/blockquote>\n\n\n\n<p>Con el paso de los minutos, y con la magnitud de los votos para Dieminger, la militancia comenz\u00f3 a festajar el triunfo mientras llegaban al lugar dirigentes provinciales y nacionales de Juntos por el Cambio.<\/p>\n\n\n\n<p>El actual intendente de La Falda, el radical\u00a0<strong>Javier Dieminger<\/strong>,\u00a0logr\u00f3 la reelecci\u00f3n en su ciudad\u00a0y gobernar\u00e1 por cuatro a\u00f1os m\u00e1s. Escrutado el 100% de las mesas, se impuso con el 71,07% de los sufragios contra\u00a0<strong>Miguel Maldonado<\/strong>, del Frente de Todos, quien qued\u00f3 en el 28,93%.<\/p>\n\n\n\n<p>Pasadas las 18, se cerraron las mesas de votaci\u00f3n y el primer dato destacado fue la baja participaci\u00f3n de los ciudadanos, que qued\u00f3 en el 51,73%.<\/p>\n\n\n\n<p>En n\u00fameros: estaban habilitados 14.230 personas y concurrieron a las urnas 7.379.<\/p>\n\n\n\n<p>Con el paso de los minutos, y con la magnitud de los votos para Dieminger, la militancia comenz\u00f3 a festajar el triunfo mientras llegaban al lugar dirigentes provinciales y nacionales de Juntos por el Cambio.<\/p>\n\n\n\n<figure class=\"wp-block-image is-resized\"><img loading=\"lazy\" decoding=\"async\" src=\"https:\/\/www.lavoz.com.ar\/resizer\/XtYB7-Z5tKRWGShmh5zIFBaudcg=\/307x173\/smart\/filters:quality(75):format(webp)\/cloudfront-us-east-1.images.arcpublishing.com\/grupoclarin\/DG2CDSBSGVARLLCP6SWZ7G65UU.jpg\" alt=\"Elecciones en La Falda: Rodrigo de Loredo, Javier Dieminger, Luis Juez, Horacio Rodr\u00edguez Larreta y Gerardo Morales\" width=\"949\" height=\"535\"\/><\/figure>\n\n\n\n<p><a href=\"https:\/\/www.lavoz.com.ar\/politica\/rodriguez-llareta-bullrich-y-morales-impacto-nacional-del-triunfo-de-dieminger-en-la-falda\/\"><\/a><a href=\"https:\/\/www.lavoz.com.ar\/politica\/rodriguez-llareta-bullrich-y-morales-impacto-nacional-del-triunfo-de-dieminger-en-la-falda\/\"><\/a><\/p>\n\n\n\n<p>Los primeros en arribar fueron el senador Luis Juez y el diputado nacional Rodrigo de Loredo, quienes compartieron la victoria con el intendente de la ciudad.<\/p>\n\n\n\n<p>Tambi\u00e9n lleg\u00f3 el jefe de Gobierno de la Ciudad Aut\u00f3noma de Buenos Aires, Horacio Rodr\u00edguez Larreta; y el gobernador de Jujuy, Gerardo Morales.<\/p>\n\n\n\n<p>Enseguida, a Juez y De Loredo se le sumaron otros dirigentes como los diputados nacionales Mario Negri, Soher el Sukaria, Soledad Carrizo y H\u00e9ctor \u201cla Coneja\u201d Baldassi, junto al legislador Marcelo Cossar. Una presencia destacada fue la del intendente de Bell Ville, el radical Carlos Briner.<\/p>\n\n\n\n<p>V\u00eda Twitter,\u00a0el gobernador<strong> Juan Schiaretti<\/strong>\u00a0hizo llegar sus felicitaciones al intendente y le dijo que seguir\u00edan trabajando juntos.<\/p>\n\n\n\n<p>Tambi\u00e9n\u00a0hizo lo propio<strong> Mart\u00edn Llaryora<\/strong>, intendente de la Capital y candidato a gobernador por Hacemos por C\u00f3rdoba.<\/p>\n\n\n\n<figure class=\"wp-block-image\"><img decoding=\"async\" src=\"https:\/\/www.lavoz.com.ar\/resizer\/U8zbeXIsudNtmOT1yhOMi_zrn2g=\/1023x682\/smart\/cloudfront-us-east-1.images.arcpublishing.com\/grupoclarin\/QMK4M2ZPIVF6PPYNEAT6SIXEXQ.jpg\" alt=\"Elecciones 2023: Javier Dieminger, de Juntos por el Cambio, logr\u00f3 la reelecci\u00f3n en La Falda. (La Voz)\"\/><figcaption class=\"wp-element-caption\">Elecciones 2023: Javier Dieminger, de Juntos por el Cambio, logr\u00f3 la reelecci\u00f3n en La Falda. (La Voz)<\/figcaption><\/figure>\n\n\n\n<h2 class=\"wp-block-heading\">QU\u00c9 SE VOT\u00d3<\/h2>\n\n\n\n<p>La alianza <strong>Juntos por el Cambio <\/strong>y una parte del peronismo se disputaron este domingo las elecciones municipales de la ciudad cordobesa del Valle de Punilla, donde Dieminger pon\u00eda en juego su reelecci\u00f3n en los primeros comicios del a\u00f1o que se llevan a cabo en esa provincia.<\/p>\n\n\n\n<p>Las 14.230 personas que integran el padr\u00f3n de La Falda deb\u00edan elegir entre el actual jefe comunal y el peronista Maldonado, que encabezan las dos \u00fanicas listas que compet\u00edan en la compulsa.<\/p>\n\n\n\n<figure class=\"wp-block-image\"><img decoding=\"async\" src=\"https:\/\/www.lavoz.com.ar\/resizer\/JlnFBWlOZUar0okr6c5vhzLpVT8=\/1023x682\/smart\/cloudfront-us-east-1.images.arcpublishing.com\/grupoclarin\/DEK2AVMNZBE43MB2QHWZYZCIBU.jpg\" alt=\"Elecciones 2023: Luis Juez llegando a La Falda, para las votaciones a intendente. (La Voz)\"\/><figcaption class=\"wp-element-caption\">Elecciones 2023: Luis Juez llegando a La Falda, para las votaciones a intendente. (La Voz)<\/figcaption><\/figure>\n\n\n\n<p>Dieminger es candidato por la lista \u201cJuntos por La Falda\u2019\u201d, un espacio que a nivel nacional se referencia en Juntos por el Cambio, y est\u00e1 acompa\u00f1ado en la f\u00f3rmula para la viceintendencia por la actual secretaria de Turismo, Luciana Pacha.<\/p>\n\n\n\n<p>En tanto, el legislador provincial Maldonado encabezabala n\u00f3mina del espacio \u201cLa Falda en Acci\u00f3n\u201d y llevaba como candidata a viceintendenta a Roc\u00edo Mellid.<\/p>\n\n\n\n<p>Tal como se esperaba, el resultado tuvo impacto nacional ya que se esperaba que referentes nacionales llegaran a La Falda para festejar la victoria.<\/p>\n","protected":false},"excerpt":{"rendered":"<p>El actual jefe comunal, de Juntos por el Cambio, sum\u00f3 el 71,07% de los sufragios, frente al peronista del Frente de Todos Miguel Maldonado, que qued\u00f3 en el 28,93%. Vot\u00f3 el 51,7% del padr\u00f3n. El actual intendente de La Falda, el radical\u00a0Javier Dieminger,\u00a0logr\u00f3 la reelecci\u00f3n en su ciudad\u00a0y gobernar\u00e1 por cuatro a\u00f1os m\u00e1s. Escrutado el<a class=\"read-more\" href=\"https:\/\/elfederalmendoza.com.ar\/index.php\/2023\/03\/20\/elecciones-2023-dieminger-arraso-en-la-falda-y-logro-la-reeleccion-con-el-71-de-los-votos\/\"> [&hellip;]<\/a><\/p>\n","protected":false},"author":2,"featured_media":21362,"comment_status":"open","ping_status":"open","sticky":false,"template":"","format":"standard","meta":{"footnotes":""},"categories":[5618],"tags":[],"class_list":["post-21361","post","type-post","status-publish","format-standard","has-post-thumbnail","hentry","category-arg"],"rttpg_featured_image_url":{"full":["https:\/\/elfederalmendoza.com.ar\/wp-content\/uploads\/2023\/03\/la-falda.jpg",1048,566,false],"landscape":["https:\/\/elfederalmendoza.com.ar\/wp-content\/uploads\/2023\/03\/la-falda.jpg",1048,566,false],"portraits":["https:\/\/elfederalmendoza.com.ar\/wp-content\/uploads\/2023\/03\/la-falda.jpg",1048,566,false],"thumbnail":["https:\/\/elfederalmendoza.com.ar\/wp-content\/uploads\/2023\/03\/la-falda-150x150.jpg",150,150,true],"medium":["https:\/\/elfederalmendoza.com.ar\/wp-content\/uploads\/2023\/03\/la-falda-300x162.jpg",300,162,true],"large":["https:\/\/elfederalmendoza.com.ar\/wp-content\/uploads\/2023\/03\/la-falda-1024x553.jpg",640,346,true],"1536x1536":["https:\/\/elfederalmendoza.com.ar\/wp-content\/uploads\/2023\/03\/la-falda.jpg",1048,566,false],"2048x2048":["https:\/\/elfederalmendoza.com.ar\/wp-content\/uploads\/2023\/03\/la-falda.jpg",1048,566,false],"ultp_layout_landscape_large":["https:\/\/elfederalmendoza.com.ar\/wp-content\/uploads\/2023\/03\/la-falda.jpg",1048,566,false],"ultp_layout_landscape":["https:\/\/elfederalmendoza.com.ar\/wp-content\/uploads\/2023\/03\/la-falda-870x566.jpg",870,566,true],"ultp_layout_portrait":["https:\/\/elfederalmendoza.com.ar\/wp-content\/uploads\/2023\/03\/la-falda-600x566.jpg",600,566,true],"ultp_layout_square":["https:\/\/elfederalmendoza.com.ar\/wp-content\/uploads\/2023\/03\/la-falda-600x566.jpg",600,566,true],"rpwe-thumbnail":["https:\/\/elfederalmendoza.com.ar\/wp-content\/uploads\/2023\/03\/la-falda-45x45.jpg",45,45,true],"advps-thumb-one":["https:\/\/elfederalmendoza.com.ar\/wp-content\/uploads\/2023\/03\/la-falda-1048x420.jpg",1048,420,true]},"rttpg_author":{"display_name":"Redacci\u00f3n El Federal","author_link":"https:\/\/elfederalmendoza.com.ar\/index.php\/author\/angelflores\/"},"rttpg_comment":0,"rttpg_category":"<a href=\"https:\/\/elfederalmendoza.com.ar\/index.php\/category\/arg\/\" rel=\"category tag\">Argentina<\/a>","rttpg_excerpt":"El actual jefe comunal, de Juntos por el Cambio, sum\u00f3 el 71,07% de los sufragios, frente al peronista del Frente de Todos Miguel Maldonado, que qued\u00f3 en el 28,93%. Vot\u00f3 el 51,7% del padr\u00f3n. El actual intendente de La Falda, el radical\u00a0Javier Dieminger,\u00a0logr\u00f3 la reelecci\u00f3n en su ciudad\u00a0y gobernar\u00e1 por cuatro a\u00f1os m\u00e1s. Escrutado el&hellip;","_links":{"self":[{"href":"https:\/\/elfederalmendoza.com.ar\/index.php\/wp-json\/wp\/v2\/posts\/21361","targetHints":{"allow":["GET"]}}],"collection":[{"href":"https:\/\/elfederalmendoza.com.ar\/index.php\/wp-json\/wp\/v2\/posts"}],"about":[{"href":"https:\/\/elfederalmendoza.com.ar\/index.php\/wp-json\/wp\/v2\/types\/post"}],"author":[{"embeddable":true,"href":"https:\/\/elfederalmendoza.com.ar\/index.php\/wp-json\/wp\/v2\/users\/2"}],"replies":[{"embeddable":true,"href":"https:\/\/elfederalmendoza.com.ar\/index.php\/wp-json\/wp\/v2\/comments?post=21361"}],"version-history":[{"count":1,"href":"https:\/\/elfederalmendoza.com.ar\/index.php\/wp-json\/wp\/v2\/posts\/21361\/revisions"}],"predecessor-version":[{"id":21363,"href":"https:\/\/elfederalmendoza.com.ar\/index.php\/wp-json\/wp\/v2\/posts\/21361\/revisions\/21363"}],"wp:featuredmedia":[{"embeddable":true,"href":"https:\/\/elfederalmendoza.com.ar\/index.php\/wp-json\/wp\/v2\/media\/21362"}],"wp:attachment":[{"href":"https:\/\/elfederalmendoza.com.ar\/index.php\/wp-json\/wp\/v2\/media?parent=21361"}],"wp:term":[{"taxonomy":"category","embeddable":true,"href":"https:\/\/elfederalmendoza.com.ar\/index.php\/wp-json\/wp\/v2\/categories?post=21361"},{"taxonomy":"post_tag","embeddable":true,"href":"https:\/\/elfederalmendoza.com.ar\/index.php\/wp-json\/wp\/v2\/tags?post=21361"}],"curies":[{"name":"wp","href":"https:\/\/api.w.org\/{rel}","templated":true}]}}