{"id":21386,"date":"2023-03-22T01:59:00","date_gmt":"2023-03-22T04:59:00","guid":{"rendered":"https:\/\/elfederalmendoza.com\/?p=21386"},"modified":"2023-03-22T12:00:45","modified_gmt":"2023-03-22T15:00:45","slug":"la-cruda-afirmacion-de-kolo-muani-sobre-dibu-martinez-no-voy-a-mentir-lo-odio","status":"publish","type":"post","link":"https:\/\/elfederalmendoza.com.ar\/index.php\/2023\/03\/22\/la-cruda-afirmacion-de-kolo-muani-sobre-dibu-martinez-no-voy-a-mentir-lo-odio\/","title":{"rendered":"La cruda afirmaci\u00f3n de Kolo Muani sobre Dibu Mart\u00ednez: \u00abNo voy a mentir, lo odio\u00bb"},"content":{"rendered":"\n<p><strong>Randal Kolo Muani<\/strong>\u00a0protagoniz\u00f3 una de las jugadas m\u00e1s vistas, quiz\u00e1s, del\u00a0<strong>Mundial de Qatar<\/strong>. El delantero de la\u00a0<strong>Selecci\u00f3n de Francia<\/strong>\u00a0tuvo en sus pies la victoria en la final ante\u00a0<strong>Argentina\u00a0<\/strong>pero<strong>\u00a0Emiliano \u00abDibu\u00bb Mart\u00ednez<\/strong>\u00a0ahog\u00f3 el grito de gol y comenz\u00f3 a transformarse en h\u00e9roe aquel 18 de diciembre en Lusail.<\/p>\n\n\n\n<p>La herida del futbolista del\u00a0Eintracht Frankfurt sigue abierta aunque, en esta oportunidad, expres\u00f3 una dura frase contra el arquero marplatense. \u00abQuiero seguir adelante, porque es parte de mi trabajo.\u00a0No es que est\u00e9 triste, pero no lo voy a olvidar nunca. Estuvimos muy cerca de traer la tercera estrella.\u00a0No voy a mentir, lo odio\u00bb, asegur\u00f3 molesto.\u00a0<\/p>\n\n\n\n<p>Luego, en la misma l\u00ednea, agreg\u00f3:&nbsp;\u00abPodr\u00eda haber cambiado mi vida. Hubiera preferido dejarlo en un segundo plano, como todos los dem\u00e1s, como todos los franceses, pero sucedi\u00f3 y estos son los caprichos de la vida. Sigo mirando la jugada y veo que tengo muchas posibilidades de marcar, pero en el campo va todo demasiado r\u00e1pido\u00bb.<\/p>\n\n\n\n<p>\u00abAunque estoy un poco cansado de hablar de esa jugada, es algo que no podr\u00e9 olvidar\u00bb, cerr\u00f3 el franc\u00e9s. Las declaraciones fueron publicadas este mi\u00e9rcoles por el diario Mundo Deportivo, a horas del partido amistoso entre\u00a0<strong>Argentina\u00a0<\/strong>y Panam\u00e1 en el cual el equipo albiceleste celebrar\u00e1 al obtenci\u00f3n del t\u00edtulo mundial ante una multitud en el estadio de River.<\/p>\n\n\n\n<p>No es la primera vez que<strong>\u00a0Kolo Muani\u00a0<\/strong>se refiere a la jugada ya que, hace algunas semanas,\u00a0reflexion\u00f3 sobre las otras opciones que tuvo antes de patear: \u00abPodr\u00eda haber buscado otras soluciones,\u00a0picarla o encontrar a Kylian (Mbapp\u00e9) porque estaba en un buen \u00e1ngulo, pero en el momento no lo veo porque la pelota llega y voy enfocado en el arco\u00bb.<\/p>\n","protected":false},"excerpt":{"rendered":"<p>Randal Kolo Muani\u00a0protagoniz\u00f3 una de las jugadas m\u00e1s vistas, quiz\u00e1s, del\u00a0Mundial de Qatar. El delantero de la\u00a0Selecci\u00f3n de Francia\u00a0tuvo en sus pies la victoria en la final ante\u00a0Argentina\u00a0pero\u00a0Emiliano \u00abDibu\u00bb Mart\u00ednez\u00a0ahog\u00f3 el grito de gol y comenz\u00f3 a transformarse en h\u00e9roe aquel 18 de diciembre en Lusail. La herida del futbolista del\u00a0Eintracht Frankfurt sigue abierta aunque,<a class=\"read-more\" href=\"https:\/\/elfederalmendoza.com.ar\/index.php\/2023\/03\/22\/la-cruda-afirmacion-de-kolo-muani-sobre-dibu-martinez-no-voy-a-mentir-lo-odio\/\"> [&hellip;]<\/a><\/p>\n","protected":false},"author":2,"featured_media":21387,"comment_status":"open","ping_status":"open","sticky":false,"template":"","format":"standard","meta":{"footnotes":""},"categories":[5620],"tags":[],"class_list":["post-21386","post","type-post","status-publish","format-standard","has-post-thumbnail","hentry","category-deportes"],"rttpg_featured_image_url":{"full":["https:\/\/elfederalmendoza.com.ar\/wp-content\/uploads\/2023\/03\/f848x477-1383091_1440894_5140.webp",848,477,false],"landscape":["https:\/\/elfederalmendoza.com.ar\/wp-content\/uploads\/2023\/03\/f848x477-1383091_1440894_5140.webp",848,477,false],"portraits":["https:\/\/elfederalmendoza.com.ar\/wp-content\/uploads\/2023\/03\/f848x477-1383091_1440894_5140.webp",848,477,false],"thumbnail":["https:\/\/elfederalmendoza.com.ar\/wp-content\/uploads\/2023\/03\/f848x477-1383091_1440894_5140-150x150.webp",150,150,true],"medium":["https:\/\/elfederalmendoza.com.ar\/wp-content\/uploads\/2023\/03\/f848x477-1383091_1440894_5140-300x169.webp",300,169,true],"large":["https:\/\/elfederalmendoza.com.ar\/wp-content\/uploads\/2023\/03\/f848x477-1383091_1440894_5140.webp",640,360,false],"1536x1536":["https:\/\/elfederalmendoza.com.ar\/wp-content\/uploads\/2023\/03\/f848x477-1383091_1440894_5140.webp",848,477,false],"2048x2048":["https:\/\/elfederalmendoza.com.ar\/wp-content\/uploads\/2023\/03\/f848x477-1383091_1440894_5140.webp",848,477,false],"ultp_layout_landscape_large":["https:\/\/elfederalmendoza.com.ar\/wp-content\/uploads\/2023\/03\/f848x477-1383091_1440894_5140.webp",848,477,false],"ultp_layout_landscape":["https:\/\/elfederalmendoza.com.ar\/wp-content\/uploads\/2023\/03\/f848x477-1383091_1440894_5140.webp",848,477,false],"ultp_layout_portrait":["https:\/\/elfederalmendoza.com.ar\/wp-content\/uploads\/2023\/03\/f848x477-1383091_1440894_5140-600x477.webp",600,477,true],"ultp_layout_square":["https:\/\/elfederalmendoza.com.ar\/wp-content\/uploads\/2023\/03\/f848x477-1383091_1440894_5140-600x477.webp",600,477,true],"rpwe-thumbnail":["https:\/\/elfederalmendoza.com.ar\/wp-content\/uploads\/2023\/03\/f848x477-1383091_1440894_5140-45x45.webp",45,45,true],"advps-thumb-one":["https:\/\/elfederalmendoza.com.ar\/wp-content\/uploads\/2023\/03\/f848x477-1383091_1440894_5140-848x420.webp",848,420,true]},"rttpg_author":{"display_name":"Redacci\u00f3n El Federal","author_link":"https:\/\/elfederalmendoza.com.ar\/index.php\/author\/angelflores\/"},"rttpg_comment":0,"rttpg_category":"<a href=\"https:\/\/elfederalmendoza.com.ar\/index.php\/category\/deportes\/\" rel=\"category tag\">Deportes<\/a>","rttpg_excerpt":"Randal Kolo Muani\u00a0protagoniz\u00f3 una de las jugadas m\u00e1s vistas, quiz\u00e1s, del\u00a0Mundial de Qatar. El delantero de la\u00a0Selecci\u00f3n de Francia\u00a0tuvo en sus pies la victoria en la final ante\u00a0Argentina\u00a0pero\u00a0Emiliano \u00abDibu\u00bb Mart\u00ednez\u00a0ahog\u00f3 el grito de gol y comenz\u00f3 a transformarse en h\u00e9roe aquel 18 de diciembre en Lusail. La herida del futbolista del\u00a0Eintracht Frankfurt sigue abierta aunque,&hellip;","_links":{"self":[{"href":"https:\/\/elfederalmendoza.com.ar\/index.php\/wp-json\/wp\/v2\/posts\/21386","targetHints":{"allow":["GET"]}}],"collection":[{"href":"https:\/\/elfederalmendoza.com.ar\/index.php\/wp-json\/wp\/v2\/posts"}],"about":[{"href":"https:\/\/elfederalmendoza.com.ar\/index.php\/wp-json\/wp\/v2\/types\/post"}],"author":[{"embeddable":true,"href":"https:\/\/elfederalmendoza.com.ar\/index.php\/wp-json\/wp\/v2\/users\/2"}],"replies":[{"embeddable":true,"href":"https:\/\/elfederalmendoza.com.ar\/index.php\/wp-json\/wp\/v2\/comments?post=21386"}],"version-history":[{"count":1,"href":"https:\/\/elfederalmendoza.com.ar\/index.php\/wp-json\/wp\/v2\/posts\/21386\/revisions"}],"predecessor-version":[{"id":21388,"href":"https:\/\/elfederalmendoza.com.ar\/index.php\/wp-json\/wp\/v2\/posts\/21386\/revisions\/21388"}],"wp:featuredmedia":[{"embeddable":true,"href":"https:\/\/elfederalmendoza.com.ar\/index.php\/wp-json\/wp\/v2\/media\/21387"}],"wp:attachment":[{"href":"https:\/\/elfederalmendoza.com.ar\/index.php\/wp-json\/wp\/v2\/media?parent=21386"}],"wp:term":[{"taxonomy":"category","embeddable":true,"href":"https:\/\/elfederalmendoza.com.ar\/index.php\/wp-json\/wp\/v2\/categories?post=21386"},{"taxonomy":"post_tag","embeddable":true,"href":"https:\/\/elfederalmendoza.com.ar\/index.php\/wp-json\/wp\/v2\/tags?post=21386"}],"curies":[{"name":"wp","href":"https:\/\/api.w.org\/{rel}","templated":true}]}}