{"id":21390,"date":"2023-03-22T18:25:57","date_gmt":"2023-03-22T21:25:57","guid":{"rendered":"https:\/\/elfederalmendoza.com\/?p=21390"},"modified":"2023-03-22T18:25:59","modified_gmt":"2023-03-22T21:25:59","slug":"sorpresa-en-el-predio-de-afa-la-seleccion-argentina-enfrentara-a-river-en-un-amistoso","status":"publish","type":"post","link":"https:\/\/elfederalmendoza.com.ar\/index.php\/2023\/03\/22\/sorpresa-en-el-predio-de-afa-la-seleccion-argentina-enfrentara-a-river-en-un-amistoso\/","title":{"rendered":"Sorpresa en el predio de AFA: La Selecci\u00f3n argentina enfrentar\u00e1 a River en un amistoso"},"content":{"rendered":"\n<p>En el marco de los amistosos de la\u00a0<strong>Selecci\u00f3n argentina<\/strong>\u00a0en el pa\u00eds, ante Panam\u00e1\u00a0y Curazao y\u00a0con el agregado de la fiesta por la obtenci\u00f3n de\u00a0la Copa del Mundo de Qatar, el cuerpo t\u00e9cnico albiceleste planifica un cronograma que le permita tener a todo el plantel con rodaje. Es por eso que se dio a conocer que habr\u00e1 un tercer amistoso, esta vez no oficial, nada menos que ante el\u00a0<strong>River Plate<\/strong>\u00a0de Demichelis.<strong> El partido ser\u00e1 el viernes pr\u00f3ximo con horario a confirmar.<\/strong><\/p>\n\n\n\n<p>El Millonario contin\u00faa con los entrenamientos en el River Camp de Ezeiza -misma ciudad donde se entrena la Selecci\u00f3n- aprovechando\u00a0el parate de fecha FIFA, un intervalo del cronograma que lo encuentra\u00a0sin competencia oficial, pero con un amistoso en el horizonte:<strong> el s\u00e1bado a las 20 horas jugar\u00e1 en Salta ante la U. de Chile.\u00a0<\/strong><\/p>\n\n\n\n<p>Pero m\u00e1s all\u00e1 de ese partido que ser\u00e1 televisado por Star+,\u00a0<strong>River\u00a0<\/strong>tambi\u00e9n sumar\u00e1 minutos ante\u00a0la\u00a0<strong>Selecci\u00f3n argentina<\/strong>, pero a\u00a0puertas cerradas. Sin embargo, el historial marca que\u00a0ya se enfrentaron en amistosos (a puertas abiertas) en dos oportunidades, con un resultado absolutamente parejo. Fueron dos empates. El primero en\u00a01971, cuando igualaron 1 a 1 en el Monumental, con gol de Morete para el equipo millonario. El segundo en 1977, en el marco del torneo de verano disputado en el estadio General San Mart\u00edn de Mar del Plata, y un resultado con empate en dos: tantos de V\u00edctor Marchetti y el Gringo \u00c1rtico para los de la banda roja, que remont\u00f3 un 0-2. Bertoni y Ardiles hab\u00edan marcado para la Selecci\u00f3n de Menotti que un a\u00f1o despu\u00e9s ser\u00eda campeona del mundo.<\/p>\n\n\n\n<figure class=\"wp-block-embed is-type-video is-provider-youtube wp-block-embed-youtube wp-embed-aspect-4-3 wp-has-aspect-ratio\"><div class=\"wp-block-embed__wrapper\">\n<iframe loading=\"lazy\" title=\"Seleccion Argentina vs River Plate - Partido amistoso 1971\" width=\"640\" height=\"480\" src=\"https:\/\/www.youtube.com\/embed\/Cv5EuEuG-gM?feature=oembed\" frameborder=\"0\" allow=\"accelerometer; autoplay; clipboard-write; encrypted-media; gyroscope; picture-in-picture; web-share\" referrerpolicy=\"strict-origin-when-cross-origin\" allowfullscreen><\/iframe>\n<\/div><\/figure>\n\n\n\n<p>Como la convocatoria fue de 33 futbolistas, la idea de Lionel Scaloni es que aquellos jugadores que el jueves no sumen minutos ante Panam\u00e1,\u00a0conformen una alineaci\u00f3n que enfrente el viernes a los titulares que disponga Mart\u00edn Demichelis, en el predio de la AFA. Luego quedar\u00e1 el amistoso del martes ante Curazao en Santiago del Estero.<\/p>\n\n\n\n<p>Ser\u00e1 una jornada especial para\u00a0Germ\u00e1n Pezzella, Guido Rod\u00edguez, Exequiel Palacios, Gonzalo Montiel, Juli\u00e1n \u00c1lvarez y\u00a0Enzo\u00a0Fern\u00e1ndez; los campeones con la\u00a0<strong>Selecci\u00f3n Argentina<\/strong>\u00a0que surgieron de\u00a0<strong>River<\/strong>. Solo los \u00faltimos dos se perfilan como titulares ante Panam\u00e1 por lo que en caso de no ingresar, el resto podr\u00eda jugar contra su exclub.<\/p>\n","protected":false},"excerpt":{"rendered":"<p>En el marco de los amistosos de la\u00a0Selecci\u00f3n argentina\u00a0en el pa\u00eds, ante Panam\u00e1\u00a0y Curazao y\u00a0con el agregado de la fiesta por la obtenci\u00f3n de\u00a0la Copa del Mundo de Qatar, el cuerpo t\u00e9cnico albiceleste planifica un cronograma que le permita tener a todo el plantel con rodaje. Es por eso que se dio a conocer que<a class=\"read-more\" href=\"https:\/\/elfederalmendoza.com.ar\/index.php\/2023\/03\/22\/sorpresa-en-el-predio-de-afa-la-seleccion-argentina-enfrentara-a-river-en-un-amistoso\/\"> [&hellip;]<\/a><\/p>\n","protected":false},"author":2,"featured_media":21391,"comment_status":"open","ping_status":"open","sticky":false,"template":"","format":"standard","meta":{"footnotes":""},"categories":[5620],"tags":[],"class_list":["post-21390","post","type-post","status-publish","format-standard","has-post-thumbnail","hentry","category-deportes"],"rttpg_featured_image_url":{"full":["https:\/\/elfederalmendoza.com.ar\/wp-content\/uploads\/2023\/03\/PREDIO-AFA.jpg",1009,527,false],"landscape":["https:\/\/elfederalmendoza.com.ar\/wp-content\/uploads\/2023\/03\/PREDIO-AFA.jpg",1009,527,false],"portraits":["https:\/\/elfederalmendoza.com.ar\/wp-content\/uploads\/2023\/03\/PREDIO-AFA.jpg",1009,527,false],"thumbnail":["https:\/\/elfederalmendoza.com.ar\/wp-content\/uploads\/2023\/03\/PREDIO-AFA-150x150.jpg",150,150,true],"medium":["https:\/\/elfederalmendoza.com.ar\/wp-content\/uploads\/2023\/03\/PREDIO-AFA-300x157.jpg",300,157,true],"large":["https:\/\/elfederalmendoza.com.ar\/wp-content\/uploads\/2023\/03\/PREDIO-AFA.jpg",640,334,false],"1536x1536":["https:\/\/elfederalmendoza.com.ar\/wp-content\/uploads\/2023\/03\/PREDIO-AFA.jpg",1009,527,false],"2048x2048":["https:\/\/elfederalmendoza.com.ar\/wp-content\/uploads\/2023\/03\/PREDIO-AFA.jpg",1009,527,false],"ultp_layout_landscape_large":["https:\/\/elfederalmendoza.com.ar\/wp-content\/uploads\/2023\/03\/PREDIO-AFA.jpg",1009,527,false],"ultp_layout_landscape":["https:\/\/elfederalmendoza.com.ar\/wp-content\/uploads\/2023\/03\/PREDIO-AFA-870x527.jpg",870,527,true],"ultp_layout_portrait":["https:\/\/elfederalmendoza.com.ar\/wp-content\/uploads\/2023\/03\/PREDIO-AFA-600x527.jpg",600,527,true],"ultp_layout_square":["https:\/\/elfederalmendoza.com.ar\/wp-content\/uploads\/2023\/03\/PREDIO-AFA-600x527.jpg",600,527,true],"rpwe-thumbnail":["https:\/\/elfederalmendoza.com.ar\/wp-content\/uploads\/2023\/03\/PREDIO-AFA-45x45.jpg",45,45,true],"advps-thumb-one":["https:\/\/elfederalmendoza.com.ar\/wp-content\/uploads\/2023\/03\/PREDIO-AFA-1009x420.jpg",1009,420,true]},"rttpg_author":{"display_name":"Redacci\u00f3n El Federal","author_link":"https:\/\/elfederalmendoza.com.ar\/index.php\/author\/angelflores\/"},"rttpg_comment":0,"rttpg_category":"<a href=\"https:\/\/elfederalmendoza.com.ar\/index.php\/category\/deportes\/\" rel=\"category tag\">Deportes<\/a>","rttpg_excerpt":"En el marco de los amistosos de la\u00a0Selecci\u00f3n argentina\u00a0en el pa\u00eds, ante Panam\u00e1\u00a0y Curazao y\u00a0con el agregado de la fiesta por la obtenci\u00f3n de\u00a0la Copa del Mundo de Qatar, el cuerpo t\u00e9cnico albiceleste planifica un cronograma que le permita tener a todo el plantel con rodaje. Es por eso que se dio a conocer que&hellip;","_links":{"self":[{"href":"https:\/\/elfederalmendoza.com.ar\/index.php\/wp-json\/wp\/v2\/posts\/21390","targetHints":{"allow":["GET"]}}],"collection":[{"href":"https:\/\/elfederalmendoza.com.ar\/index.php\/wp-json\/wp\/v2\/posts"}],"about":[{"href":"https:\/\/elfederalmendoza.com.ar\/index.php\/wp-json\/wp\/v2\/types\/post"}],"author":[{"embeddable":true,"href":"https:\/\/elfederalmendoza.com.ar\/index.php\/wp-json\/wp\/v2\/users\/2"}],"replies":[{"embeddable":true,"href":"https:\/\/elfederalmendoza.com.ar\/index.php\/wp-json\/wp\/v2\/comments?post=21390"}],"version-history":[{"count":1,"href":"https:\/\/elfederalmendoza.com.ar\/index.php\/wp-json\/wp\/v2\/posts\/21390\/revisions"}],"predecessor-version":[{"id":21392,"href":"https:\/\/elfederalmendoza.com.ar\/index.php\/wp-json\/wp\/v2\/posts\/21390\/revisions\/21392"}],"wp:featuredmedia":[{"embeddable":true,"href":"https:\/\/elfederalmendoza.com.ar\/index.php\/wp-json\/wp\/v2\/media\/21391"}],"wp:attachment":[{"href":"https:\/\/elfederalmendoza.com.ar\/index.php\/wp-json\/wp\/v2\/media?parent=21390"}],"wp:term":[{"taxonomy":"category","embeddable":true,"href":"https:\/\/elfederalmendoza.com.ar\/index.php\/wp-json\/wp\/v2\/categories?post=21390"},{"taxonomy":"post_tag","embeddable":true,"href":"https:\/\/elfederalmendoza.com.ar\/index.php\/wp-json\/wp\/v2\/tags?post=21390"}],"curies":[{"name":"wp","href":"https:\/\/api.w.org\/{rel}","templated":true}]}}