{"id":21400,"date":"2023-03-23T01:09:00","date_gmt":"2023-03-23T04:09:00","guid":{"rendered":"https:\/\/elfederalmendoza.com\/?p=21400"},"modified":"2023-03-23T10:12:06","modified_gmt":"2023-03-23T13:12:06","slug":"identificaron-a-la-mujer-que-tiro-un-perro-a-la-basura-y-fue-imputada-por-maltrato-animal","status":"publish","type":"post","link":"https:\/\/elfederalmendoza.com.ar\/index.php\/2023\/03\/23\/identificaron-a-la-mujer-que-tiro-un-perro-a-la-basura-y-fue-imputada-por-maltrato-animal\/","title":{"rendered":"Identificaron a la mujer que tir\u00f3 un perro a la basura y fue imputada por maltrato animal"},"content":{"rendered":"\n<p>Lo ocurrido en el barrio porte\u00f1o de Villa Luro qued\u00f3 registrado gracias a las c\u00e1maras de seguridad de un vecino, y la Unidad Fiscal especializada en estos casos logr\u00f3 identificar a la responsable. La perrita fue adoptada por uno de los polic\u00edas que la rescataron.<\/p>\n\n\n\n<p><strong>La mujer que tir\u00f3 a su perra en un container<\/strong>\u00a0de basura fue imputada por maltrato animal,\u00a0<strong>la\u00a0acusada\u00a0pudo ser identificada<\/strong>\u00a0gracias a que qued\u00f3 filmada por la c\u00e1mara de seguridad de un vecino. La Unidad Fiscal Especializada en casos de maltrato animal logr\u00f3 dar con su paradero.<\/p>\n\n\n\n<p>Luego de la conmoci\u00f3n que causaron las im\u00e1genes de<strong>\u00a0la mujer deshaci\u00e9ndose de una peque\u00f1a perra en un tacho de basura<\/strong>\u00a0ubicado en Leopardi al 300, llega la sensaci\u00f3n de justicia, ya que la responsable de semejante acto de crueldad deber\u00e1 responder por sus actos.\u00a0<\/p>\n\n\n\n<p>Lo que ocurri\u00f3 fue que la perra persigui\u00f3 a la mujer hasta que esta se dio vuelta, tom\u00f3 a la perra y la tir\u00f3 adentro de un cesto de residuos para dejarla abandonada. De todos modos,&nbsp;<strong>la mascota logr\u00f3 tener un final feliz,<\/strong>&nbsp;ya que uno de los polic\u00edas que la rescat\u00f3 decidi\u00f3 adoptarla.<\/p>\n\n\n\n<p>Pocas horas despu\u00e9s del hecho, la agresora fue identificada gracias al trabajo de la Unidad Fiscal Especializada en casos de maltrato animal. La mujer, de la que no trascendi\u00f3 su identidad, fue imputada por el delito de maltrato animal.<\/p>\n\n\n\n<h2 class=\"wp-block-heading\">La perrita ahora se llama Ellie<\/h2>\n\n\n\n<p>Fue un vecino quien, al salir a sacar la basura, se acerc\u00f3 al contenedor y vio a la perra peque\u00f1a, de color blanco y negro, que estaba sentada en un extremo del tacho. Acto seguido, el hombre dio aviso de lo sucedido al 911.<\/p>\n\n\n\n<p>Al lugar arrib\u00f3 personal de la Comisar\u00eda Vecinal 10 C de la Ciudad, espec\u00edficamente los uniformados Santiago Quiroga y Dar\u00edo Sandez. Ante la evidente situaci\u00f3n de maltrato animal, uno de ellos tom\u00f3 la decisi\u00f3n de ingresar al contenedor para rescatar a la mascota.<\/p>\n\n\n\n<p>\u00abVamos, pap\u00e1; vamos, chiquita\u00bb, la llamaba el oficial con cuidado, ante la incertidumbre sobre c\u00f3mo pod\u00eda reaccionar la perra. De esta forma, logr\u00f3 realizar un rescate exitoso, seg\u00fan se\u00f1alaron fuentes del caso a&nbsp;<em>La Naci\u00f3n.<\/em><\/p>\n\n\n\n<p>La perra fue bautizada como<strong>&nbsp;Ellie&nbsp;<\/strong>y ya cuenta con una nueva familia, ya que<strong>&nbsp;fue adoptada por uno de los efectivos de la Polic\u00eda que participaron de su rescate.<\/strong><\/p>\n\n\n\n<p>\u201cLos oficiales Santiago Quiroga y Dar\u00edo Sandez respondieron a la denuncia de una vecina y rescataron a un perrito abandonado en el interior de un contenedor de basura. El animal se encontraba en condiciones muy precarias, pero gracias al accionar de nuestros efectivos ahora se est\u00e1 recuperando. El maltrato animal es un delito: denuncialo llamando al 911\u2033, informaron desde la Polic\u00eda de la Ciudad en una publicaci\u00f3n de Instagram.<\/p>\n\n\n\n<figure class=\"wp-block-embed is-type-rich is-provider-twitter wp-block-embed-twitter\"><div class=\"wp-block-embed__wrapper\">\nhttps:\/\/twitter.com\/mauroszeta\/status\/1638147303155417089\n<\/div><\/figure>\n","protected":false},"excerpt":{"rendered":"<p>Lo ocurrido en el barrio porte\u00f1o de Villa Luro qued\u00f3 registrado gracias a las c\u00e1maras de seguridad de un vecino, y la Unidad Fiscal especializada en estos casos logr\u00f3 identificar a la responsable. La perrita fue adoptada por uno de los polic\u00edas que la rescataron. La mujer que tir\u00f3 a su perra en un container\u00a0de<a class=\"read-more\" href=\"https:\/\/elfederalmendoza.com.ar\/index.php\/2023\/03\/23\/identificaron-a-la-mujer-que-tiro-un-perro-a-la-basura-y-fue-imputada-por-maltrato-animal\/\"> [&hellip;]<\/a><\/p>\n","protected":false},"author":2,"featured_media":21401,"comment_status":"open","ping_status":"open","sticky":false,"template":"","format":"standard","meta":{"footnotes":""},"categories":[5618],"tags":[],"class_list":["post-21400","post","type-post","status-publish","format-standard","has-post-thumbnail","hentry","category-arg"],"rttpg_featured_image_url":{"full":["https:\/\/elfederalmendoza.com.ar\/wp-content\/uploads\/2023\/03\/abandonaron-a-una-perra-dentro-de-un-contenedor-1531536.webp",950,534,false],"landscape":["https:\/\/elfederalmendoza.com.ar\/wp-content\/uploads\/2023\/03\/abandonaron-a-una-perra-dentro-de-un-contenedor-1531536.webp",950,534,false],"portraits":["https:\/\/elfederalmendoza.com.ar\/wp-content\/uploads\/2023\/03\/abandonaron-a-una-perra-dentro-de-un-contenedor-1531536.webp",950,534,false],"thumbnail":["https:\/\/elfederalmendoza.com.ar\/wp-content\/uploads\/2023\/03\/abandonaron-a-una-perra-dentro-de-un-contenedor-1531536-150x150.webp",150,150,true],"medium":["https:\/\/elfederalmendoza.com.ar\/wp-content\/uploads\/2023\/03\/abandonaron-a-una-perra-dentro-de-un-contenedor-1531536-300x169.webp",300,169,true],"large":["https:\/\/elfederalmendoza.com.ar\/wp-content\/uploads\/2023\/03\/abandonaron-a-una-perra-dentro-de-un-contenedor-1531536.webp",640,360,false],"1536x1536":["https:\/\/elfederalmendoza.com.ar\/wp-content\/uploads\/2023\/03\/abandonaron-a-una-perra-dentro-de-un-contenedor-1531536.webp",950,534,false],"2048x2048":["https:\/\/elfederalmendoza.com.ar\/wp-content\/uploads\/2023\/03\/abandonaron-a-una-perra-dentro-de-un-contenedor-1531536.webp",950,534,false],"ultp_layout_landscape_large":["https:\/\/elfederalmendoza.com.ar\/wp-content\/uploads\/2023\/03\/abandonaron-a-una-perra-dentro-de-un-contenedor-1531536.webp",950,534,false],"ultp_layout_landscape":["https:\/\/elfederalmendoza.com.ar\/wp-content\/uploads\/2023\/03\/abandonaron-a-una-perra-dentro-de-un-contenedor-1531536-870x534.webp",870,534,true],"ultp_layout_portrait":["https:\/\/elfederalmendoza.com.ar\/wp-content\/uploads\/2023\/03\/abandonaron-a-una-perra-dentro-de-un-contenedor-1531536-600x534.webp",600,534,true],"ultp_layout_square":["https:\/\/elfederalmendoza.com.ar\/wp-content\/uploads\/2023\/03\/abandonaron-a-una-perra-dentro-de-un-contenedor-1531536-600x534.webp",600,534,true],"rpwe-thumbnail":["https:\/\/elfederalmendoza.com.ar\/wp-content\/uploads\/2023\/03\/abandonaron-a-una-perra-dentro-de-un-contenedor-1531536-45x45.webp",45,45,true],"advps-thumb-one":["https:\/\/elfederalmendoza.com.ar\/wp-content\/uploads\/2023\/03\/abandonaron-a-una-perra-dentro-de-un-contenedor-1531536-950x420.webp",950,420,true]},"rttpg_author":{"display_name":"Redacci\u00f3n El Federal","author_link":"https:\/\/elfederalmendoza.com.ar\/index.php\/author\/angelflores\/"},"rttpg_comment":0,"rttpg_category":"<a href=\"https:\/\/elfederalmendoza.com.ar\/index.php\/category\/arg\/\" rel=\"category tag\">Argentina<\/a>","rttpg_excerpt":"Lo ocurrido en el barrio porte\u00f1o de Villa Luro qued\u00f3 registrado gracias a las c\u00e1maras de seguridad de un vecino, y la Unidad Fiscal especializada en estos casos logr\u00f3 identificar a la responsable. La perrita fue adoptada por uno de los polic\u00edas que la rescataron. La mujer que tir\u00f3 a su perra en un container\u00a0de&hellip;","_links":{"self":[{"href":"https:\/\/elfederalmendoza.com.ar\/index.php\/wp-json\/wp\/v2\/posts\/21400","targetHints":{"allow":["GET"]}}],"collection":[{"href":"https:\/\/elfederalmendoza.com.ar\/index.php\/wp-json\/wp\/v2\/posts"}],"about":[{"href":"https:\/\/elfederalmendoza.com.ar\/index.php\/wp-json\/wp\/v2\/types\/post"}],"author":[{"embeddable":true,"href":"https:\/\/elfederalmendoza.com.ar\/index.php\/wp-json\/wp\/v2\/users\/2"}],"replies":[{"embeddable":true,"href":"https:\/\/elfederalmendoza.com.ar\/index.php\/wp-json\/wp\/v2\/comments?post=21400"}],"version-history":[{"count":1,"href":"https:\/\/elfederalmendoza.com.ar\/index.php\/wp-json\/wp\/v2\/posts\/21400\/revisions"}],"predecessor-version":[{"id":21402,"href":"https:\/\/elfederalmendoza.com.ar\/index.php\/wp-json\/wp\/v2\/posts\/21400\/revisions\/21402"}],"wp:featuredmedia":[{"embeddable":true,"href":"https:\/\/elfederalmendoza.com.ar\/index.php\/wp-json\/wp\/v2\/media\/21401"}],"wp:attachment":[{"href":"https:\/\/elfederalmendoza.com.ar\/index.php\/wp-json\/wp\/v2\/media?parent=21400"}],"wp:term":[{"taxonomy":"category","embeddable":true,"href":"https:\/\/elfederalmendoza.com.ar\/index.php\/wp-json\/wp\/v2\/categories?post=21400"},{"taxonomy":"post_tag","embeddable":true,"href":"https:\/\/elfederalmendoza.com.ar\/index.php\/wp-json\/wp\/v2\/tags?post=21400"}],"curies":[{"name":"wp","href":"https:\/\/api.w.org\/{rel}","templated":true}]}}