{"id":21415,"date":"2023-03-23T01:53:00","date_gmt":"2023-03-23T04:53:00","guid":{"rendered":"https:\/\/elfederalmendoza.com\/?p=21415"},"modified":"2023-03-23T13:56:09","modified_gmt":"2023-03-23T16:56:09","slug":"leonardo-farina-se-muestra-como-victima-me-quisieron-matar-dos-veces","status":"publish","type":"post","link":"https:\/\/elfederalmendoza.com.ar\/index.php\/2023\/03\/23\/leonardo-farina-se-muestra-como-victima-me-quisieron-matar-dos-veces\/","title":{"rendered":"Leonardo Fari\u00f1a se muestra como v\u00edctima: \u201cMe quisieron matar dos veces\u201d"},"content":{"rendered":"\n<p><strong>El testigo arrepentido de la corrupci\u00f3n kirchnerista&nbsp;Leonardo Fari\u00f1a volvi\u00f3 a apuntar contra Cristina Kirchner y habl\u00f3 sobre los actos de corrupci\u00f3n cometidos durante el gobierno kirchnerista revelando detalles de la investigaci\u00f3n.<\/strong><\/p>\n\n\n\n<p>Leonardo Fari\u00f1a fue el testigo arrepentido que ayud\u00f3 en la causa por \u201cla ruta del dinero K\u201d, que finaliz\u00f3 con la condena de la ex presidenta y L\u00e1zaro B\u00e1ez.<\/p>\n\n\n\n<p>Los periodistas Nicolas Wi\u00f1azki y Santiago Fioriti, durante el programa Somos Buenos de TN, dialogaron con el ex financista que les cont\u00f3 los dos ataques que sufri\u00f3 cuando ocupaba el rol de testigo protegido en la causa que investigaba a la actual Vicepresidenta de la Naci\u00f3n.<\/p>\n\n\n\n<figure class=\"wp-block-embed is-type-video is-provider-youtube wp-block-embed-youtube wp-embed-aspect-16-9 wp-has-aspect-ratio\"><div class=\"wp-block-embed__wrapper\">\n<iframe loading=\"lazy\" title=\"&quot;Me quisieron matar dos veces&quot;: Leonardo Fari\u00f1a en &quot;SOMOS BUENOS&quot;\" width=\"640\" height=\"360\" src=\"https:\/\/www.youtube.com\/embed\/Grl6c1nk6YE?feature=oembed\" frameborder=\"0\" allow=\"accelerometer; autoplay; clipboard-write; encrypted-media; gyroscope; picture-in-picture; web-share\" referrerpolicy=\"strict-origin-when-cross-origin\" allowfullscreen><\/iframe>\n<\/div><\/figure>\n\n\n\n<p><strong><u>Las frases que se destacaron en la charla con Leonardo Fari\u00f1a sobre \u201cLa ruta del dinero K\u201d<\/u><br><\/strong><br>&nbsp;&nbsp;&nbsp; \u201cCristina est\u00e1 condenada, pero creo que nunca va a pisar una c\u00e1rcel\u201d.<br>&nbsp;&nbsp;&nbsp; \u201cEstar en una c\u00e1rcel es lo peor que te puede pasar en la vida. Fui el tercer preso por evasi\u00f3n fiscal en la historia de la Argentina por una causa en la que despu\u00e9s fui absuelto\u201d<br>&nbsp;&nbsp;&nbsp; \u201cMe quisieron matar dos veces. Una en la c\u00e1rcel, donde el mismo interno que supuestamente lo hab\u00edan mandado a pincharme desapareci\u00f3. Era un chico que hab\u00eda entrado hace dos d\u00edas y ten\u00eda una condena que no le permit\u00eda estar en el m\u00f3dulo donde yo estaba. Personas de civil le dijeron que si me pinchaba le iban a dar el beneficio de ir a la Unidad 19 que es el r\u00e9gimen abierto de R\u00edo Gallegos. Fuimos a hacer juntos a hacer la denuncia\u201d<\/p>\n\n\n\n<p>&nbsp;&nbsp;&nbsp; \u201cLa segunda fue en 2017, cuando fui a comer con un amigo. Yo estaba con dos autos de custodia y ocho personas de prefectura. Pasaron dos motos y cruzaron m\u00e1s de 100 tiros con la polic\u00eda. Hubo un muerto que nadie reclam\u00f3\u201d<br>&nbsp;&nbsp;&nbsp; \u201cCuando el gobierno perdi\u00f3 las PASO de 2019, hubo una serie de abogados que empezaron a ir a los arrepentidos de las causas de corrupci\u00f3n a decir que los otros arrepentidos hab\u00edan declarado que era todo mentira\u201d.<br>&nbsp;&nbsp;&nbsp; \u201cCristina es corrupta, es culpable. Ten\u00eda dominio del acto delictivo. Ella se defiende con la gran cantidad de personas que la siguen de manera dogm\u00e1tica y casi religiosa\u201d<br>&nbsp;&nbsp;&nbsp; \u201cLa \u00fanica alternativa que tiene es manipular el discurso. Ella no le tiene miedo a la c\u00e1rcel, el mayor miedo que tiene es que su figura no genera ning\u00fan tipo de temor\u201d<br>&nbsp;&nbsp;&nbsp; \u201cYo antes le ten\u00eda miedo, despu\u00e9s entend\u00ed que le ten\u00eda que tener respeto porque no es m\u00e1s ni menos que yo\u201d<br>&nbsp;&nbsp;&nbsp; \u201cN\u00e9stor cometi\u00f3 el error de morirse, \u00e9l manejaba todo. Hasta sus \u00faltimos meses sin ser pol\u00edtico manejaba el pa\u00eds porque los empresarios no hablaban con Cristina\u201d.<\/p>\n","protected":false},"excerpt":{"rendered":"<p>El testigo arrepentido de la corrupci\u00f3n kirchnerista&nbsp;Leonardo Fari\u00f1a volvi\u00f3 a apuntar contra Cristina Kirchner y habl\u00f3 sobre los actos de corrupci\u00f3n cometidos durante el gobierno kirchnerista revelando detalles de la investigaci\u00f3n. Leonardo Fari\u00f1a fue el testigo arrepentido que ayud\u00f3 en la causa por \u201cla ruta del dinero K\u201d, que finaliz\u00f3 con la condena de la<a class=\"read-more\" href=\"https:\/\/elfederalmendoza.com.ar\/index.php\/2023\/03\/23\/leonardo-farina-se-muestra-como-victima-me-quisieron-matar-dos-veces\/\"> [&hellip;]<\/a><\/p>\n","protected":false},"author":2,"featured_media":21416,"comment_status":"open","ping_status":"open","sticky":false,"template":"","format":"standard","meta":{"footnotes":""},"categories":[5618],"tags":[],"class_list":["post-21415","post","type-post","status-publish","format-standard","has-post-thumbnail","hentry","category-arg"],"rttpg_featured_image_url":{"full":["https:\/\/elfederalmendoza.com.ar\/wp-content\/uploads\/2023\/03\/Leonardo-Farina-1920-1.jpg",1920,1079,false],"landscape":["https:\/\/elfederalmendoza.com.ar\/wp-content\/uploads\/2023\/03\/Leonardo-Farina-1920-1.jpg",1920,1079,false],"portraits":["https:\/\/elfederalmendoza.com.ar\/wp-content\/uploads\/2023\/03\/Leonardo-Farina-1920-1.jpg",1920,1079,false],"thumbnail":["https:\/\/elfederalmendoza.com.ar\/wp-content\/uploads\/2023\/03\/Leonardo-Farina-1920-1-150x150.jpg",150,150,true],"medium":["https:\/\/elfederalmendoza.com.ar\/wp-content\/uploads\/2023\/03\/Leonardo-Farina-1920-1-300x169.jpg",300,169,true],"large":["https:\/\/elfederalmendoza.com.ar\/wp-content\/uploads\/2023\/03\/Leonardo-Farina-1920-1-1024x575.jpg",640,359,true],"1536x1536":["https:\/\/elfederalmendoza.com.ar\/wp-content\/uploads\/2023\/03\/Leonardo-Farina-1920-1-1536x863.jpg",1536,863,true],"2048x2048":["https:\/\/elfederalmendoza.com.ar\/wp-content\/uploads\/2023\/03\/Leonardo-Farina-1920-1.jpg",1920,1079,false],"ultp_layout_landscape_large":["https:\/\/elfederalmendoza.com.ar\/wp-content\/uploads\/2023\/03\/Leonardo-Farina-1920-1-1200x800.jpg",1200,800,true],"ultp_layout_landscape":["https:\/\/elfederalmendoza.com.ar\/wp-content\/uploads\/2023\/03\/Leonardo-Farina-1920-1-870x570.jpg",870,570,true],"ultp_layout_portrait":["https:\/\/elfederalmendoza.com.ar\/wp-content\/uploads\/2023\/03\/Leonardo-Farina-1920-1-600x900.jpg",600,900,true],"ultp_layout_square":["https:\/\/elfederalmendoza.com.ar\/wp-content\/uploads\/2023\/03\/Leonardo-Farina-1920-1-600x600.jpg",600,600,true],"rpwe-thumbnail":["https:\/\/elfederalmendoza.com.ar\/wp-content\/uploads\/2023\/03\/Leonardo-Farina-1920-1-45x45.jpg",45,45,true],"advps-thumb-one":["https:\/\/elfederalmendoza.com.ar\/wp-content\/uploads\/2023\/03\/Leonardo-Farina-1920-1-1200x420.jpg",1200,420,true]},"rttpg_author":{"display_name":"Redacci\u00f3n El Federal","author_link":"https:\/\/elfederalmendoza.com.ar\/index.php\/author\/angelflores\/"},"rttpg_comment":0,"rttpg_category":"<a href=\"https:\/\/elfederalmendoza.com.ar\/index.php\/category\/arg\/\" rel=\"category tag\">Argentina<\/a>","rttpg_excerpt":"El testigo arrepentido de la corrupci\u00f3n kirchnerista&nbsp;Leonardo Fari\u00f1a volvi\u00f3 a apuntar contra Cristina Kirchner y habl\u00f3 sobre los actos de corrupci\u00f3n cometidos durante el gobierno kirchnerista revelando detalles de la investigaci\u00f3n. Leonardo Fari\u00f1a fue el testigo arrepentido que ayud\u00f3 en la causa por \u201cla ruta del dinero K\u201d, que finaliz\u00f3 con la condena de la&hellip;","_links":{"self":[{"href":"https:\/\/elfederalmendoza.com.ar\/index.php\/wp-json\/wp\/v2\/posts\/21415","targetHints":{"allow":["GET"]}}],"collection":[{"href":"https:\/\/elfederalmendoza.com.ar\/index.php\/wp-json\/wp\/v2\/posts"}],"about":[{"href":"https:\/\/elfederalmendoza.com.ar\/index.php\/wp-json\/wp\/v2\/types\/post"}],"author":[{"embeddable":true,"href":"https:\/\/elfederalmendoza.com.ar\/index.php\/wp-json\/wp\/v2\/users\/2"}],"replies":[{"embeddable":true,"href":"https:\/\/elfederalmendoza.com.ar\/index.php\/wp-json\/wp\/v2\/comments?post=21415"}],"version-history":[{"count":1,"href":"https:\/\/elfederalmendoza.com.ar\/index.php\/wp-json\/wp\/v2\/posts\/21415\/revisions"}],"predecessor-version":[{"id":21417,"href":"https:\/\/elfederalmendoza.com.ar\/index.php\/wp-json\/wp\/v2\/posts\/21415\/revisions\/21417"}],"wp:featuredmedia":[{"embeddable":true,"href":"https:\/\/elfederalmendoza.com.ar\/index.php\/wp-json\/wp\/v2\/media\/21416"}],"wp:attachment":[{"href":"https:\/\/elfederalmendoza.com.ar\/index.php\/wp-json\/wp\/v2\/media?parent=21415"}],"wp:term":[{"taxonomy":"category","embeddable":true,"href":"https:\/\/elfederalmendoza.com.ar\/index.php\/wp-json\/wp\/v2\/categories?post=21415"},{"taxonomy":"post_tag","embeddable":true,"href":"https:\/\/elfederalmendoza.com.ar\/index.php\/wp-json\/wp\/v2\/tags?post=21415"}],"curies":[{"name":"wp","href":"https:\/\/api.w.org\/{rel}","templated":true}]}}