{"id":21425,"date":"2023-03-24T12:16:50","date_gmt":"2023-03-24T15:16:50","guid":{"rendered":"https:\/\/elfederalmendoza.com\/?p=21425"},"modified":"2023-03-24T12:16:53","modified_gmt":"2023-03-24T15:16:53","slug":"cristina-kirchner-decepcionada-con-massa-le-prometio-una-inflacion-de-3-mensual-y-ya-esta-en-7","status":"publish","type":"post","link":"https:\/\/elfederalmendoza.com.ar\/index.php\/2023\/03\/24\/cristina-kirchner-decepcionada-con-massa-le-prometio-una-inflacion-de-3-mensual-y-ya-esta-en-7\/","title":{"rendered":"Cristina Kirchner, decepcionada con Massa: le prometi\u00f3 una inflaci\u00f3n de 3% mensual y ya est\u00e1 en 7%"},"content":{"rendered":"\n<p>No es m\u00e1s \u201cSergito\u201d para ella. Apenas \u201cSergio\u201d. Como la devaluada transici\u00f3n moral de \u201cYa no sos mi Margarita, ahora te llaman Margot\u201d, doloroso tango que, en sus versos, agrega sobre el cambio de conducta y vida de la buscona: \u201cEntre el humo de los puros y el champagne de Armenonville\u201d. Lo del humo no es una casualidad de Cristina para volver al nombre original de Massa, el titular de Econom\u00eda. Pas\u00f3 de aquel cari\u00f1oso diminutivo al mustio bautismo original. Una raz\u00f3n: \u201cSergito\u201d le promet\u00eda una inflaci\u00f3n comenzando en 4 (3 para el gran p\u00fablico) y \u201cSergio\u201d termin\u00f3 con un \u00edndice que a los tumbos navega entre el 6 y el 7.<\/p>\n\n\n\n<p>No ha sido la \u00fanica decepci\u00f3n de la vice, tambi\u00e9n reprueba la negociaci\u00f3n con el FMI. Peor se puso en las \u00faltimas horas: el operativo de Massa sobre los bonos en d\u00f3lares de los jubilados le provoca insomnio. Desaz\u00f3n, por lo menos. Angustiada, como Alberto, le han cuestionado al ministro las medidas. Respuesta: hacemos esto o vamos a una inflaci\u00f3n r\u00e9cord. Y, si no alcanza, le pedimos a los chinos. Como si fuera barato.<\/p>\n\n\n\n<p>Cierra los ojos la vice y persiste en el apoyo a \u201cSergio Candidato\u201d \u2014como ya amenazan algunas pintadas callejeras\u2014 y a su conservaci\u00f3n como ministro por encima del Presidente Fern\u00e1ndez. Lo necesita vigente y procede al rev\u00e9s de lo que expresa La C\u00e1mpora, su n\u00facleo m\u00e1s cercano: esa aristocracia del poder p\u00fablico pugna por minimizar a Massa, apartarlo, y que la viuda de Kirchner protagonice el b\u00f3lido partidario a la Casa Rosada en las pr\u00f3ximas elecciones. Habr\u00e1 que ver si los halagos de la multitud en actos futuros le cambian el pensamiento. Finalmente, ella se debe al pueblo. Cree.<\/p>\n\n\n\n<p><strong>Realismo m\u00e1gico en el oficialismo<\/strong><\/p>\n\n\n\n<p>Con ese fin, se viene la sucesi\u00f3n de concentraciones para endulzarle el ego a la dama con c\u00e1nticos cesaristas, como la \u00faltima presentaci\u00f3n televisiva (reuni\u00f3n de derechos humanos) en la que rein\u00f3 sobre otros colegas del destierro. M\u00e1s monarca que nunca. Un dato curioso de esa reuni\u00f3n. Hubo multitud de quejas por la acci\u00f3n judicial, el lawfare, que la castiga a Cristina y a otros ex mandatarios de corte popular por razones pol\u00edticas, seg\u00fan ellos.<\/p>\n\n\n\n<p>Nadie explica, sin embargo, la raz\u00f3n por la cual ese lawfare no se aplica en Uruguay, donde no acosan con juicios ni c\u00e1rcel, menos con denuncias m\u00ednimas de corrupci\u00f3n, al ex Presidente Pepe Mujica \u2014presente en las deliberaciones\u2014, l\u00edder de izquierda que supo convocar multitudes y nadie le atribuye hoteles, campos, cuentas bancarias o viviendas. Tampoco le han denunciado a colaboradores que de la nada se enriquecieron traficando valijas con dinero o apartamentos de ensue\u00f1o en la Florida. No todo tiene que ver con todo, como dice Cristina.<\/p>\n\n\n\n<p>Ahora la vice duda en torno a su eventual retiro: aguarda pr\u00f3ximas jornadas de a\u00f1ejamiento para tomar una decisi\u00f3n, un mes, dos. Como Mauricio Macri, quien promete expedirse en mayo sobre su nominaci\u00f3n. As\u00ed le ha prometido a varios de sus empecinados colaboradores que no se resignan a una deserci\u00f3n prematura. Se alinean los planetas a favor de Macri, pero \u00e9l parece determinado a no postularse.<\/p>\n\n\n\n<p>Un gui\u00f1o, como corresponde a un veterano en esas lides, le acaba de hacer a la pimpante senadora Carolina Losada en Santa Fe: le explic\u00f3 que no pensara en acompa\u00f1arlo en una f\u00f3rmula presidencial y que, en cambio, se dedicara a incentivar su campa\u00f1a a la gobernaci\u00f3n de la provincia.<\/p>\n\n\n\n<p>Mutis por el foro del ingeniero, al tiempo que lo preocupa e indigna Rodr\u00edguez Larreta por presunta desatenci\u00f3n de la Capital Federal (temor a una derrota en la interna de la coalici\u00f3n si habilitan la participaci\u00f3n de Lousteau) y cierta aprehensi\u00f3n por actitudes insolentes de Patricia Bullrich: estima que ella consulta poco y, sobre todo, opera sobre cuestiones que lo afectan.<\/p>\n\n\n\n<p><strong>El renunciamiento de Mauricio Macri y las traiciones de los delfines<\/strong><\/p>\n\n\n\n<p>En ese sentido, como ya se advirti\u00f3 en estas columnas, insiste en que el ex ministro Garavano regrese a ese cargo en el caso de que triunfara la Bullrich. Ella no est\u00e1 convencida, debe pensar que Garavano no resuelve nada, lo tuvo de compa\u00f1ero de gabinete. Cierta inquietud judicial domina a Macri, con un centenar de denuncias judiciales (Cristina lo supera en unas 500), tres o cuatro de cierta complejidad. A ver si en un pr\u00f3ximo gobierno, inclusive de su simpat\u00eda, \u00e9l tambi\u00e9n debe acudir al lawfare, convertido en una Cristina postiza y la Bullrich \u2014si ganara\u2014 en una falsa Alberto Fern\u00e1ndez prometiendo sin hacerlo en disipar conflictos en tribunales.<\/p>\n\n\n\n<p>A prop\u00f3sito de este tema, el ingeniero revela hoy una indisposici\u00f3n monumental por quien fuera su consejero jur\u00eddico, Pep\u00edn Rodr\u00edguez Sim\u00f3n. Tampoco quiere hablar ni ver a Mario Quintana, su ex subjefe de gabinete. Tarde se dio cuenta para odiar.<\/p>\n\n\n\n<p>Cavila intranquilo Macri por otra presencia: Javier Milei, al que le asignan fortaleza y crecimiento en encuestas de todo el pa\u00eds y en provincias que el economista ni siquiera visit\u00f3. Agradece que la Bullrich haya acordado cierto entendimiento con Ricardo L\u00f3pez Murphy, confiando en que esa presencia liberal atrape a electores presuntos de Milei. Le comenta su zozobra a los dos aspirantes del PRO, escuch\u00f3 la confesi\u00f3n del propio libertario, quien adem\u00e1s de no consentir un acuerdo con el radicalismo, tambi\u00e9n se negara a negociar con el intendente porte\u00f1o.<\/p>\n\n\n\n<p>La UCR, al mismo tiempo, sostiene que Milei es un l\u00edmite infranqueable para el partido: nunca le perdonar\u00e1 la fracci\u00f3n alfonsinista que lo acusara de golpista al expresidente (en combinaci\u00f3n con Duhalde para voltear a De la R\u00faa), al tiempo que lo trataba de hijo de puta y juntaba cr\u00edticas sobre la performance econ\u00f3mica de esos tiempos.<\/p>\n\n\n\n<p>Ese abismo no lo puede salvar Macri ni Patricia por m\u00e1s que se comuniquen con Milei. Ambos, quiz\u00e1s con disgusto, priorizan la sociedad con el radicalismo. Ni hablar de Rodr\u00edguez Larreta, quien m\u00e1s de una vez pens\u00f3 en llevarlo a Gerardo Morales como segundo. Se siente con tanta afinidad ahora con la UCR que, a veces, hasta puede considerar que podr\u00edan ser m\u00e1s amigos suyos que el mismo Sergio Massa. Pero todos saben que eso es imposible.<\/p>\n","protected":false},"excerpt":{"rendered":"<p>No es m\u00e1s \u201cSergito\u201d para ella. Apenas \u201cSergio\u201d. Como la devaluada transici\u00f3n moral de \u201cYa no sos mi Margarita, ahora te llaman Margot\u201d, doloroso tango que, en sus versos, agrega sobre el cambio de conducta y vida de la buscona: \u201cEntre el humo de los puros y el champagne de Armenonville\u201d. Lo del humo no<a class=\"read-more\" href=\"https:\/\/elfederalmendoza.com.ar\/index.php\/2023\/03\/24\/cristina-kirchner-decepcionada-con-massa-le-prometio-una-inflacion-de-3-mensual-y-ya-esta-en-7\/\"> [&hellip;]<\/a><\/p>\n","protected":false},"author":2,"featured_media":21426,"comment_status":"open","ping_status":"open","sticky":false,"template":"","format":"standard","meta":{"footnotes":""},"categories":[5618],"tags":[],"class_list":["post-21425","post","type-post","status-publish","format-standard","has-post-thumbnail","hentry","category-arg"],"rttpg_featured_image_url":{"full":["https:\/\/elfederalmendoza.com.ar\/wp-content\/uploads\/2023\/03\/E4VTU2IBUFF5ZHU23247QM3OPA.jpg",1920,1080,false],"landscape":["https:\/\/elfederalmendoza.com.ar\/wp-content\/uploads\/2023\/03\/E4VTU2IBUFF5ZHU23247QM3OPA.jpg",1920,1080,false],"portraits":["https:\/\/elfederalmendoza.com.ar\/wp-content\/uploads\/2023\/03\/E4VTU2IBUFF5ZHU23247QM3OPA.jpg",1920,1080,false],"thumbnail":["https:\/\/elfederalmendoza.com.ar\/wp-content\/uploads\/2023\/03\/E4VTU2IBUFF5ZHU23247QM3OPA-150x150.jpg",150,150,true],"medium":["https:\/\/elfederalmendoza.com.ar\/wp-content\/uploads\/2023\/03\/E4VTU2IBUFF5ZHU23247QM3OPA-300x169.jpg",300,169,true],"large":["https:\/\/elfederalmendoza.com.ar\/wp-content\/uploads\/2023\/03\/E4VTU2IBUFF5ZHU23247QM3OPA-1024x576.jpg",640,360,true],"1536x1536":["https:\/\/elfederalmendoza.com.ar\/wp-content\/uploads\/2023\/03\/E4VTU2IBUFF5ZHU23247QM3OPA-1536x864.jpg",1536,864,true],"2048x2048":["https:\/\/elfederalmendoza.com.ar\/wp-content\/uploads\/2023\/03\/E4VTU2IBUFF5ZHU23247QM3OPA.jpg",1920,1080,false],"ultp_layout_landscape_large":["https:\/\/elfederalmendoza.com.ar\/wp-content\/uploads\/2023\/03\/E4VTU2IBUFF5ZHU23247QM3OPA-1200x800.jpg",1200,800,true],"ultp_layout_landscape":["https:\/\/elfederalmendoza.com.ar\/wp-content\/uploads\/2023\/03\/E4VTU2IBUFF5ZHU23247QM3OPA-870x570.jpg",870,570,true],"ultp_layout_portrait":["https:\/\/elfederalmendoza.com.ar\/wp-content\/uploads\/2023\/03\/E4VTU2IBUFF5ZHU23247QM3OPA-600x900.jpg",600,900,true],"ultp_layout_square":["https:\/\/elfederalmendoza.com.ar\/wp-content\/uploads\/2023\/03\/E4VTU2IBUFF5ZHU23247QM3OPA-600x600.jpg",600,600,true],"rpwe-thumbnail":["https:\/\/elfederalmendoza.com.ar\/wp-content\/uploads\/2023\/03\/E4VTU2IBUFF5ZHU23247QM3OPA-45x45.jpg",45,45,true],"advps-thumb-one":["https:\/\/elfederalmendoza.com.ar\/wp-content\/uploads\/2023\/03\/E4VTU2IBUFF5ZHU23247QM3OPA-1200x420.jpg",1200,420,true]},"rttpg_author":{"display_name":"Redacci\u00f3n El Federal","author_link":"https:\/\/elfederalmendoza.com.ar\/index.php\/author\/angelflores\/"},"rttpg_comment":0,"rttpg_category":"<a href=\"https:\/\/elfederalmendoza.com.ar\/index.php\/category\/arg\/\" rel=\"category tag\">Argentina<\/a>","rttpg_excerpt":"No es m\u00e1s \u201cSergito\u201d para ella. Apenas \u201cSergio\u201d. Como la devaluada transici\u00f3n moral de \u201cYa no sos mi Margarita, ahora te llaman Margot\u201d, doloroso tango que, en sus versos, agrega sobre el cambio de conducta y vida de la buscona: \u201cEntre el humo de los puros y el champagne de Armenonville\u201d. Lo del humo no&hellip;","_links":{"self":[{"href":"https:\/\/elfederalmendoza.com.ar\/index.php\/wp-json\/wp\/v2\/posts\/21425","targetHints":{"allow":["GET"]}}],"collection":[{"href":"https:\/\/elfederalmendoza.com.ar\/index.php\/wp-json\/wp\/v2\/posts"}],"about":[{"href":"https:\/\/elfederalmendoza.com.ar\/index.php\/wp-json\/wp\/v2\/types\/post"}],"author":[{"embeddable":true,"href":"https:\/\/elfederalmendoza.com.ar\/index.php\/wp-json\/wp\/v2\/users\/2"}],"replies":[{"embeddable":true,"href":"https:\/\/elfederalmendoza.com.ar\/index.php\/wp-json\/wp\/v2\/comments?post=21425"}],"version-history":[{"count":1,"href":"https:\/\/elfederalmendoza.com.ar\/index.php\/wp-json\/wp\/v2\/posts\/21425\/revisions"}],"predecessor-version":[{"id":21427,"href":"https:\/\/elfederalmendoza.com.ar\/index.php\/wp-json\/wp\/v2\/posts\/21425\/revisions\/21427"}],"wp:featuredmedia":[{"embeddable":true,"href":"https:\/\/elfederalmendoza.com.ar\/index.php\/wp-json\/wp\/v2\/media\/21426"}],"wp:attachment":[{"href":"https:\/\/elfederalmendoza.com.ar\/index.php\/wp-json\/wp\/v2\/media?parent=21425"}],"wp:term":[{"taxonomy":"category","embeddable":true,"href":"https:\/\/elfederalmendoza.com.ar\/index.php\/wp-json\/wp\/v2\/categories?post=21425"},{"taxonomy":"post_tag","embeddable":true,"href":"https:\/\/elfederalmendoza.com.ar\/index.php\/wp-json\/wp\/v2\/tags?post=21425"}],"curies":[{"name":"wp","href":"https:\/\/api.w.org\/{rel}","templated":true}]}}