{"id":21442,"date":"2023-03-24T18:52:09","date_gmt":"2023-03-24T21:52:09","guid":{"rendered":"https:\/\/elfederalmendoza.com\/?p=21442"},"modified":"2023-03-24T18:52:10","modified_gmt":"2023-03-24T21:52:10","slug":"el-fbi-detecto-a-un-hombre-de-tucuman-que-vendia-fotos-abusando-de-su-hija-de-3-anos","status":"publish","type":"post","link":"https:\/\/elfederalmendoza.com.ar\/index.php\/2023\/03\/24\/el-fbi-detecto-a-un-hombre-de-tucuman-que-vendia-fotos-abusando-de-su-hija-de-3-anos\/","title":{"rendered":"El FBI detect\u00f3 a un hombre de Tucum\u00e1n que vend\u00eda fotos abusando de su hija de 3 a\u00f1os"},"content":{"rendered":"\n<p>Un hombre que\u00a0<strong>abusaba sexualmente\u00a0<\/strong>de su hija de 3 a\u00f1os y produc\u00eda im\u00e1genes de pornograf\u00eda infantil, fue detenido en la provincia de\u00a0<strong>Tucum\u00e1n<\/strong>\u00a0tras ser detectado por el\u00a0<strong>FBI<\/strong>.<\/p>\n\n\n\n<p>Seg\u00fan confirmaron fuentes policiales, agentes federales de la Divisi\u00f3n Delitos Cibern\u00e9ticos Contra la Ni\u00f1ez y la Adolescencia de la Polic\u00eda Federal, <strong>en colaboraci\u00f3n con el FBI<\/strong>, llevaron a cabo cuatro allanamientos en Tucum\u00e1n y, en uno de ellos, <strong>lograron el rescate de la menor y la detenci\u00f3n de su padre<\/strong>.<\/p>\n\n\n\n<p><strong>La detenci\u00f3n de este hombre de 27 a\u00f1os se dio en el marco de una investigaci\u00f3n internacional<\/strong> que se hab\u00eda iniciado luego de que el FBI detectara que parte del material digital que estaban analizando por contener im\u00e1genes expl\u00edcitas de abuso sexual de una ni\u00f1a, hab\u00eda sido subido internet por un usuario desde Argentina.<\/p>\n\n\n\n<figure class=\"wp-block-image is-resized\"><img loading=\"lazy\" decoding=\"async\" src=\"https:\/\/www.mendozapost.com\/files\/image\/468\/468481\/641dd5b2193f2_570_307!.jpg?s=8fc47335e9b513431c4f5b1e1358b68a&amp;d=1679676853\" alt=\"\" width=\"953\" height=\"513\"\/><figcaption class=\"wp-element-caption\">Detuvieron al padre y la ni\u00f1a fue rescatada<\/figcaption><\/figure>\n\n\n\n<p>En la casa del detenido se hallaron varios elementos probatorios para la investigaci\u00f3n que fueron secuestrados: se pudo saber que el hombre<strong> induc\u00eda a la menor a realizar actos aberrantes contra su propia integridad sexual<\/strong>, le sacaba fotograf\u00edas, y luego las ofrec\u00eda en los foros destinados para tal fin y eso lo llev\u00f3 a posicionarse entre sus seguidores.<\/p>\n\n\n\n<p>Entre el material secuestrado, hab\u00eda ropa interior de la menor utilizada para las fotograf\u00edas distribuidas, as\u00ed como tambi\u00e9n equipos electr\u00f3nicos donde <strong>exist\u00eda material digital almacenado que era coincidente con las fotograf\u00edas aportadas por el FBI,<\/strong> sumado a distintos equipos tecnol\u00f3gicos que conten\u00edan m\u00e1s material expl\u00edcito del abuso sexual perpetrado a la ni\u00f1a por parte de su padre y que a la vez era compartido en la \u00abDeep Web\u00bb.<\/p>\n\n\n\n<figure class=\"wp-block-image is-resized\"><img loading=\"lazy\" decoding=\"async\" src=\"https:\/\/www.mendozapost.com\/files\/image\/468\/468483\/641dd68374a88_570_320!.jpg?s=48a737f7593850238a47e5b75b17b27c&amp;d=1679677067\" alt=\"\" width=\"953\" height=\"535\"\/><figcaption class=\"wp-element-caption\">Tambi\u00e9n secuestraron ropa de la peque\u00f1a<\/figcaption><\/figure>\n\n\n\n<p>Tras el operativo realizado en la vivienda del detenido, la ni\u00f1a fue rescatada, atendida por personal del Gabinete Psicol\u00f3gico de la PFA y qued\u00f3 a disposici\u00f3n de la <strong>Defensor\u00eda de Ni\u00f1ez, Adolescencia y Capacidad Restringida y bajo la guarda y custodia de su madre.<\/strong><\/p>\n\n\n\n<figure class=\"wp-block-image is-resized\"><img loading=\"lazy\" decoding=\"async\" src=\"https:\/\/www.mendozapost.com\/files\/image\/362\/362787\/62321de2b3ad1_570_321!.jpg?s=025e94f2f42f2b843072ad541818b41e&amp;d=1647451621\" alt=\"\" width=\"946\" height=\"533\"\/><figcaption class=\"wp-element-caption\">La v\u00edctima tiene 3 a\u00f1os y qued\u00f3 bajo la custodia de su madre<\/figcaption><\/figure>\n","protected":false},"excerpt":{"rendered":"<p>Un hombre que\u00a0abusaba sexualmente\u00a0de su hija de 3 a\u00f1os y produc\u00eda im\u00e1genes de pornograf\u00eda infantil, fue detenido en la provincia de\u00a0Tucum\u00e1n\u00a0tras ser detectado por el\u00a0FBI. Seg\u00fan confirmaron fuentes policiales, agentes federales de la Divisi\u00f3n Delitos Cibern\u00e9ticos Contra la Ni\u00f1ez y la Adolescencia de la Polic\u00eda Federal, en colaboraci\u00f3n con el FBI, llevaron a cabo cuatro<a class=\"read-more\" href=\"https:\/\/elfederalmendoza.com.ar\/index.php\/2023\/03\/24\/el-fbi-detecto-a-un-hombre-de-tucuman-que-vendia-fotos-abusando-de-su-hija-de-3-anos\/\"> [&hellip;]<\/a><\/p>\n","protected":false},"author":2,"featured_media":21443,"comment_status":"open","ping_status":"open","sticky":false,"template":"","format":"standard","meta":{"footnotes":""},"categories":[5618],"tags":[],"class_list":["post-21442","post","type-post","status-publish","format-standard","has-post-thumbnail","hentry","category-arg"],"rttpg_featured_image_url":{"full":["https:\/\/elfederalmendoza.com.ar\/wp-content\/uploads\/2023\/03\/fbi.jpg",1001,556,false],"landscape":["https:\/\/elfederalmendoza.com.ar\/wp-content\/uploads\/2023\/03\/fbi.jpg",1001,556,false],"portraits":["https:\/\/elfederalmendoza.com.ar\/wp-content\/uploads\/2023\/03\/fbi.jpg",1001,556,false],"thumbnail":["https:\/\/elfederalmendoza.com.ar\/wp-content\/uploads\/2023\/03\/fbi-150x150.jpg",150,150,true],"medium":["https:\/\/elfederalmendoza.com.ar\/wp-content\/uploads\/2023\/03\/fbi-300x167.jpg",300,167,true],"large":["https:\/\/elfederalmendoza.com.ar\/wp-content\/uploads\/2023\/03\/fbi.jpg",640,355,false],"1536x1536":["https:\/\/elfederalmendoza.com.ar\/wp-content\/uploads\/2023\/03\/fbi.jpg",1001,556,false],"2048x2048":["https:\/\/elfederalmendoza.com.ar\/wp-content\/uploads\/2023\/03\/fbi.jpg",1001,556,false],"ultp_layout_landscape_large":["https:\/\/elfederalmendoza.com.ar\/wp-content\/uploads\/2023\/03\/fbi.jpg",1001,556,false],"ultp_layout_landscape":["https:\/\/elfederalmendoza.com.ar\/wp-content\/uploads\/2023\/03\/fbi-870x556.jpg",870,556,true],"ultp_layout_portrait":["https:\/\/elfederalmendoza.com.ar\/wp-content\/uploads\/2023\/03\/fbi-600x556.jpg",600,556,true],"ultp_layout_square":["https:\/\/elfederalmendoza.com.ar\/wp-content\/uploads\/2023\/03\/fbi-600x556.jpg",600,556,true],"rpwe-thumbnail":["https:\/\/elfederalmendoza.com.ar\/wp-content\/uploads\/2023\/03\/fbi-45x45.jpg",45,45,true],"advps-thumb-one":["https:\/\/elfederalmendoza.com.ar\/wp-content\/uploads\/2023\/03\/fbi-1001x420.jpg",1001,420,true]},"rttpg_author":{"display_name":"Redacci\u00f3n El Federal","author_link":"https:\/\/elfederalmendoza.com.ar\/index.php\/author\/angelflores\/"},"rttpg_comment":0,"rttpg_category":"<a href=\"https:\/\/elfederalmendoza.com.ar\/index.php\/category\/arg\/\" rel=\"category tag\">Argentina<\/a>","rttpg_excerpt":"Un hombre que\u00a0abusaba sexualmente\u00a0de su hija de 3 a\u00f1os y produc\u00eda im\u00e1genes de pornograf\u00eda infantil, fue detenido en la provincia de\u00a0Tucum\u00e1n\u00a0tras ser detectado por el\u00a0FBI. Seg\u00fan confirmaron fuentes policiales, agentes federales de la Divisi\u00f3n Delitos Cibern\u00e9ticos Contra la Ni\u00f1ez y la Adolescencia de la Polic\u00eda Federal, en colaboraci\u00f3n con el FBI, llevaron a cabo cuatro&hellip;","_links":{"self":[{"href":"https:\/\/elfederalmendoza.com.ar\/index.php\/wp-json\/wp\/v2\/posts\/21442","targetHints":{"allow":["GET"]}}],"collection":[{"href":"https:\/\/elfederalmendoza.com.ar\/index.php\/wp-json\/wp\/v2\/posts"}],"about":[{"href":"https:\/\/elfederalmendoza.com.ar\/index.php\/wp-json\/wp\/v2\/types\/post"}],"author":[{"embeddable":true,"href":"https:\/\/elfederalmendoza.com.ar\/index.php\/wp-json\/wp\/v2\/users\/2"}],"replies":[{"embeddable":true,"href":"https:\/\/elfederalmendoza.com.ar\/index.php\/wp-json\/wp\/v2\/comments?post=21442"}],"version-history":[{"count":1,"href":"https:\/\/elfederalmendoza.com.ar\/index.php\/wp-json\/wp\/v2\/posts\/21442\/revisions"}],"predecessor-version":[{"id":21444,"href":"https:\/\/elfederalmendoza.com.ar\/index.php\/wp-json\/wp\/v2\/posts\/21442\/revisions\/21444"}],"wp:featuredmedia":[{"embeddable":true,"href":"https:\/\/elfederalmendoza.com.ar\/index.php\/wp-json\/wp\/v2\/media\/21443"}],"wp:attachment":[{"href":"https:\/\/elfederalmendoza.com.ar\/index.php\/wp-json\/wp\/v2\/media?parent=21442"}],"wp:term":[{"taxonomy":"category","embeddable":true,"href":"https:\/\/elfederalmendoza.com.ar\/index.php\/wp-json\/wp\/v2\/categories?post=21442"},{"taxonomy":"post_tag","embeddable":true,"href":"https:\/\/elfederalmendoza.com.ar\/index.php\/wp-json\/wp\/v2\/tags?post=21442"}],"curies":[{"name":"wp","href":"https:\/\/api.w.org\/{rel}","templated":true}]}}