{"id":21452,"date":"2023-03-25T10:10:21","date_gmt":"2023-03-25T13:10:21","guid":{"rendered":"https:\/\/elfederalmendoza.com\/?p=21452"},"modified":"2023-03-25T10:10:30","modified_gmt":"2023-03-25T13:10:30","slug":"una-fanatica-de-la-seleccion-presento-un-certificado-medico-trucho-para-ir-a-la-cancha-salio-en-la-tv-y-la-echaron","status":"publish","type":"post","link":"https:\/\/elfederalmendoza.com.ar\/index.php\/2023\/03\/25\/una-fanatica-de-la-seleccion-presento-un-certificado-medico-trucho-para-ir-a-la-cancha-salio-en-la-tv-y-la-echaron\/","title":{"rendered":"Una fan\u00e1tica de la Selecci\u00f3n present\u00f3 un certificado m\u00e9dico \u00abtrucho\u00bb para ir a la cancha, sali\u00f3 en la TV y la echaron"},"content":{"rendered":"\n<p>El fanatismo y la euforia de los hinchas argentinos por la Selecci\u00f3n durante el el Mundial de Qatar hizo que se batieran todos los r\u00e9cords previstos: m\u00e1s de 50 mil espectadores solo en la final contra Francia, m\u00e1s de cinco millones de personas en las calles de Buenos Aires para recibir a los jugadores y el premio&nbsp;<em>The Best<\/em>&nbsp;a la mejor hinchada del mundo.<\/p>\n\n\n\n<p>Las muestras de cari\u00f1o hacia el capit\u00e1n Leonel Messi y el resto de equipo llegaron de todas partes del planeta y&nbsp;<strong>ayer muchos hicieron hasta lo inimaginable para poder estar presentes en el homenaje que organiz\u00f3 la AFA&nbsp;<\/strong>en el Estadio Monumental, luego del amistoso que jugaron contra Panam\u00e1.<\/p>\n\n\n\n<p>Como no pod\u00eda ser de otra manera, la llamada \u201cviveza criolla\u201d estuvo a la orden del d\u00eda y la protagonista fue una\u00a0<strong>empleada municipal de la ciudad santafesina de Funes<\/strong>, que qued\u00f3 al descubierto tras ser entrevistada por televisi\u00f3n en la previa del partido.<\/p>\n\n\n\n<figure class=\"wp-block-image size-full\"><img loading=\"lazy\" decoding=\"async\" width=\"969\" height=\"570\" src=\"https:\/\/elfederalmendoza.com\/wp-content\/uploads\/2023\/03\/fanatica.jpg\" alt=\"\" class=\"wp-image-21453\" srcset=\"https:\/\/elfederalmendoza.com.ar\/wp-content\/uploads\/2023\/03\/fanatica.jpg 969w, https:\/\/elfederalmendoza.com.ar\/wp-content\/uploads\/2023\/03\/fanatica-300x176.jpg 300w, https:\/\/elfederalmendoza.com.ar\/wp-content\/uploads\/2023\/03\/fanatica-768x452.jpg 768w\" sizes=\"auto, (max-width: 969px) 100vw, 969px\" \/><figcaption class=\"wp-element-caption\">Momento de la entrevista en TyC Sports<\/figcaption><\/figure>\n\n\n\n<p><strong>\u201c\u00bfQu\u00e9 dejaste para venir a ver hoy a la Scaloneta, a ver los campeones?\u201d<\/strong>, le pregunt\u00f3 un periodista de TyC a la mujer. Sin dudar, la entrevistada respondi\u00f3 entre risas:&nbsp;<strong>\u201cEl laburo\u201d.<\/strong><\/p>\n\n\n\n<p>\u201c\u00bfLo dejaste por hoy o dejaste el laburo?\u201d, le pregunt\u00f3 el cronista. Y ella aclar\u00f3: \u201cLe mando un saludo a Roly (Santacrocce), el jefe de Central.&nbsp;<strong>Mand\u00e9 un certificado m\u00e9dico, pero estoy bien, estoy joya, estaba con una diarrea pero te jur\u00f3 que se cort\u00f3<\/strong>\u201d, dijo la fan\u00e1tica ante la incredulidad de las personas que la rodeaban. Y redobl\u00f3 la apuesta:&nbsp;<strong>\u201cAparec\u00ed m\u00e1gicamente en el Monumental\u201d.<\/strong><\/p>\n\n\n\n<p>Por \u00faltimo, la mujer se disculp\u00f3 con su jefe ante semejante picard\u00eda:&nbsp;<strong>\u201cRoly te juro que trabajo doble todo el a\u00f1o\u201d.&nbsp;<\/strong>Advertido por lo sucedido, el intendente de Funes, tom\u00f3 una dr\u00e1stica decisi\u00f3n:&nbsp;<strong>ech\u00f3 a la empleada del municipio.<\/strong><\/p>\n\n\n\n<p>Roly, nombrado por la joven en la entrevista, no dud\u00f3 y despidi\u00f3 a la fan\u00e1tica por la selecci\u00f3n del municipio de Funes.<\/p>\n\n\n\n<p><strong>\u201cNo va trabajar con nosotros, me duele mucho, es la hermana de mi secretario privado, una chica joven, que estaba cumpliendo con un trabajo muy importante y lo hizo durante la pandemia, entr\u00f3 durante mi gesti\u00f3n\u201d, dijo Roly Santacrocce en comunicaci\u00f3n con la\u00a0<em>radio LT8.<\/em><\/strong><\/p>\n\n\n\n<p>Fueron casi 1,5 millones de personas las que intentaron comprar sus tickets para celebrar la Copa con los campeones, este jueves, frente a las 83 mil localidades que tiene el estadio de River Plate.<\/p>\n\n\n\n<p>Pero a esa cifra<strong> hubo que restarle casi el 20%<\/strong> de las entradas que fueron cedidas de antemano por la AFA a empresas, dirigentes, figuras del espect\u00e1culo, influencers y familiares de los jugadores.<\/p>\n\n\n\n<p><img loading=\"lazy\" decoding=\"async\" alt=\"La Selecci\u00f3n se impuso 2-0 frente a Panam\u00e1 con goles de Thiago Almada y Leo Messi\" height=\"1627\" width=\"1920\" class=\"\" src=\"https:\/\/cloudfront-us-east-1.images.arcpublishing.com\/infobae\/DP36F5LYWZFS3M7MN4NLJTQR6M.jpg\" srcset=\"https:\/\/www.infobae.com\/new-resizer\/h0neHf1_oh0A5aTqAoES1cHFnKM=\/992x850\/filters:format(webp):quality(85)\/cloudfront-us-east-1.images.arcpublishing.com\/infobae\/DP36F5LYWZFS3M7MN4NLJTQR6M.jpg 992w\">La Selecci\u00f3n se impuso 2-0 frente a Panam\u00e1 con goles de Thiago Almada y Leo Messi<\/p>\n\n\n\n<p>El partido ante Panam\u00e1 le qued\u00f3 muy chico a los hinchas argentinos, que esperaban ansiosamente el momento del reencuentro con la Selecci\u00f3n.<\/p>\n\n\n\n<p>Adem\u00e1s, trascendi\u00f3 que&nbsp;<strong>la AFA recibi\u00f3 131.537 pedidos de acreditaciones period\u00edsticas.<\/strong>&nbsp;\u201cLa mayor demanda de la historia\u201d, dijo su presidente Claudio Tapia en su cuenta de Twitter. \u201cNos encantar\u00eda poder cumplir a todos, pero necesitar\u00edamos dos estadios de River, solo para periodistas. La locura por Argentina es total\u201d.<\/p>\n\n\n\n<p>Otra vez, como en el Mundial de Qatar,&nbsp;<strong>el pa\u00eds volvi\u00f3 a inundarse de camisetas celestes y blancas.<\/strong><\/p>\n","protected":false},"excerpt":{"rendered":"<p>El fanatismo y la euforia de los hinchas argentinos por la Selecci\u00f3n durante el el Mundial de Qatar hizo que se batieran todos los r\u00e9cords previstos: m\u00e1s de 50 mil espectadores solo en la final contra Francia, m\u00e1s de cinco millones de personas en las calles de Buenos Aires para recibir a los jugadores y<a class=\"read-more\" href=\"https:\/\/elfederalmendoza.com.ar\/index.php\/2023\/03\/25\/una-fanatica-de-la-seleccion-presento-un-certificado-medico-trucho-para-ir-a-la-cancha-salio-en-la-tv-y-la-echaron\/\"> [&hellip;]<\/a><\/p>\n","protected":false},"author":2,"featured_media":21454,"comment_status":"open","ping_status":"open","sticky":false,"template":"","format":"standard","meta":{"footnotes":""},"categories":[5618],"tags":[],"class_list":["post-21452","post","type-post","status-publish","format-standard","has-post-thumbnail","hentry","category-arg"],"rttpg_featured_image_url":{"full":["https:\/\/elfederalmendoza.com.ar\/wp-content\/uploads\/2023\/03\/la-rajaron1.jpg",1029,608,false],"landscape":["https:\/\/elfederalmendoza.com.ar\/wp-content\/uploads\/2023\/03\/la-rajaron1.jpg",1029,608,false],"portraits":["https:\/\/elfederalmendoza.com.ar\/wp-content\/uploads\/2023\/03\/la-rajaron1.jpg",1029,608,false],"thumbnail":["https:\/\/elfederalmendoza.com.ar\/wp-content\/uploads\/2023\/03\/la-rajaron1-150x150.jpg",150,150,true],"medium":["https:\/\/elfederalmendoza.com.ar\/wp-content\/uploads\/2023\/03\/la-rajaron1-300x177.jpg",300,177,true],"large":["https:\/\/elfederalmendoza.com.ar\/wp-content\/uploads\/2023\/03\/la-rajaron1-1024x605.jpg",640,378,true],"1536x1536":["https:\/\/elfederalmendoza.com.ar\/wp-content\/uploads\/2023\/03\/la-rajaron1.jpg",1029,608,false],"2048x2048":["https:\/\/elfederalmendoza.com.ar\/wp-content\/uploads\/2023\/03\/la-rajaron1.jpg",1029,608,false],"ultp_layout_landscape_large":["https:\/\/elfederalmendoza.com.ar\/wp-content\/uploads\/2023\/03\/la-rajaron1.jpg",1029,608,false],"ultp_layout_landscape":["https:\/\/elfederalmendoza.com.ar\/wp-content\/uploads\/2023\/03\/la-rajaron1-870x570.jpg",870,570,true],"ultp_layout_portrait":["https:\/\/elfederalmendoza.com.ar\/wp-content\/uploads\/2023\/03\/la-rajaron1-600x608.jpg",600,608,true],"ultp_layout_square":["https:\/\/elfederalmendoza.com.ar\/wp-content\/uploads\/2023\/03\/la-rajaron1-600x600.jpg",600,600,true],"rpwe-thumbnail":["https:\/\/elfederalmendoza.com.ar\/wp-content\/uploads\/2023\/03\/la-rajaron1-45x45.jpg",45,45,true],"advps-thumb-one":["https:\/\/elfederalmendoza.com.ar\/wp-content\/uploads\/2023\/03\/la-rajaron1-1029x420.jpg",1029,420,true]},"rttpg_author":{"display_name":"Redacci\u00f3n El Federal","author_link":"https:\/\/elfederalmendoza.com.ar\/index.php\/author\/angelflores\/"},"rttpg_comment":0,"rttpg_category":"<a href=\"https:\/\/elfederalmendoza.com.ar\/index.php\/category\/arg\/\" rel=\"category tag\">Argentina<\/a>","rttpg_excerpt":"El fanatismo y la euforia de los hinchas argentinos por la Selecci\u00f3n durante el el Mundial de Qatar hizo que se batieran todos los r\u00e9cords previstos: m\u00e1s de 50 mil espectadores solo en la final contra Francia, m\u00e1s de cinco millones de personas en las calles de Buenos Aires para recibir a los jugadores y&hellip;","_links":{"self":[{"href":"https:\/\/elfederalmendoza.com.ar\/index.php\/wp-json\/wp\/v2\/posts\/21452","targetHints":{"allow":["GET"]}}],"collection":[{"href":"https:\/\/elfederalmendoza.com.ar\/index.php\/wp-json\/wp\/v2\/posts"}],"about":[{"href":"https:\/\/elfederalmendoza.com.ar\/index.php\/wp-json\/wp\/v2\/types\/post"}],"author":[{"embeddable":true,"href":"https:\/\/elfederalmendoza.com.ar\/index.php\/wp-json\/wp\/v2\/users\/2"}],"replies":[{"embeddable":true,"href":"https:\/\/elfederalmendoza.com.ar\/index.php\/wp-json\/wp\/v2\/comments?post=21452"}],"version-history":[{"count":1,"href":"https:\/\/elfederalmendoza.com.ar\/index.php\/wp-json\/wp\/v2\/posts\/21452\/revisions"}],"predecessor-version":[{"id":21455,"href":"https:\/\/elfederalmendoza.com.ar\/index.php\/wp-json\/wp\/v2\/posts\/21452\/revisions\/21455"}],"wp:featuredmedia":[{"embeddable":true,"href":"https:\/\/elfederalmendoza.com.ar\/index.php\/wp-json\/wp\/v2\/media\/21454"}],"wp:attachment":[{"href":"https:\/\/elfederalmendoza.com.ar\/index.php\/wp-json\/wp\/v2\/media?parent=21452"}],"wp:term":[{"taxonomy":"category","embeddable":true,"href":"https:\/\/elfederalmendoza.com.ar\/index.php\/wp-json\/wp\/v2\/categories?post=21452"},{"taxonomy":"post_tag","embeddable":true,"href":"https:\/\/elfederalmendoza.com.ar\/index.php\/wp-json\/wp\/v2\/tags?post=21452"}],"curies":[{"name":"wp","href":"https:\/\/api.w.org\/{rel}","templated":true}]}}