{"id":21456,"date":"2023-03-25T11:27:34","date_gmt":"2023-03-25T14:27:34","guid":{"rendered":"https:\/\/elfederalmendoza.com\/?p=21456"},"modified":"2023-03-25T11:27:35","modified_gmt":"2023-03-25T14:27:35","slug":"anses-desmintio-que-cfk-tenga-pensiones-de-privilegio-pero-admitio-que-cobra-dos-asignaciones-que-solo-tienen-5-personas-en-el-pais","status":"publish","type":"post","link":"https:\/\/elfederalmendoza.com.ar\/index.php\/2023\/03\/25\/anses-desmintio-que-cfk-tenga-pensiones-de-privilegio-pero-admitio-que-cobra-dos-asignaciones-que-solo-tienen-5-personas-en-el-pais\/","title":{"rendered":"ANSeS desminti\u00f3 que CFK tenga pensiones de privilegio, pero admiti\u00f3 que cobra dos asignaciones que s\u00f3lo tienen 5 personas en el pa\u00eds"},"content":{"rendered":"\n<p>En un comunicado difundido hoy, el organismo que encabeza Fernanda Raverta afirm\u00f3 que esa noticia es \u201cfalsa\u201d y aclar\u00f3 que la Vicepresidenta \u00abno tiene ninguna doble pensi\u00f3n de privilegio\u201d.<\/p>\n\n\n\n<p>\u00ab<strong>En cuanto a la cifra publicada que afirma que ambas asignaciones sumar\u00edan m\u00e1s de 9 millones de pesos, no solo es falsa sino que adem\u00e1s es disparatada<\/strong>. De ser cierta, ser\u00eda adem\u00e1s inexplicable en t\u00e9rminos period\u00edsticos que solamente se hubiera mencionado el nombre de la Vicepresidenta para publicar la nota\u00bb, indica el comunicado.<\/p>\n\n\n\n<p>Y explica: \u201cEn su car\u00e1cter de ex presidenta constitucional durante dos mandatos (2007-2011 y 2011-2015) le corresponde por la Ley N\u00ba 24.018 el derecho a una asignaci\u00f3n vitalicia equivalente a la que cobran quienes han integrado como magistrados la Corte Suprema de Justicia de la Naci\u00f3n\u201d.<\/p>\n\n\n\n<p>En ese sentido, se remarc\u00f3 que&nbsp;<strong>\u201ccobran la misma asignaci\u00f3n en su car\u00e1cter de ex presidentes Adolfo Rodr\u00edguez Sa\u00e1, electo por Asamblea Legislativa del a\u00f1o 2001, y Mauricio Macri por el mandato ejercido durante el per\u00edodo del 2015 \u2013 2019<\/strong>\u201d.<\/p>\n\n\n\n<p>Asimismo, la Anses inform\u00f3 que&nbsp;<strong>Cristina Fern\u00e1ndez, \u201cen su car\u00e1cter de viuda del ex presidente N\u00e9stor Kirchner, cobra la asignaci\u00f3n correspondiente, al igual que las viudas de los ex presidentes Carlos Sa\u00fal Menem, Zulema Yoma, y Fernando de la R\u00faa, In\u00e9s Pertin\u00e9\u201d.<\/strong><\/p>\n\n\n\n<p>\u201cPor lo tanto, la percepci\u00f3n de dicha asignaci\u00f3n no constituye ning\u00fan privilegio de Cristina Fern\u00e1ndez de Kirchner\u201d, consider\u00f3 el organismo y sostuvo que \u201clos vicepresidentes constitucionales, es decir, electos por voluntad popular, tienen tambi\u00e9n una asignaci\u00f3n establecida por la misma Ley\u201d.<\/p>\n\n\n\n<p>En esa l\u00ednea, indicaron que -como ejemplo- los ex vicepresidentes Mar\u00eda Estela Mart\u00ednez de Per\u00f3n, Julio C\u00e9sar Cobos, Amado Boudou y Gabriela Michetti tambi\u00e9n \u201cperciben dicho beneficio\u201d.<\/p>\n\n\n\n<p>\u201cEn el caso de Mar\u00eda Estela de Per\u00f3n, percibe adem\u00e1s una pensi\u00f3n en su car\u00e1cter de viuda del Teniente General del Ej\u00e9rcito Argentino Juan Domingo Per\u00f3n. O sea, dos asignaciones, una caracter\u00edstica del sistema previsional argentino\u201d, aclar\u00f3. Por otra parte,&nbsp;<strong>en cuanto a la cifra publicada que afirma que ambas asignaciones sumar\u00edan m\u00e1s de 9 millones de pesos, \u201cno solo es falsa sino que adem\u00e1s es disparatada\u201d.<\/strong><\/p>\n\n\n\n<p>\u201cEst\u00e1 claro que lo publicado por Clar\u00edn no solamente es falso, sino que es decididamente sesgado y responde a la clara intencionalidad de seguir en la tarea permanente de difamaci\u00f3n y estigmatizaci\u00f3n de Cristina Fern\u00e1ndez de Kirchner\u201d, concluye el comunicado.<\/p>\n\n\n\n<p>Fuente: T\u00e9lam<\/p>\n","protected":false},"excerpt":{"rendered":"<p>En un comunicado difundido hoy, el organismo que encabeza Fernanda Raverta afirm\u00f3 que esa noticia es \u201cfalsa\u201d y aclar\u00f3 que la Vicepresidenta \u00abno tiene ninguna doble pensi\u00f3n de privilegio\u201d. \u00abEn cuanto a la cifra publicada que afirma que ambas asignaciones sumar\u00edan m\u00e1s de 9 millones de pesos, no solo es falsa sino que adem\u00e1s es<a class=\"read-more\" href=\"https:\/\/elfederalmendoza.com.ar\/index.php\/2023\/03\/25\/anses-desmintio-que-cfk-tenga-pensiones-de-privilegio-pero-admitio-que-cobra-dos-asignaciones-que-solo-tienen-5-personas-en-el-pais\/\"> [&hellip;]<\/a><\/p>\n","protected":false},"author":2,"featured_media":19330,"comment_status":"open","ping_status":"open","sticky":false,"template":"","format":"standard","meta":{"footnotes":""},"categories":[5618],"tags":[],"class_list":["post-21456","post","type-post","status-publish","format-standard","has-post-thumbnail","hentry","category-arg"],"rttpg_featured_image_url":{"full":["https:\/\/elfederalmendoza.com.ar\/wp-content\/uploads\/2022\/12\/cristina-enojada.jpg",1200,799,false],"landscape":["https:\/\/elfederalmendoza.com.ar\/wp-content\/uploads\/2022\/12\/cristina-enojada.jpg",1200,799,false],"portraits":["https:\/\/elfederalmendoza.com.ar\/wp-content\/uploads\/2022\/12\/cristina-enojada.jpg",1200,799,false],"thumbnail":["https:\/\/elfederalmendoza.com.ar\/wp-content\/uploads\/2022\/12\/cristina-enojada-150x150.jpg",150,150,true],"medium":["https:\/\/elfederalmendoza.com.ar\/wp-content\/uploads\/2022\/12\/cristina-enojada-300x200.jpg",300,200,true],"large":["https:\/\/elfederalmendoza.com.ar\/wp-content\/uploads\/2022\/12\/cristina-enojada-1024x682.jpg",640,426,true],"1536x1536":["https:\/\/elfederalmendoza.com.ar\/wp-content\/uploads\/2022\/12\/cristina-enojada.jpg",1200,799,false],"2048x2048":["https:\/\/elfederalmendoza.com.ar\/wp-content\/uploads\/2022\/12\/cristina-enojada.jpg",1200,799,false],"ultp_layout_landscape_large":["https:\/\/elfederalmendoza.com.ar\/wp-content\/uploads\/2022\/12\/cristina-enojada.jpg",1200,799,false],"ultp_layout_landscape":["https:\/\/elfederalmendoza.com.ar\/wp-content\/uploads\/2022\/12\/cristina-enojada-870x570.jpg",870,570,true],"ultp_layout_portrait":["https:\/\/elfederalmendoza.com.ar\/wp-content\/uploads\/2022\/12\/cristina-enojada-600x799.jpg",600,799,true],"ultp_layout_square":["https:\/\/elfederalmendoza.com.ar\/wp-content\/uploads\/2022\/12\/cristina-enojada-600x600.jpg",600,600,true],"rpwe-thumbnail":["https:\/\/elfederalmendoza.com.ar\/wp-content\/uploads\/2022\/12\/cristina-enojada-45x45.jpg",45,45,true],"advps-thumb-one":["https:\/\/elfederalmendoza.com.ar\/wp-content\/uploads\/2022\/12\/cristina-enojada-1200x420.jpg",1200,420,true]},"rttpg_author":{"display_name":"Redacci\u00f3n El Federal","author_link":"https:\/\/elfederalmendoza.com.ar\/index.php\/author\/angelflores\/"},"rttpg_comment":0,"rttpg_category":"<a href=\"https:\/\/elfederalmendoza.com.ar\/index.php\/category\/arg\/\" rel=\"category tag\">Argentina<\/a>","rttpg_excerpt":"En un comunicado difundido hoy, el organismo que encabeza Fernanda Raverta afirm\u00f3 que esa noticia es \u201cfalsa\u201d y aclar\u00f3 que la Vicepresidenta \u00abno tiene ninguna doble pensi\u00f3n de privilegio\u201d. \u00abEn cuanto a la cifra publicada que afirma que ambas asignaciones sumar\u00edan m\u00e1s de 9 millones de pesos, no solo es falsa sino que adem\u00e1s es&hellip;","_links":{"self":[{"href":"https:\/\/elfederalmendoza.com.ar\/index.php\/wp-json\/wp\/v2\/posts\/21456","targetHints":{"allow":["GET"]}}],"collection":[{"href":"https:\/\/elfederalmendoza.com.ar\/index.php\/wp-json\/wp\/v2\/posts"}],"about":[{"href":"https:\/\/elfederalmendoza.com.ar\/index.php\/wp-json\/wp\/v2\/types\/post"}],"author":[{"embeddable":true,"href":"https:\/\/elfederalmendoza.com.ar\/index.php\/wp-json\/wp\/v2\/users\/2"}],"replies":[{"embeddable":true,"href":"https:\/\/elfederalmendoza.com.ar\/index.php\/wp-json\/wp\/v2\/comments?post=21456"}],"version-history":[{"count":2,"href":"https:\/\/elfederalmendoza.com.ar\/index.php\/wp-json\/wp\/v2\/posts\/21456\/revisions"}],"predecessor-version":[{"id":21461,"href":"https:\/\/elfederalmendoza.com.ar\/index.php\/wp-json\/wp\/v2\/posts\/21456\/revisions\/21461"}],"wp:featuredmedia":[{"embeddable":true,"href":"https:\/\/elfederalmendoza.com.ar\/index.php\/wp-json\/wp\/v2\/media\/19330"}],"wp:attachment":[{"href":"https:\/\/elfederalmendoza.com.ar\/index.php\/wp-json\/wp\/v2\/media?parent=21456"}],"wp:term":[{"taxonomy":"category","embeddable":true,"href":"https:\/\/elfederalmendoza.com.ar\/index.php\/wp-json\/wp\/v2\/categories?post=21456"},{"taxonomy":"post_tag","embeddable":true,"href":"https:\/\/elfederalmendoza.com.ar\/index.php\/wp-json\/wp\/v2\/tags?post=21456"}],"curies":[{"name":"wp","href":"https:\/\/api.w.org\/{rel}","templated":true}]}}