{"id":21467,"date":"2023-03-25T01:54:00","date_gmt":"2023-03-25T04:54:00","guid":{"rendered":"https:\/\/elfederalmendoza.com\/?p=21467"},"modified":"2023-03-25T12:11:03","modified_gmt":"2023-03-25T15:11:03","slug":"se-hizo-oficial-la-ley-anti-dibu-martinez-en-los-penales-no-se-podran-usar-tacticas-de-distraccion","status":"publish","type":"post","link":"https:\/\/elfederalmendoza.com.ar\/index.php\/2023\/03\/25\/se-hizo-oficial-la-ley-anti-dibu-martinez-en-los-penales-no-se-podran-usar-tacticas-de-distraccion\/","title":{"rendered":"Se hizo oficial la ley \u201cAnti Dibu Mart\u00ednez\u201d en los penales: no se podr\u00e1n usar t\u00e1cticas de distracci\u00f3n"},"content":{"rendered":"\n<p>Tras la reuni\u00f3n anual celebrada el pasado 4 de marzo entre la International Football Association Board (IFAB) y la FIFA se anunciaron de manera oficial los principales cambios que surgieron del encuentro encabezado por Debbie Hewitt (presidenta de la Federaci\u00f3n Inglesa) y que cont\u00f3 con la presencia de Gianni Infantino, titular de la entidad que rige el f\u00fatbol a nivel mundial.<strong>\u00a0Los mismos ser\u00e1n para la temporada 2023\/24 y comenzar\u00e1n a regir desde el pr\u00f3ximo 1 de julio.<\/strong><\/p>\n\n\n\n<p>El\u00a0<em>trash talk\u00a0<\/em>y los m\u00e9todos psicol\u00f3gicos que emple\u00f3 Emiliano Mart\u00ednez tanto ante Pa\u00edses Bajos en las semifinales como versus Francia en la definici\u00f3n del Mundial de Qatar 2022 no pasaron desapercibidos y por eso se lanz\u00f3<strong>\u00a0una ley que r\u00e1pidamente fue definida en los medios del planeta como \u201cAnti Dibu Mart\u00ednez\u201d<\/strong>, la cual cambiar\u00e1 el accionar de los arqueros a la hora de un penal.<\/p>\n\n\n\n<p>La regla 14, que se refiere al procedimiento en un penal, sufri\u00f3 una variante significativa en su texto. \u201cEl guardameta deber\u00e1 permanecer sobre su propia l\u00ednea de meta, entre los dos postes de la porter\u00eda y frente al ejecutor del tiro hasta el golpeo del bal\u00f3n.&nbsp;<strong>El guardameta no se comportar\u00e1 de manera que distraiga de forma antirreglamentaria al ejecutor del tiro<\/strong>, p. ej. no retrasar\u00e1 la ejecuci\u00f3n del penal ni tocar\u00e1 los postes, el travesa\u00f1o o la red de la porter\u00eda\u201d, sostiene ahora la normativa.<\/p>\n\n\n\n<p><strong>\u201cSe aclara que, con su conducta, el guardameta no faltar\u00e1 el respeto al f\u00fatbol ni al adversario, p. ej. distrayendo de forma antirreglamentaria al ejecutor del tiro\u201d,<\/strong>\u00a0explicaron desde la IFAB a la hora de buscar esclarecer la nueva situaci\u00f3n.<\/p>\n\n\n\n<p>De esta manera, ahora un portero no podr\u00e1 tirarle el bal\u00f3n lejos al pateador antes de hacerse cargo de la pena m\u00e1xima, acercarse hablar o demorar la ejecuci\u00f3n al dialogar con el \u00e1rbitro principal o el rival. Tampoco podr\u00e1n tocar los postes, el travesa\u00f1o o la red del arco.<\/p>\n\n\n\n<p>Durante la Copa Am\u00e9rica 2021, donde el arquero argentino fue clave en una tanda de penales contra Colombia, se hizo viral su frase\u00a0<strong>\u201cMir\u00e1 que te como, hermano\u201d.<\/strong><\/p>\n\n\n\n<p><strong>El mes pasado, luego de que saliera a la luz el inminente cambio de regla, Mart\u00ednez manifest\u00f3:<\/strong>\u00a0\u201cSiempre dije que despu\u00e9s de la Copa Am\u00e9rica, no s\u00e9 si lo volver\u00eda a hacer. Yo ya ataj\u00e9 los penales que tuve que atajar. Y ahora me pas\u00f3 lo mismo, no s\u00e9 si voy a volver a atajar un penal de ac\u00e1 a 20 a\u00f1os, capaz que no, pero\u00a0los que tuve que atajar en la Copa Am\u00e9rica y en el Mundial los pude atajar y ayudar al equipo a ganar, con eso ya me alcanza\u201d.<\/p>\n\n\n\n<p>La International Football Association Board tambi\u00e9n anunci\u00f3 otras modificaciones, como el ingreso de personas no autorizadas al terreno de juego durante un gol, que la duraci\u00f3n de los festejos pasar\u00e1n a ser un factor extra a considerar a la hora de adicionar minutos de juegos, en el fuera de juego y una variante dentro del protocolo del VAR.<\/p>\n\n\n\n<h2 class=\"wp-block-heading\">El resto de las modificaciones para la temporada 2023\/24:<\/h2>\n\n\n\n<p><strong>Regla 3. Los jugadores<\/strong><\/p>\n\n\n\n<p>9. Gol marcado con una persona no autorizada en el terreno de juego<\/p>\n\n\n\n<p>Si despu\u00e9s de anotarse un gol y antes de reanudarse el juego, el \u00e1rbitro constatara que una persona no autorizada se hallaba en el terreno de juego en el momento de marcarse el gol, y esa persona interfer\u00eda en el juego:<\/p>\n\n\n\n<p>\u2022 el \u00e1rbitro deber\u00e1 anular el gol si la persona no autorizada era: \u00b7 un jugador, suplente, jugador sustituido, jugador expulsado o miembro del cuerpo t\u00e9cnico del equipo que marc\u00f3 el gol, y esa persona interfiri\u00f3 en el juego; se reanudar\u00e1 el juego con un tiro libre directo desde la posici\u00f3n de la persona no autorizada; \u00b7 un agente externo que interfiri\u00f3 en el juego, a menos que el gol se produzca de la manera indicada anteriormente en la secci\u00f3n \u00abpersonas no autorizadas en el terreno de juego\u00bb; se reanudar\u00e1 el juego con bal\u00f3n a tierra.<\/p>\n\n\n\n<p>\u2022 el \u00e1rbitro deber\u00e1 conceder el gol si la persona no autorizada era: \u00b7 un jugador, suplente, jugador sustituido, jugador expulsado o miembro del cuerpo t\u00e9cnico del equipo que recibi\u00f3 el gol; \u00b7 un agente externo que no interfiri\u00f3 en el juego.<\/p>\n\n\n\n<p><strong>Explicaci\u00f3n:<\/strong>&nbsp;Se aclara que el \u00e1rbitro tomar\u00e1 medidas contra una persona no autorizada que se halle en el terreno de juego cuando se marque un gol \u00fanicamente si dicha persona ha interferido en el juego; es decir, la Regla no exige que el \u00e1rbitro se\u00f1ale infracci\u00f3n por entrar en el campo si la intrusi\u00f3n no tiene consecuencias en la jugada.<\/p>\n\n\n\n<p><strong>Regla 7. La duraci\u00f3n del partido<\/strong><\/p>\n\n\n\n<p>3. Recuperaci\u00f3n del tiempo perdido<\/p>\n\n\n\n<p>El \u00e1rbitro podr\u00e1 prolongar cada periodo para recuperar el tiempo de juego perdido debido a [&#8230;]:<\/p>\n\n\n\n<p>\u2022 sustituciones;<\/p>\n\n\n\n<p>\u2022 (\u2026)<\/p>\n\n\n\n<p>\u2022 celebraciones de goles;<\/p>\n\n\n\n<p>\u2022 cualquier otro motivo, lo que incluye todo retraso significativo al reanudarse el juego (p. ej debido a una interferencia causada por un agente externo)<\/p>\n\n\n\n<p><strong>Explicaci\u00f3n:&nbsp;<\/strong>A partir de ahora, las celebraciones de goles se convertir\u00e1n en un punto independiente para dejar claro que suelen suponer una p\u00e9rdida de tiempo importante, por la que el \u00e1rbitro debe prolongar cada periodo de juego.<\/p>\n\n\n\n<p><strong>Regla 10. El resultado de un partido<\/strong><\/p>\n\n\n\n<p>3. Tanda de penales<\/p>\n\n\n\n<p>La tanda de penales se ejecutar\u00e1 una vez terminado el partido (\u2026); las advertencias y amonestaciones impuestas a jugadores y miembros del cuerpo t\u00e9cnico durante el encuentro no se tendr\u00e1n en consideraci\u00f3n en la tanda de penales.<\/p>\n\n\n\n<p><strong>Explicaci\u00f3n:<\/strong>&nbsp;Se aclara que las advertencias y amonestaciones impuestas a los miembros del cuerpo t\u00e9cnico y a los jugadores no se tienen en consideraci\u00f3n durante la tanda de penales.<\/p>\n\n\n\n<p><strong>Regla 11. El fuera de juego<\/strong><\/p>\n\n\n\n<p>2. Infracci\u00f3n por fuera de juego<\/p>\n\n\n\n<p>(\u2026) Se considerar\u00e1 que un jugador en posici\u00f3n de fuera de juego no ha sacado ventaja de dicha posici\u00f3n cuando reciba el bal\u00f3n de un adversario que juega voluntariamente* el bal\u00f3n, incluida la mano voluntaria, a menos que se trate de una \u00absalvada\u00bb por parte de un adversario. *Jugar \u00abvoluntariamente\u00bb el bal\u00f3n (excluida la mano voluntaria) implica que el jugador tiene la posibilidad de controlarlo y:<\/p>\n\n\n\n<p>\u2022 pasar a un compa\u00f1ero;<\/p>\n\n\n\n<p>\u2022 recuperar la posesi\u00f3n,<\/p>\n\n\n\n<p>\u2022 despejar, ya sea con el pie o de cabeza.<\/p>\n\n\n\n<p>El hecho de que el pase, el intento de recuperar la posesi\u00f3n o el despeje del jugador sea impreciso o no logre su objetivo no invalida la \u00abvoluntariedad\u00bb de la acci\u00f3n. Los siguientes criterios se deben emplear, como corresponda, como indicadores de que el jugador tiene la posibilidad de controlar el bal\u00f3n y, por consiguiente, la acci\u00f3n es \u00abvoluntaria\u00bb:<\/p>\n\n\n\n<p>\u2022 el bal\u00f3n llega desde lejos y el jugador lo ve claramente;<\/p>\n\n\n\n<p>\u2022 el bal\u00f3n no se mueve a gran velocidad;<\/p>\n\n\n\n<p>\u2022 se puede prever la trayectoria del bal\u00f3n;<\/p>\n\n\n\n<p>\u2022 el jugador tiene tiempo para coordinar sus movimientos, es decir, no realiza una acci\u00f3n como un salto, extensi\u00f3n de las extremidades o movimiento instintivo con el que consigue un ligero contacto o control;<\/p>\n\n\n\n<p>\u2022 es m\u00e1s f\u00e1cil jugar un bal\u00f3n que est\u00e1 sobre el terreno de juego que cuando est\u00e1 en el aire.<\/p>\n\n\n\n<p><strong>Explicaci\u00f3n:&nbsp;<\/strong>El texto adicional aclara los criterios que se seguir\u00e1n para distinguir entre \u00abjuego voluntario\u00bb y \u00abdesv\u00edos\u00bb, y parte de la asunci\u00f3n de que un jugador en claro fuera de juego no pasa a estar en posici\u00f3n reglamentaria autom\u00e1ticamente siempre que el rival se desplaza y toca el bal\u00f3n. Este enunciado se public\u00f3 la circular n.\u00ba 26 del IFAB (julio de 2022).<\/p>\n\n\n\n<p><strong>Regla 12. Faltas y conducta incorrecta<\/strong><\/p>\n\n\n\n<p>3. Medidas disciplinarias<\/p>\n\n\n\n<p>(\u2026) Amonestaciones por conducta antideportiva Existen diferentes acciones en las cuales se amonestar\u00e1 a un jugador por conducta antideportiva, entre ellas:<\/p>\n\n\n\n<p>\u2022 (\u2026)<\/p>\n\n\n\n<p>\u2022 tocar el bal\u00f3n con la mano para obstaculizar o impedir que progrese un ataque prometedor;<\/p>\n\n\n\n<p>\u2022 cometer cualquier otra infracci\u00f3n con la que se interfiere en un ataque prometedor o se acaba evitando, excepto cuando el \u00e1rbitro concede un tiro penal por una infracci\u00f3n con la que se pretende jugar o disputar el bal\u00f3n;<\/p>\n\n\n\n<p>\u2022 evitar una ocasi\u00f3n manifiesta de gol de un adversario mediante una infracci\u00f3n con la que se pretende jugar o disputar el bal\u00f3n y por la que el \u00e1rbitro se\u00f1ala tiro penal;<\/p>\n\n\n\n<p>(&#8230;)<\/p>\n\n\n\n<p>Evitar un gol o una ocasi\u00f3n manifiesta de gol Cuando un jugador cometa una infracci\u00f3n contra un adversario dentro de su propia \u00e1rea con la que se evite una ocasi\u00f3n manifiesta de gol del adversario y el \u00e1rbitro se\u00f1ale tiro penal, el infractor solamente ser\u00e1 amonestado si con la infracci\u00f3n se pretend\u00eda jugar o disputar el bal\u00f3n; en el resto de acciones (p. ej. agarrar, tirar, empujar, imposibilidad de jugar el bal\u00f3n, etc.), el infractor deber\u00e1 ser expulsado.<\/p>\n\n\n\n<p><strong>Explicaci\u00f3n:&nbsp;<\/strong>No est\u00e1 claro en todos los casos que con una acci\u00f3n se pretenda jugar o disputar el bal\u00f3n (o ambas cosas a la vez). El mismo principio se aplicar\u00e1 a una acci\u00f3n en la que se dispute el bal\u00f3n con la intenci\u00f3n de jugarlo. Si el \u00e1rbitro se\u00f1alara un tiro penal a ra\u00edz de una infracci\u00f3n con la que el jugador hubiese evitado una ocasi\u00f3n manifiesta de gol, solo expulsar\u00e1 al infractor si dicha infracci\u00f3n se cometi\u00f3 sin tener posibilidad de jugar el bal\u00f3n.<\/p>\n\n\n\n<p><strong>Miembros del cuerpo t\u00e9cnico<\/strong><\/p>\n\n\n\n<p>Cuando alguna persona ubicada en el \u00e1rea t\u00e9cnica (suplente, jugador sustituido o expulsado, o miembro del cuerpo t\u00e9cnico) cometa una infracci\u00f3n pero no se pueda identificar al infractor, se sancionar\u00e1 al primer entrenador presente en el \u00e1rea t\u00e9cnica.<\/p>\n\n\n\n<p><strong>Explicaci\u00f3n:&nbsp;<\/strong>Se aclara que solo se sancionar\u00e1 al primer entrenador por una infracci\u00f3n cometida por un infractor que no se pueda identificar ubicado en el \u00e1rea t\u00e9cnica o perteneciente a ella; es decir, esta medida no se aplicar\u00e1 en el caso de una infracci\u00f3n cometida por un jugador que no se pueda identificar.<\/p>\n\n\n\n<p><strong>Protocolo del VAR<\/strong><\/p>\n\n\n\n<p>3. Aspectos pr\u00e1cticos<\/p>\n\n\n\n<p>\u2022 el VAR ver\u00e1 el partido en la sala de v\u00eddeo con la ayuda de uno o varios asistentes (AVAR)<\/p>\n\n\n\n<p>\u2022 en funci\u00f3n del n\u00famero de c\u00e1maras y de otras consideraciones, podr\u00e1 haber m\u00e1s de un AVAR y uno o varios t\u00e9cnicos de repeticiones;<\/p>\n\n\n\n<p>\u2022 (\u2026)<\/p>\n\n\n\n<p><strong>Explicaci\u00f3n:&nbsp;<\/strong>El texto modificado aclara que, para emplear el sistema de VAR simplificado, no es necesario contar con un t\u00e9cnico de repeticiones.<\/p>\n","protected":false},"excerpt":{"rendered":"<p>Tras la reuni\u00f3n anual celebrada el pasado 4 de marzo entre la International Football Association Board (IFAB) y la FIFA se anunciaron de manera oficial los principales cambios que surgieron del encuentro encabezado por Debbie Hewitt (presidenta de la Federaci\u00f3n Inglesa) y que cont\u00f3 con la presencia de Gianni Infantino, titular de la entidad que<a class=\"read-more\" href=\"https:\/\/elfederalmendoza.com.ar\/index.php\/2023\/03\/25\/se-hizo-oficial-la-ley-anti-dibu-martinez-en-los-penales-no-se-podran-usar-tacticas-de-distraccion\/\"> [&hellip;]<\/a><\/p>\n","protected":false},"author":2,"featured_media":21468,"comment_status":"open","ping_status":"open","sticky":false,"template":"","format":"standard","meta":{"footnotes":""},"categories":[5620],"tags":[],"class_list":["post-21467","post","type-post","status-publish","format-standard","has-post-thumbnail","hentry","category-deportes"],"rttpg_featured_image_url":{"full":["https:\/\/elfederalmendoza.com.ar\/wp-content\/uploads\/2023\/03\/dibu-martinez.webp",790,527,false],"landscape":["https:\/\/elfederalmendoza.com.ar\/wp-content\/uploads\/2023\/03\/dibu-martinez.webp",790,527,false],"portraits":["https:\/\/elfederalmendoza.com.ar\/wp-content\/uploads\/2023\/03\/dibu-martinez.webp",790,527,false],"thumbnail":["https:\/\/elfederalmendoza.com.ar\/wp-content\/uploads\/2023\/03\/dibu-martinez-150x150.webp",150,150,true],"medium":["https:\/\/elfederalmendoza.com.ar\/wp-content\/uploads\/2023\/03\/dibu-martinez-300x200.webp",300,200,true],"large":["https:\/\/elfederalmendoza.com.ar\/wp-content\/uploads\/2023\/03\/dibu-martinez.webp",640,427,false],"1536x1536":["https:\/\/elfederalmendoza.com.ar\/wp-content\/uploads\/2023\/03\/dibu-martinez.webp",790,527,false],"2048x2048":["https:\/\/elfederalmendoza.com.ar\/wp-content\/uploads\/2023\/03\/dibu-martinez.webp",790,527,false],"ultp_layout_landscape_large":["https:\/\/elfederalmendoza.com.ar\/wp-content\/uploads\/2023\/03\/dibu-martinez.webp",790,527,false],"ultp_layout_landscape":["https:\/\/elfederalmendoza.com.ar\/wp-content\/uploads\/2023\/03\/dibu-martinez.webp",790,527,false],"ultp_layout_portrait":["https:\/\/elfederalmendoza.com.ar\/wp-content\/uploads\/2023\/03\/dibu-martinez-600x527.webp",600,527,true],"ultp_layout_square":["https:\/\/elfederalmendoza.com.ar\/wp-content\/uploads\/2023\/03\/dibu-martinez-600x527.webp",600,527,true],"rpwe-thumbnail":["https:\/\/elfederalmendoza.com.ar\/wp-content\/uploads\/2023\/03\/dibu-martinez-45x45.webp",45,45,true],"advps-thumb-one":["https:\/\/elfederalmendoza.com.ar\/wp-content\/uploads\/2023\/03\/dibu-martinez-790x420.webp",790,420,true]},"rttpg_author":{"display_name":"Redacci\u00f3n El Federal","author_link":"https:\/\/elfederalmendoza.com.ar\/index.php\/author\/angelflores\/"},"rttpg_comment":0,"rttpg_category":"<a href=\"https:\/\/elfederalmendoza.com.ar\/index.php\/category\/deportes\/\" rel=\"category tag\">Deportes<\/a>","rttpg_excerpt":"Tras la reuni\u00f3n anual celebrada el pasado 4 de marzo entre la International Football Association Board (IFAB) y la FIFA se anunciaron de manera oficial los principales cambios que surgieron del encuentro encabezado por Debbie Hewitt (presidenta de la Federaci\u00f3n Inglesa) y que cont\u00f3 con la presencia de Gianni Infantino, titular de la entidad que&hellip;","_links":{"self":[{"href":"https:\/\/elfederalmendoza.com.ar\/index.php\/wp-json\/wp\/v2\/posts\/21467","targetHints":{"allow":["GET"]}}],"collection":[{"href":"https:\/\/elfederalmendoza.com.ar\/index.php\/wp-json\/wp\/v2\/posts"}],"about":[{"href":"https:\/\/elfederalmendoza.com.ar\/index.php\/wp-json\/wp\/v2\/types\/post"}],"author":[{"embeddable":true,"href":"https:\/\/elfederalmendoza.com.ar\/index.php\/wp-json\/wp\/v2\/users\/2"}],"replies":[{"embeddable":true,"href":"https:\/\/elfederalmendoza.com.ar\/index.php\/wp-json\/wp\/v2\/comments?post=21467"}],"version-history":[{"count":1,"href":"https:\/\/elfederalmendoza.com.ar\/index.php\/wp-json\/wp\/v2\/posts\/21467\/revisions"}],"predecessor-version":[{"id":21469,"href":"https:\/\/elfederalmendoza.com.ar\/index.php\/wp-json\/wp\/v2\/posts\/21467\/revisions\/21469"}],"wp:featuredmedia":[{"embeddable":true,"href":"https:\/\/elfederalmendoza.com.ar\/index.php\/wp-json\/wp\/v2\/media\/21468"}],"wp:attachment":[{"href":"https:\/\/elfederalmendoza.com.ar\/index.php\/wp-json\/wp\/v2\/media?parent=21467"}],"wp:term":[{"taxonomy":"category","embeddable":true,"href":"https:\/\/elfederalmendoza.com.ar\/index.php\/wp-json\/wp\/v2\/categories?post=21467"},{"taxonomy":"post_tag","embeddable":true,"href":"https:\/\/elfederalmendoza.com.ar\/index.php\/wp-json\/wp\/v2\/tags?post=21467"}],"curies":[{"name":"wp","href":"https:\/\/api.w.org\/{rel}","templated":true}]}}