{"id":21470,"date":"2023-03-26T09:07:11","date_gmt":"2023-03-26T12:07:11","guid":{"rendered":"https:\/\/elfederalmendoza.com\/?p=21470"},"modified":"2023-03-26T09:07:13","modified_gmt":"2023-03-26T12:07:13","slug":"video-lucas-benvenuto-acuso-a-otro-conductor-de-telefe-por-acoso-es-uno-que-viaja-por-el-mundo","status":"publish","type":"post","link":"https:\/\/elfederalmendoza.com.ar\/index.php\/2023\/03\/26\/video-lucas-benvenuto-acuso-a-otro-conductor-de-telefe-por-acoso-es-uno-que-viaja-por-el-mundo\/","title":{"rendered":"-VIDEO- Lucas Benvenuto acus\u00f3 a otro conductor de Telefe por acoso: \u00abEs uno que viaja por el mundo\u00bb"},"content":{"rendered":"\n<p>La denuncia de\u00a0<strong>Lucas Benvenuto<\/strong>\u00a0contra el conductor de televisi\u00f3n\u00a0<strong>Jey Mamm\u00f3n<\/strong>\u00a0gener\u00f3 un esc\u00e1ndalo medi\u00e1tico sin precedentes. Ahora, en un video transmitido por redes sociales, el joven se\u00f1al\u00f3 a otro conductor de la misma se\u00f1al como presuntamente relacionado con situaciones de acoso.<\/p>\n\n\n\n<p>Durante la transmisi\u00f3n, Benvenuto narr\u00f3 el calvario que vivi\u00f3 junto a Jey Mamm\u00f3n cuando era adolescente, cuando el conductor de televisi\u00f3n ten\u00eda 32 a\u00f1os. Al mismo tiempo, expres\u00f3 su malestar por la postura del abogado Fernando Burlando, quien defendi\u00f3 al conductor de televisi\u00f3n.<\/p>\n\n\n\n<p>\u201c<strong>Hay muchos famosos m\u00e1s involucrados, no s\u00e9 si escucharon que hay otro conductor de Telefe, que sali\u00f3 otra persona a decir que tambi\u00e9n lo acosaba cuando era un ni\u00f1o<\/strong>. Todos sabemos qui\u00e9n es el otro conductor, \u00bfverdad?\u00a0<strong>Creo que viaja por el mundo<\/strong>, me parece. Nadie se anima a decirlo, as\u00ed pas\u00f3 conmigo\u201d, lanz\u00f3 Lucas durante la transmisi\u00f3n.<\/p>\n\n\n\n<figure class=\"wp-block-embed is-type-video is-provider-youtube wp-block-embed-youtube wp-embed-aspect-16-9 wp-has-aspect-ratio\"><div class=\"wp-block-embed__wrapper\">\n<iframe loading=\"lazy\" title=\"Lucas Benvenuto hizo una fuerte acusaci\u00f3n contra una figura de Telefe - Minuto Argentina\" width=\"640\" height=\"360\" src=\"https:\/\/www.youtube.com\/embed\/eNvCQBYcjW4?start=56&#038;feature=oembed\" frameborder=\"0\" allow=\"accelerometer; autoplay; clipboard-write; encrypted-media; gyroscope; picture-in-picture; web-share\" referrerpolicy=\"strict-origin-when-cross-origin\" allowfullscreen><\/iframe>\n<\/div><\/figure>\n\n\n\n<p>Finalmente,&nbsp;<strong>a trav\u00e9s de las redes sociales, se conocieron comentarios de Benvenuto de hace un tiempo atr\u00e1s, donde mencionaba al conductor de The Challenge Argentina<\/strong>. Un usuario de Twitter posteo los presuntos comentarios de Benvenuto y expuso el debate en las redes.<\/p>\n\n\n\n<figure class=\"wp-block-image is-resized\"><img loading=\"lazy\" decoding=\"async\" src=\"https:\/\/media.elancasti.com.ar\/p\/8aa7216069aa672d5629b3e4bd9feb20\/adjuntos\/325\/imagenes\/000\/271\/0000271246\/790x0\/smart\/imagepng.png\" alt=\"\" width=\"1014\" height=\"570\"\/><\/figure>\n\n\n\n<p>En tanto, Jey Mamm\u00f3n fue desvinculado temporalmente de Telefe hasta tanto esta situaci\u00f3n sea investigada.&nbsp;<strong>No se sabe si la se\u00f1al televisiva tomar\u00e1 alguna medida con respecto al otro conductor.<\/strong><\/p>\n","protected":false},"excerpt":{"rendered":"<p>La denuncia de\u00a0Lucas Benvenuto\u00a0contra el conductor de televisi\u00f3n\u00a0Jey Mamm\u00f3n\u00a0gener\u00f3 un esc\u00e1ndalo medi\u00e1tico sin precedentes. Ahora, en un video transmitido por redes sociales, el joven se\u00f1al\u00f3 a otro conductor de la misma se\u00f1al como presuntamente relacionado con situaciones de acoso. Durante la transmisi\u00f3n, Benvenuto narr\u00f3 el calvario que vivi\u00f3 junto a Jey Mamm\u00f3n cuando era adolescente,<a class=\"read-more\" href=\"https:\/\/elfederalmendoza.com.ar\/index.php\/2023\/03\/26\/video-lucas-benvenuto-acuso-a-otro-conductor-de-telefe-por-acoso-es-uno-que-viaja-por-el-mundo\/\"> [&hellip;]<\/a><\/p>\n","protected":false},"author":2,"featured_media":21471,"comment_status":"open","ping_status":"open","sticky":false,"template":"","format":"standard","meta":{"footnotes":""},"categories":[5618],"tags":[],"class_list":["post-21470","post","type-post","status-publish","format-standard","has-post-thumbnail","hentry","category-arg"],"rttpg_featured_image_url":{"full":["https:\/\/elfederalmendoza.com.ar\/wp-content\/uploads\/2023\/03\/benvenuto.jpg",916,569,false],"landscape":["https:\/\/elfederalmendoza.com.ar\/wp-content\/uploads\/2023\/03\/benvenuto.jpg",916,569,false],"portraits":["https:\/\/elfederalmendoza.com.ar\/wp-content\/uploads\/2023\/03\/benvenuto.jpg",916,569,false],"thumbnail":["https:\/\/elfederalmendoza.com.ar\/wp-content\/uploads\/2023\/03\/benvenuto-150x150.jpg",150,150,true],"medium":["https:\/\/elfederalmendoza.com.ar\/wp-content\/uploads\/2023\/03\/benvenuto-300x186.jpg",300,186,true],"large":["https:\/\/elfederalmendoza.com.ar\/wp-content\/uploads\/2023\/03\/benvenuto.jpg",640,398,false],"1536x1536":["https:\/\/elfederalmendoza.com.ar\/wp-content\/uploads\/2023\/03\/benvenuto.jpg",916,569,false],"2048x2048":["https:\/\/elfederalmendoza.com.ar\/wp-content\/uploads\/2023\/03\/benvenuto.jpg",916,569,false],"ultp_layout_landscape_large":["https:\/\/elfederalmendoza.com.ar\/wp-content\/uploads\/2023\/03\/benvenuto.jpg",916,569,false],"ultp_layout_landscape":["https:\/\/elfederalmendoza.com.ar\/wp-content\/uploads\/2023\/03\/benvenuto-870x569.jpg",870,569,true],"ultp_layout_portrait":["https:\/\/elfederalmendoza.com.ar\/wp-content\/uploads\/2023\/03\/benvenuto-600x569.jpg",600,569,true],"ultp_layout_square":["https:\/\/elfederalmendoza.com.ar\/wp-content\/uploads\/2023\/03\/benvenuto-600x569.jpg",600,569,true],"rpwe-thumbnail":["https:\/\/elfederalmendoza.com.ar\/wp-content\/uploads\/2023\/03\/benvenuto-45x45.jpg",45,45,true],"advps-thumb-one":["https:\/\/elfederalmendoza.com.ar\/wp-content\/uploads\/2023\/03\/benvenuto-916x420.jpg",916,420,true]},"rttpg_author":{"display_name":"Redacci\u00f3n El Federal","author_link":"https:\/\/elfederalmendoza.com.ar\/index.php\/author\/angelflores\/"},"rttpg_comment":0,"rttpg_category":"<a href=\"https:\/\/elfederalmendoza.com.ar\/index.php\/category\/arg\/\" rel=\"category tag\">Argentina<\/a>","rttpg_excerpt":"La denuncia de\u00a0Lucas Benvenuto\u00a0contra el conductor de televisi\u00f3n\u00a0Jey Mamm\u00f3n\u00a0gener\u00f3 un esc\u00e1ndalo medi\u00e1tico sin precedentes. Ahora, en un video transmitido por redes sociales, el joven se\u00f1al\u00f3 a otro conductor de la misma se\u00f1al como presuntamente relacionado con situaciones de acoso. Durante la transmisi\u00f3n, Benvenuto narr\u00f3 el calvario que vivi\u00f3 junto a Jey Mamm\u00f3n cuando era adolescente,&hellip;","_links":{"self":[{"href":"https:\/\/elfederalmendoza.com.ar\/index.php\/wp-json\/wp\/v2\/posts\/21470","targetHints":{"allow":["GET"]}}],"collection":[{"href":"https:\/\/elfederalmendoza.com.ar\/index.php\/wp-json\/wp\/v2\/posts"}],"about":[{"href":"https:\/\/elfederalmendoza.com.ar\/index.php\/wp-json\/wp\/v2\/types\/post"}],"author":[{"embeddable":true,"href":"https:\/\/elfederalmendoza.com.ar\/index.php\/wp-json\/wp\/v2\/users\/2"}],"replies":[{"embeddable":true,"href":"https:\/\/elfederalmendoza.com.ar\/index.php\/wp-json\/wp\/v2\/comments?post=21470"}],"version-history":[{"count":1,"href":"https:\/\/elfederalmendoza.com.ar\/index.php\/wp-json\/wp\/v2\/posts\/21470\/revisions"}],"predecessor-version":[{"id":21472,"href":"https:\/\/elfederalmendoza.com.ar\/index.php\/wp-json\/wp\/v2\/posts\/21470\/revisions\/21472"}],"wp:featuredmedia":[{"embeddable":true,"href":"https:\/\/elfederalmendoza.com.ar\/index.php\/wp-json\/wp\/v2\/media\/21471"}],"wp:attachment":[{"href":"https:\/\/elfederalmendoza.com.ar\/index.php\/wp-json\/wp\/v2\/media?parent=21470"}],"wp:term":[{"taxonomy":"category","embeddable":true,"href":"https:\/\/elfederalmendoza.com.ar\/index.php\/wp-json\/wp\/v2\/categories?post=21470"},{"taxonomy":"post_tag","embeddable":true,"href":"https:\/\/elfederalmendoza.com.ar\/index.php\/wp-json\/wp\/v2\/tags?post=21470"}],"curies":[{"name":"wp","href":"https:\/\/api.w.org\/{rel}","templated":true}]}}