{"id":21473,"date":"2023-03-26T12:43:51","date_gmt":"2023-03-26T15:43:51","guid":{"rendered":"https:\/\/elfederalmendoza.com\/?p=21473"},"modified":"2023-03-26T12:51:58","modified_gmt":"2023-03-26T15:51:58","slug":"video-mauricio-macri-anuncio-que-no-sera-candidato-en-las-proximas-elecciones-nunca-mas-vamos-a-tener-una-marioneta-que-nos-represente","status":"publish","type":"post","link":"https:\/\/elfederalmendoza.com.ar\/index.php\/2023\/03\/26\/video-mauricio-macri-anuncio-que-no-sera-candidato-en-las-proximas-elecciones-nunca-mas-vamos-a-tener-una-marioneta-que-nos-represente\/","title":{"rendered":"-VIDEO- Mauricio Macri anunci\u00f3 que no ser\u00e1 candidato en las pr\u00f3ximas elecciones: \u201cNunca m\u00e1s vamos a tener una marioneta que nos represente\u201d"},"content":{"rendered":"\n<p>El ex presidente&nbsp;<strong>Mauricio Macri<\/strong>&nbsp;afirm\u00f3 que no ser\u00e1 candidato en las pr\u00f3ximas elecciones nacionales. \u201cLo hago convencido de que&nbsp;<strong>hay que agrandar el espacio pol\u00edtico<\/strong>&nbsp;que iniciamos\u201d, afirm\u00f3 en un video publicado esta ma\u00f1ana en las redes sociales.<\/p>\n\n\n\n<p><strong>\u201cConf\u00edo en que van a elegir al que mejor nos represente\u201d,\u00a0<\/strong>dijo, tras lo cual advirti\u00f3: \u201cNunca m\u00e1s vamos a tener una marioneta que nos represente\u201d.<\/p>\n\n\n\n<blockquote class=\"instagram-media\" data-instgrm-captioned data-instgrm-permalink=\"https:\/\/www.instagram.com\/reel\/CqQMEAugo9G\/?utm_source=ig_embed&amp;utm_campaign=loading\" data-instgrm-version=\"14\" style=\" background:#FFF; border:0; border-radius:3px; box-shadow:0 0 1px 0 rgba(0,0,0,0.5),0 1px 10px 0 rgba(0,0,0,0.15); margin: 1px; max-width:540px; min-width:326px; padding:0; width:99.375%; width:-webkit-calc(100% - 2px); width:calc(100% - 2px);\"><div style=\"padding:16px;\"> <a href=\"https:\/\/www.instagram.com\/reel\/CqQMEAugo9G\/?utm_source=ig_embed&amp;utm_campaign=loading\" style=\" background:#FFFFFF; line-height:0; padding:0 0; text-align:center; text-decoration:none; width:100%;\" target=\"_blank\" rel=\"noopener\"> <div style=\" display: flex; flex-direction: row; align-items: center;\"> <div style=\"background-color: #F4F4F4; border-radius: 50%; flex-grow: 0; height: 40px; margin-right: 14px; width: 40px;\"><\/div> <div style=\"display: flex; flex-direction: column; flex-grow: 1; justify-content: center;\"> <div style=\" background-color: #F4F4F4; border-radius: 4px; flex-grow: 0; height: 14px; margin-bottom: 6px; width: 100px;\"><\/div> <div style=\" background-color: #F4F4F4; border-radius: 4px; flex-grow: 0; height: 14px; width: 60px;\"><\/div><\/div><\/div><div style=\"padding: 19% 0;\"><\/div> <div style=\"display:block; height:50px; margin:0 auto 12px; width:50px;\"><svg width=\"50px\" height=\"50px\" viewBox=\"0 0 60 60\" version=\"1.1\" xmlns=\"https:\/\/www.w3.org\/2000\/svg\" xmlns:xlink=\"https:\/\/www.w3.org\/1999\/xlink\"><g stroke=\"none\" stroke-width=\"1\" fill=\"none\" fill-rule=\"evenodd\"><g transform=\"translate(-511.000000, -20.000000)\" fill=\"#000000\"><g><path d=\"M556.869,30.41 C554.814,30.41 553.148,32.076 553.148,34.131 C553.148,36.186 554.814,37.852 556.869,37.852 C558.924,37.852 560.59,36.186 560.59,34.131 C560.59,32.076 558.924,30.41 556.869,30.41 M541,60.657 C535.114,60.657 530.342,55.887 530.342,50 C530.342,44.114 535.114,39.342 541,39.342 C546.887,39.342 551.658,44.114 551.658,50 C551.658,55.887 546.887,60.657 541,60.657 M541,33.886 C532.1,33.886 524.886,41.1 524.886,50 C524.886,58.899 532.1,66.113 541,66.113 C549.9,66.113 557.115,58.899 557.115,50 C557.115,41.1 549.9,33.886 541,33.886 M565.378,62.101 C565.244,65.022 564.756,66.606 564.346,67.663 C563.803,69.06 563.154,70.057 562.106,71.106 C561.058,72.155 560.06,72.803 558.662,73.347 C557.607,73.757 556.021,74.244 553.102,74.378 C549.944,74.521 548.997,74.552 541,74.552 C533.003,74.552 532.056,74.521 528.898,74.378 C525.979,74.244 524.393,73.757 523.338,73.347 C521.94,72.803 520.942,72.155 519.894,71.106 C518.846,70.057 518.197,69.06 517.654,67.663 C517.244,66.606 516.755,65.022 516.623,62.101 C516.479,58.943 516.448,57.996 516.448,50 C516.448,42.003 516.479,41.056 516.623,37.899 C516.755,34.978 517.244,33.391 517.654,32.338 C518.197,30.938 518.846,29.942 519.894,28.894 C520.942,27.846 521.94,27.196 523.338,26.654 C524.393,26.244 525.979,25.756 528.898,25.623 C532.057,25.479 533.004,25.448 541,25.448 C548.997,25.448 549.943,25.479 553.102,25.623 C556.021,25.756 557.607,26.244 558.662,26.654 C560.06,27.196 561.058,27.846 562.106,28.894 C563.154,29.942 563.803,30.938 564.346,32.338 C564.756,33.391 565.244,34.978 565.378,37.899 C565.522,41.056 565.552,42.003 565.552,50 C565.552,57.996 565.522,58.943 565.378,62.101 M570.82,37.631 C570.674,34.438 570.167,32.258 569.425,30.349 C568.659,28.377 567.633,26.702 565.965,25.035 C564.297,23.368 562.623,22.342 560.652,21.575 C558.743,20.834 556.562,20.326 553.369,20.18 C550.169,20.033 549.148,20 541,20 C532.853,20 531.831,20.033 528.631,20.18 C525.438,20.326 523.257,20.834 521.349,21.575 C519.376,22.342 517.703,23.368 516.035,25.035 C514.368,26.702 513.342,28.377 512.574,30.349 C511.834,32.258 511.326,34.438 511.181,37.631 C511.035,40.831 511,41.851 511,50 C511,58.147 511.035,59.17 511.181,62.369 C511.326,65.562 511.834,67.743 512.574,69.651 C513.342,71.625 514.368,73.296 516.035,74.965 C517.703,76.634 519.376,77.658 521.349,78.425 C523.257,79.167 525.438,79.673 528.631,79.82 C531.831,79.965 532.853,80.001 541,80.001 C549.148,80.001 550.169,79.965 553.369,79.82 C556.562,79.673 558.743,79.167 560.652,78.425 C562.623,77.658 564.297,76.634 565.965,74.965 C567.633,73.296 568.659,71.625 569.425,69.651 C570.167,67.743 570.674,65.562 570.82,62.369 C570.966,59.17 571,58.147 571,50 C571,41.851 570.966,40.831 570.82,37.631\"><\/path><\/g><\/g><\/g><\/svg><\/div><div style=\"padding-top: 8px;\"> <div style=\" color:#3897f0; font-family:Arial,sans-serif; font-size:14px; font-style:normal; font-weight:550; line-height:18px;\">Ver esta publicaci\u00f3n en Instagram<\/div><\/div><div style=\"padding: 12.5% 0;\"><\/div> <div style=\"display: flex; flex-direction: row; margin-bottom: 14px; align-items: center;\"><div> <div style=\"background-color: #F4F4F4; border-radius: 50%; height: 12.5px; width: 12.5px; transform: translateX(0px) translateY(7px);\"><\/div> <div style=\"background-color: #F4F4F4; height: 12.5px; transform: rotate(-45deg) translateX(3px) translateY(1px); width: 12.5px; flex-grow: 0; margin-right: 14px; margin-left: 2px;\"><\/div> <div style=\"background-color: #F4F4F4; border-radius: 50%; height: 12.5px; width: 12.5px; transform: translateX(9px) translateY(-18px);\"><\/div><\/div><div style=\"margin-left: 8px;\"> <div style=\" background-color: #F4F4F4; border-radius: 50%; flex-grow: 0; height: 20px; width: 20px;\"><\/div> <div style=\" width: 0; height: 0; border-top: 2px solid transparent; border-left: 6px solid #f4f4f4; border-bottom: 2px solid transparent; transform: translateX(16px) translateY(-4px) rotate(30deg)\"><\/div><\/div><div style=\"margin-left: auto;\"> <div style=\" width: 0px; border-top: 8px solid #F4F4F4; border-right: 8px solid transparent; transform: translateY(16px);\"><\/div> <div style=\" background-color: #F4F4F4; flex-grow: 0; height: 12px; width: 16px; transform: translateY(-4px);\"><\/div> <div style=\" width: 0; height: 0; border-top: 8px solid #F4F4F4; border-left: 8px solid transparent; transform: translateY(-4px) translateX(8px);\"><\/div><\/div><\/div> <div style=\"display: flex; flex-direction: column; flex-grow: 1; justify-content: center; margin-bottom: 24px;\"> <div style=\" background-color: #F4F4F4; border-radius: 4px; flex-grow: 0; height: 14px; margin-bottom: 6px; width: 224px;\"><\/div> <div style=\" background-color: #F4F4F4; border-radius: 4px; flex-grow: 0; height: 14px; width: 144px;\"><\/div><\/div><\/a><p style=\" color:#c9c8cd; font-family:Arial,sans-serif; font-size:14px; line-height:17px; margin-bottom:0; margin-top:8px; overflow:hidden; padding:8px 0 7px; text-align:center; text-overflow:ellipsis; white-space:nowrap;\"><a href=\"https:\/\/www.instagram.com\/reel\/CqQMEAugo9G\/?utm_source=ig_embed&amp;utm_campaign=loading\" style=\" color:#c9c8cd; font-family:Arial,sans-serif; font-size:14px; font-style:normal; font-weight:normal; line-height:17px; text-decoration:none;\" target=\"_blank\" rel=\"noopener\">Una publicaci\u00f3n compartida por Mauricio Macri (@mauriciomacri)<\/a><\/p><\/div><\/blockquote> <script async src=\"\/\/www.instagram.com\/embed.js\"><\/script>\n\n\n\n<p>La noticia sorprendi\u00f3 e impact\u00f3 en todo el mundo pol\u00edtico. Macri&nbsp;<strong>no adelant\u00f3&nbsp;<\/strong>su anuncio en la fiesta de casamiento de&nbsp;<strong>Mar\u00eda Eugenia Vidal,<\/strong>&nbsp;que se hizo anoche en San Antonio de Areco. Su decisi\u00f3n&nbsp;<strong>permitir\u00e1 ordenar la interna del PRO,<\/strong>&nbsp;trabada por la sensaci\u00f3n de que pod\u00eda postularse y competir en las PASO con Horacio Rodr\u00edguez Larreta y Patricia Bullrich. Vidal ya hab\u00eda anticipado que iba a desistir de su candidatura si el ex mandatario se lanzaba para volver a la Casa Rosada.<\/p>\n\n\n\n<p><img loading=\"lazy\" decoding=\"async\" alt=\"Mauricio Macri, en la presentaci\u00f3n de su libro en Rosario\" height=\"1080\" width=\"1920\" class=\"\" src=\"https:\/\/cloudfront-us-east-1.images.arcpublishing.com\/infobae\/K3MWUUKT4RCLVOTQE6F3NNK5VM.jpg\" srcset=\"https:\/\/www.infobae.com\/new-resizer\/PN1UF8bwlOPh2ns2SgBPkuo-vbU=\/420x236\/filters:format(webp):quality(85)\/cloudfront-us-east-1.images.arcpublishing.com\/infobae\/K3MWUUKT4RCLVOTQE6F3NNK5VM.jpg 420w,https:\/\/www.infobae.com\/new-resizer\/qrxPcSR3DHqDfxT-6RFQd8pTCRM=\/768x432\/filters:format(webp):quality(85)\/cloudfront-us-east-1.images.arcpublishing.com\/infobae\/K3MWUUKT4RCLVOTQE6F3NNK5VM.jpg 768w,https:\/\/www.infobae.com\/new-resizer\/SlE2HDMNnnBLImmYK_cJdfu6hAI=\/992x558\/filters:format(webp):quality(85)\/cloudfront-us-east-1.images.arcpublishing.com\/infobae\/K3MWUUKT4RCLVOTQE6F3NNK5VM.jpg 992w,https:\/\/www.infobae.com\/new-resizer\/puJDGZNq46-zPY5TDn4oWzXYbk4=\/1200x675\/filters:format(webp):quality(85)\/cloudfront-us-east-1.images.arcpublishing.com\/infobae\/K3MWUUKT4RCLVOTQE6F3NNK5VM.jpg 1200w,https:\/\/www.infobae.com\/new-resizer\/NfIAnNlj7_bDbimxjXC6BlAS8mc=\/1440x810\/filters:format(webp):quality(85)\/cloudfront-us-east-1.images.arcpublishing.com\/infobae\/K3MWUUKT4RCLVOTQE6F3NNK5VM.jpg 1440w\">Mauricio Macri, en la presentaci\u00f3n de su libro en Rosario<\/p>\n\n\n\n<p>En su mensaje, Macri insisti\u00f3 en sus cr\u00edticas contra el Gobierno al apuntar que \u201cestamos a la deriva, sin conducci\u00f3n, aislados del mundo, solos\u201d y destac\u00f3: \u201cTenemos que estar muy atentos porque en situaciones dif\u00edciles enseguida salimos a buscar una&nbsp;<strong>personalidad mesi\u00e1nica<\/strong>&nbsp;que nos d\u00e9 seguridad.&nbsp;<strong>Juntos por el Cambio ha logrado superar esa falsa ilusi\u00f3n del individuo salvador.<\/strong>&nbsp;Lo hemos hecho siempre manteniendo la unidad, a pesar de los momentos complejos que hemos transitado. Lo estamos demostrando con<strong>&nbsp;la gran cantidad de dirigentes nuevos, competitivos y diferentes<\/strong>&nbsp;que tenemos hoy. Estoy convencido de que ese es el&nbsp;<strong>equipo&nbsp;<\/strong>que la Argentina necesita para comenzar el nuevo ciclo\u201d.<\/p>\n\n\n\n<p>El ex presidente fue insistente en cuestionar \u201cel liderazgo paternalista\u201d que se instal\u00f3 en la Argentina \u201cdesde hace 80 a\u00f1os\u201d y asegur\u00f3:<strong>&nbsp;\u201cNunca cre\u00ed en ese modelo porque se fundamenta en el caudillismo,<\/strong>&nbsp;se fundamenta en el capitalismo de amigos y en una forma autoritaria de gobernar. Yo creo en los individuos, en ustedes, trabajando en conjunto\u201d.<\/p>\n\n\n\n<p>\u201cS\u00e9 que millones de personas tienen el deseo de que volvamos a trabajar juntos en la direcci\u00f3n que comenzamos all\u00e1 por 2015, una direcci\u00f3n que tristemente se interrumpi\u00f3 en 2019, pero&nbsp;<strong>\u00bfc\u00f3mo llegamos a estar as\u00ed?&nbsp;<\/strong>-se pregunt\u00f3 Macri-. Son muchas las razones, pero quiero plantear una que venimos repitiendo hace d\u00e9cadas.&nbsp;<strong>Hace casi 80 a\u00f1os una parte importante de la sociedad argentina elegi\u00f3 creer en l\u00edderes messi\u00e1nicos,&nbsp;<\/strong>personajes que supuestamente nos salvar\u00edan y nos llevar\u00edan a una vida mejor. Muchos argentinos de una fe depositaron sus esperanzas en ellos y les dieron la responsabilidad de producir los cambios que se necesitaban. Pero este tipo de liderazgo termin\u00f3 siendo&nbsp;<strong>muy danino<\/strong>&nbsp;para el pa\u00eds. Les dio un<strong>&nbsp;poder desproporcionado<\/strong>&nbsp;a personas tan falibles como cualquiera\u201d.<\/p>\n\n\n\n<p><img loading=\"lazy\" decoding=\"async\" alt=\"Mauricio Macri y su esposa, Juliana Awada, en la fiesta de casamiento de Mar\u00eda Eugenia Vidal que se hizo este s\u00e1bado\" height=\"1280\" width=\"1920\" class=\"\" src=\"https:\/\/cloudfront-us-east-1.images.arcpublishing.com\/infobae\/KGYK54WEDRFPHGTMSHCG6RO6B4.jpg\" srcset=\"https:\/\/www.infobae.com\/new-resizer\/EQB4WX1_pe2YGNYxcuNyzWgZcGY=\/420x280\/filters:format(webp):quality(85)\/cloudfront-us-east-1.images.arcpublishing.com\/infobae\/KGYK54WEDRFPHGTMSHCG6RO6B4.jpg 420w,https:\/\/www.infobae.com\/new-resizer\/buuA-pXXj29hiFEGjSAF8j0jGgs=\/768x512\/filters:format(webp):quality(85)\/cloudfront-us-east-1.images.arcpublishing.com\/infobae\/KGYK54WEDRFPHGTMSHCG6RO6B4.jpg 768w,https:\/\/www.infobae.com\/new-resizer\/2o4koeFk9YLbOySZh3y_2iFPmQU=\/992x661\/filters:format(webp):quality(85)\/cloudfront-us-east-1.images.arcpublishing.com\/infobae\/KGYK54WEDRFPHGTMSHCG6RO6B4.jpg 992w,https:\/\/www.infobae.com\/new-resizer\/6LYe9YHfIJMmJyti6MGhORocfgk=\/1200x800\/filters:format(webp):quality(85)\/cloudfront-us-east-1.images.arcpublishing.com\/infobae\/KGYK54WEDRFPHGTMSHCG6RO6B4.jpg 1200w,https:\/\/www.infobae.com\/new-resizer\/mKQdRmNf2sF9haD7MFBiH7lStmI=\/1440x960\/filters:format(webp):quality(85)\/cloudfront-us-east-1.images.arcpublishing.com\/infobae\/KGYK54WEDRFPHGTMSHCG6RO6B4.jpg 1440w\">Mauricio Macri y su esposa, Juliana Awada, en la fiesta de casamiento de Mar\u00eda Eugenia Vidal que se hizo este s\u00e1bado<\/p>\n\n\n\n<p>Tras elogiar el trabajo en equipo que demostr\u00f3 la Selecci\u00f3n Argentina en el Mundial de Qatar, Macri dijo que \u201ccada uno de los jugadores asumi\u00f3 por completo el desaf\u00edo; todos brillaron, todos sufrieron, todos lucharon al final, todos ganaron\u201d. Por eso resalt\u00f3:&nbsp;<strong>\u201cNo gan\u00f3 el l\u00edder, gan\u00f3 el equipo y as\u00ed ganamos todos los argentinos.&nbsp;<\/strong>Este \u00e9xito fue producto de una responsabilidad compartida y yo creo en esa forma de gobernar.&nbsp;<strong>As\u00ed gobernamos entre el 2015 y el 2019.&nbsp;<\/strong>No hubo personalismos, hubo un verdadero trabajo en equipo entre el gobierno y los ciudadanos\u201d.<\/p>\n\n\n\n<p>El ex presidente elogi\u00f3 a la dirigencia de JxC y consider\u00f3 que \u201cese es el equipo que la Argentina necesita para comenzar el nuevo ciclo\u201d. Enseguida, dijo las palabras que reacomodar\u00e1n el mapa pol\u00edtico del pa\u00eds: \u201cPor todo esto,&nbsp;<strong>quiero ratificar la decisi\u00f3n de que no ser\u00e9 candidato en la pr\u00f3xima elecci\u00f3n.<\/strong>&nbsp;Y lo digo convencido de que hay que&nbsp;<strong>agrandar&nbsp;<\/strong>el espacio pol\u00edtico del cambio que iniciamos y que tenemos que inspirar a los dem\u00e1s con nuestras acciones\u201d.<\/p>\n\n\n\n<p>\u201cPero voy a seguir defendiendo la libertad, la democracia y los valores que compartimos como siempre lo he hecho y lo har\u00e9 siempre al lado de ustedes -agreg\u00f3-, con la seguridad de que los argentinos hemos madurado y&nbsp;<strong>no nos vamos a dejar pisotear m\u00e1s por el populismo\u201d.<\/strong><\/p>\n\n\n\n<p><img loading=\"lazy\" decoding=\"async\" alt=\"Mauricio Macri y Horacio Rodr\u00edguez Larreta se reunieron 48 horas antes del renunciamiento del ex presidente\" height=\"1081\" width=\"1920\" class=\"\" src=\"https:\/\/cloudfront-us-east-1.images.arcpublishing.com\/infobae\/BTSU7BHK4BA63JFW3D73EPYMC4.jpg\" srcset=\"https:\/\/www.infobae.com\/new-resizer\/bbVk_ZCvWdXEEl2xRYyD0tElJ38=\/420x236\/filters:format(webp):quality(85)\/cloudfront-us-east-1.images.arcpublishing.com\/infobae\/BTSU7BHK4BA63JFW3D73EPYMC4.jpg 420w,https:\/\/www.infobae.com\/new-resizer\/rI6RnHfyGyBJ-y_4HIAB9S-wzSw=\/768x432\/filters:format(webp):quality(85)\/cloudfront-us-east-1.images.arcpublishing.com\/infobae\/BTSU7BHK4BA63JFW3D73EPYMC4.jpg 768w,https:\/\/www.infobae.com\/new-resizer\/foBKM8lPfnz67q_9won_Z9TeEvE=\/992x558\/filters:format(webp):quality(85)\/cloudfront-us-east-1.images.arcpublishing.com\/infobae\/BTSU7BHK4BA63JFW3D73EPYMC4.jpg 992w,https:\/\/www.infobae.com\/new-resizer\/lIEF3FwxPj6TAgJIt2H9zeoPLqA=\/1200x675\/filters:format(webp):quality(85)\/cloudfront-us-east-1.images.arcpublishing.com\/infobae\/BTSU7BHK4BA63JFW3D73EPYMC4.jpg 1200w,https:\/\/www.infobae.com\/new-resizer\/QBX4lqmN2YSockM90BX1rA6ngds=\/1440x810\/filters:format(webp):quality(85)\/cloudfront-us-east-1.images.arcpublishing.com\/infobae\/BTSU7BHK4BA63JFW3D73EPYMC4.jpg 1440w\">Mauricio Macri y Horacio Rodr\u00edguez Larreta se reunieron 48 horas antes del renunciamiento del ex presidente<\/p>\n\n\n\n<p>El fundador del PRO se\u00f1al\u00f3 a continuaci\u00f3n: \u201cConf\u00edo mucho en el&nbsp;<strong>aprendizaje<\/strong>&nbsp;de estos a\u00f1os. Conf\u00edo en que van a elegir a quien mejor nos represente y que esa persona va a contar con el apoyo de todos. Nunca m\u00e1s,&nbsp;<strong>nunca m\u00e1s vamos a tener una marioneta como presidente\u201d.<\/strong><\/p>\n\n\n\n<p>Para finalizar, Macri hizo una serie de<strong>&nbsp;agradecimientos:&nbsp;<\/strong>\u201cGracias por la madurez de avanzar en la elecci\u00f3n correcta, sabiendo que era un camino dif\u00edcil. Gracias por las veces que salieron espont\u00e1neamente a la calle para defender pac\u00edficamente lo que cre\u00edan. Gracias por la valent\u00eda y la determinaci\u00f3n que compartimos en esas inolvidables marchas de s\u00ed se puede. Gracias por el valor de expresar p\u00fablicamente su apoyo cuando era mucho m\u00e1s f\u00e1cil callarse que mostrarse. y gracias por el cari\u00f1o que me muestran en todo el pa\u00eds y por el respeto que tienen por mi familia\u201d.<\/p>\n\n\n\n<p>\u201cSepan que<strong>&nbsp;estuve, estoy y estar\u00e9 siempre para ustedes.&nbsp;<\/strong>Esta relaci\u00f3n de cari\u00f1o y respeto que que nos une es para toda la vida. Los quiero, los quiero, los quiero\u201d, fueron sus \u00faltimas palabras.<\/p>\n","protected":false},"excerpt":{"rendered":"<p>El ex presidente&nbsp;Mauricio Macri&nbsp;afirm\u00f3 que no ser\u00e1 candidato en las pr\u00f3ximas elecciones nacionales. \u201cLo hago convencido de que&nbsp;hay que agrandar el espacio pol\u00edtico&nbsp;que iniciamos\u201d, afirm\u00f3 en un video publicado esta ma\u00f1ana en las redes sociales. \u201cConf\u00edo en que van a elegir al que mejor nos represente\u201d,\u00a0dijo, tras lo cual advirti\u00f3: \u201cNunca m\u00e1s vamos a tener<a class=\"read-more\" href=\"https:\/\/elfederalmendoza.com.ar\/index.php\/2023\/03\/26\/video-mauricio-macri-anuncio-que-no-sera-candidato-en-las-proximas-elecciones-nunca-mas-vamos-a-tener-una-marioneta-que-nos-represente\/\"> [&hellip;]<\/a><\/p>\n","protected":false},"author":2,"featured_media":21474,"comment_status":"open","ping_status":"open","sticky":false,"template":"","format":"standard","meta":{"footnotes":""},"categories":[5618],"tags":[],"class_list":["post-21473","post","type-post","status-publish","format-standard","has-post-thumbnail","hentry","category-arg"],"rttpg_featured_image_url":{"full":["https:\/\/elfederalmendoza.com.ar\/wp-content\/uploads\/2023\/03\/macri-no-pres.jpg",1136,637,false],"landscape":["https:\/\/elfederalmendoza.com.ar\/wp-content\/uploads\/2023\/03\/macri-no-pres.jpg",1136,637,false],"portraits":["https:\/\/elfederalmendoza.com.ar\/wp-content\/uploads\/2023\/03\/macri-no-pres.jpg",1136,637,false],"thumbnail":["https:\/\/elfederalmendoza.com.ar\/wp-content\/uploads\/2023\/03\/macri-no-pres-150x150.jpg",150,150,true],"medium":["https:\/\/elfederalmendoza.com.ar\/wp-content\/uploads\/2023\/03\/macri-no-pres-300x168.jpg",300,168,true],"large":["https:\/\/elfederalmendoza.com.ar\/wp-content\/uploads\/2023\/03\/macri-no-pres-1024x574.jpg",640,359,true],"1536x1536":["https:\/\/elfederalmendoza.com.ar\/wp-content\/uploads\/2023\/03\/macri-no-pres.jpg",1136,637,false],"2048x2048":["https:\/\/elfederalmendoza.com.ar\/wp-content\/uploads\/2023\/03\/macri-no-pres.jpg",1136,637,false],"ultp_layout_landscape_large":["https:\/\/elfederalmendoza.com.ar\/wp-content\/uploads\/2023\/03\/macri-no-pres.jpg",1136,637,false],"ultp_layout_landscape":["https:\/\/elfederalmendoza.com.ar\/wp-content\/uploads\/2023\/03\/macri-no-pres-870x570.jpg",870,570,true],"ultp_layout_portrait":["https:\/\/elfederalmendoza.com.ar\/wp-content\/uploads\/2023\/03\/macri-no-pres-600x637.jpg",600,637,true],"ultp_layout_square":["https:\/\/elfederalmendoza.com.ar\/wp-content\/uploads\/2023\/03\/macri-no-pres-600x600.jpg",600,600,true],"rpwe-thumbnail":["https:\/\/elfederalmendoza.com.ar\/wp-content\/uploads\/2023\/03\/macri-no-pres-45x45.jpg",45,45,true],"advps-thumb-one":["https:\/\/elfederalmendoza.com.ar\/wp-content\/uploads\/2023\/03\/macri-no-pres-1136x420.jpg",1136,420,true]},"rttpg_author":{"display_name":"Redacci\u00f3n El Federal","author_link":"https:\/\/elfederalmendoza.com.ar\/index.php\/author\/angelflores\/"},"rttpg_comment":0,"rttpg_category":"<a href=\"https:\/\/elfederalmendoza.com.ar\/index.php\/category\/arg\/\" rel=\"category tag\">Argentina<\/a>","rttpg_excerpt":"El ex presidente&nbsp;Mauricio Macri&nbsp;afirm\u00f3 que no ser\u00e1 candidato en las pr\u00f3ximas elecciones nacionales. \u201cLo hago convencido de que&nbsp;hay que agrandar el espacio pol\u00edtico&nbsp;que iniciamos\u201d, afirm\u00f3 en un video publicado esta ma\u00f1ana en las redes sociales. \u201cConf\u00edo en que van a elegir al que mejor nos represente\u201d,\u00a0dijo, tras lo cual advirti\u00f3: \u201cNunca m\u00e1s vamos a tener&hellip;","_links":{"self":[{"href":"https:\/\/elfederalmendoza.com.ar\/index.php\/wp-json\/wp\/v2\/posts\/21473","targetHints":{"allow":["GET"]}}],"collection":[{"href":"https:\/\/elfederalmendoza.com.ar\/index.php\/wp-json\/wp\/v2\/posts"}],"about":[{"href":"https:\/\/elfederalmendoza.com.ar\/index.php\/wp-json\/wp\/v2\/types\/post"}],"author":[{"embeddable":true,"href":"https:\/\/elfederalmendoza.com.ar\/index.php\/wp-json\/wp\/v2\/users\/2"}],"replies":[{"embeddable":true,"href":"https:\/\/elfederalmendoza.com.ar\/index.php\/wp-json\/wp\/v2\/comments?post=21473"}],"version-history":[{"count":2,"href":"https:\/\/elfederalmendoza.com.ar\/index.php\/wp-json\/wp\/v2\/posts\/21473\/revisions"}],"predecessor-version":[{"id":21477,"href":"https:\/\/elfederalmendoza.com.ar\/index.php\/wp-json\/wp\/v2\/posts\/21473\/revisions\/21477"}],"wp:featuredmedia":[{"embeddable":true,"href":"https:\/\/elfederalmendoza.com.ar\/index.php\/wp-json\/wp\/v2\/media\/21474"}],"wp:attachment":[{"href":"https:\/\/elfederalmendoza.com.ar\/index.php\/wp-json\/wp\/v2\/media?parent=21473"}],"wp:term":[{"taxonomy":"category","embeddable":true,"href":"https:\/\/elfederalmendoza.com.ar\/index.php\/wp-json\/wp\/v2\/categories?post=21473"},{"taxonomy":"post_tag","embeddable":true,"href":"https:\/\/elfederalmendoza.com.ar\/index.php\/wp-json\/wp\/v2\/tags?post=21473"}],"curies":[{"name":"wp","href":"https:\/\/api.w.org\/{rel}","templated":true}]}}