{"id":21499,"date":"2023-03-27T01:05:00","date_gmt":"2023-03-27T04:05:00","guid":{"rendered":"https:\/\/elfederalmendoza.com\/?p=21499"},"modified":"2023-03-27T18:15:49","modified_gmt":"2023-03-27T21:15:49","slug":"van-a-juicio-dos-vecinos-de-rosario-por-matar-a-golpes-a-un-adolescente-que-habia-robado-un-bolso","status":"publish","type":"post","link":"https:\/\/elfederalmendoza.com.ar\/index.php\/2023\/03\/27\/van-a-juicio-dos-vecinos-de-rosario-por-matar-a-golpes-a-un-adolescente-que-habia-robado-un-bolso\/","title":{"rendered":"Van a juicio dos vecinos de Rosario por matar a golpes a un adolescente que hab\u00eda robado un bolso"},"content":{"rendered":"\n<p><strong>A 9 a\u00f1os del crimen y despu\u00e9s de cuatro postergaciones, en julio empezar\u00e1 el juicio a dos vecinos por el asesinato a golpes de un chico de 18 a\u00f1os<\/strong>&nbsp;al que acusaban de haberle robado un bolso a una joven en la ciudad de Rosario.<\/p>\n\n\n\n<p>La v\u00edctima se llamaba David Moreira y escapaba en moto junto con un c\u00f3mplice por una cortada del barrio Azcu\u00e9naga cuando una camioneta los impact\u00f3 por atr\u00e1s y ambos se cayeron del veh\u00edculo.&nbsp;<strong>El acompa\u00f1ante logr\u00f3 correr y escapar, pero David fue atrapado por un grupo de vecinos que hab\u00eda escuchado los gritos de la v\u00edctima del asalto.<\/strong><\/p>\n\n\n\n<p>De acuerdo a los testimonios y algunos registros f\u00edlmicos que aportaron los testigos, el ataque dur\u00f3 cerca de 15 minutos y Moreira fue retenido por decenas de personas que, despu\u00e9s de arrastrarlo varios metros por el asfalto, le pegaron patadas en el cuerpo y en la cabeza mientras estaba en el suelo.<\/p>\n\n\n\n<p>El hecho ocurri\u00f3 el 22 de marzo de 2014 y la ambulancia demor\u00f3 al menos una hora en llegar al lugar.\u00a0<strong>Moreira fue trasladado a un hospital con severos traumatismos de cr\u00e1neo y p\u00e9rdida de masa encef\u00e1lica y muri\u00f3 tres d\u00edas despu\u00e9s, en una cama de terapia intensiva.<\/strong><\/p>\n\n\n<div class=\"wp-block-image\">\n<figure class=\"aligncenter size-large\"><img loading=\"lazy\" decoding=\"async\" width=\"622\" height=\"1024\" src=\"https:\/\/elfederalmendoza.com\/wp-content\/uploads\/2023\/03\/WhatsApp-Image-2023-03-27-at-17.19.26-622x1024.jpeg\" alt=\"\" class=\"wp-image-21500\" srcset=\"https:\/\/elfederalmendoza.com.ar\/wp-content\/uploads\/2023\/03\/WhatsApp-Image-2023-03-27-at-17.19.26-622x1024.jpeg 622w, https:\/\/elfederalmendoza.com.ar\/wp-content\/uploads\/2023\/03\/WhatsApp-Image-2023-03-27-at-17.19.26-182x300.jpeg 182w, https:\/\/elfederalmendoza.com.ar\/wp-content\/uploads\/2023\/03\/WhatsApp-Image-2023-03-27-at-17.19.26.jpeg 767w\" sizes=\"auto, (max-width: 622px) 100vw, 622px\" \/><\/figure><\/div>\n\n\n<p>Tras la muerte del joven, solo tres de los vecinos que participaron del linchamiento pudieron ser identificados por la Justicia. Uno de ellos fue condenado en 2019 en un procedimiento abreviado y los otros dos, despu\u00e9s de que el debate se postergara cuatro veces, ir\u00e1n finalmente a juicio oral en julio de este a\u00f1o.<\/p>\n\n\n\n<p>Y complet\u00f3:&nbsp;<strong>\u201cNo fue justo lo que hicieron; mi hijo no era un perro, era una persona que cometi\u00f3 un error y que condenaron y mataron de la misma manera que nos condenaron a nosotros. Lo \u00fanico que espero es que la Justicia castigue a los culpables, porque hasta ahora caminan por la calle como cualquiera de nosotros\u201d.<br><\/strong><br><strong>La investigaci\u00f3n<\/strong><\/p>\n\n\n\n<p>En septiembre de 2019, la fiscal\u00eda y la defensa de uno de los tres vecinos involucrados en el hecho acordaron en un juicio abreviado la pena condicional de tres a\u00f1os, por lo que el hombre sigui\u00f3 libre pese a reconocer que hab\u00eda participado del linchamiento.<\/p>\n\n\n\n<p>En tanto, los otros dos acusados siguen en libertad a la espera del inicio del juicio oral, previsto para el pr\u00f3ximo 10 de julio.<\/p>\n\n\n\n<p>Por \u00faltimo, el c\u00f3mplice de David, identificado como Isa\u00edas Ducca, fue entregado a la Fiscal\u00eda por su padre d\u00edas despu\u00e9s del hecho. Un a\u00f1o m\u00e1s tarde el joven qued\u00f3 preso por otro robo, le unificaron ese hecho y dos m\u00e1s junto al asalto cometido con David y lo condenaron a cinco a\u00f1os de prisi\u00f3n efectiva.&nbsp;<\/p>\n","protected":false},"excerpt":{"rendered":"<p>A 9 a\u00f1os del crimen y despu\u00e9s de cuatro postergaciones, en julio empezar\u00e1 el juicio a dos vecinos por el asesinato a golpes de un chico de 18 a\u00f1os&nbsp;al que acusaban de haberle robado un bolso a una joven en la ciudad de Rosario. La v\u00edctima se llamaba David Moreira y escapaba en moto junto<a class=\"read-more\" href=\"https:\/\/elfederalmendoza.com.ar\/index.php\/2023\/03\/27\/van-a-juicio-dos-vecinos-de-rosario-por-matar-a-golpes-a-un-adolescente-que-habia-robado-un-bolso\/\"> [&hellip;]<\/a><\/p>\n","protected":false},"author":2,"featured_media":21501,"comment_status":"open","ping_status":"open","sticky":false,"template":"","format":"standard","meta":{"footnotes":""},"categories":[5618],"tags":[],"class_list":["post-21499","post","type-post","status-publish","format-standard","has-post-thumbnail","hentry","category-arg"],"rttpg_featured_image_url":{"full":["https:\/\/elfederalmendoza.com.ar\/wp-content\/uploads\/2023\/03\/WhatsApp-Image-2023-03-27-at-18.15.11.jpeg",1440,807,false],"landscape":["https:\/\/elfederalmendoza.com.ar\/wp-content\/uploads\/2023\/03\/WhatsApp-Image-2023-03-27-at-18.15.11.jpeg",1440,807,false],"portraits":["https:\/\/elfederalmendoza.com.ar\/wp-content\/uploads\/2023\/03\/WhatsApp-Image-2023-03-27-at-18.15.11.jpeg",1440,807,false],"thumbnail":["https:\/\/elfederalmendoza.com.ar\/wp-content\/uploads\/2023\/03\/WhatsApp-Image-2023-03-27-at-18.15.11-150x150.jpeg",150,150,true],"medium":["https:\/\/elfederalmendoza.com.ar\/wp-content\/uploads\/2023\/03\/WhatsApp-Image-2023-03-27-at-18.15.11-300x168.jpeg",300,168,true],"large":["https:\/\/elfederalmendoza.com.ar\/wp-content\/uploads\/2023\/03\/WhatsApp-Image-2023-03-27-at-18.15.11-1024x574.jpeg",640,359,true],"1536x1536":["https:\/\/elfederalmendoza.com.ar\/wp-content\/uploads\/2023\/03\/WhatsApp-Image-2023-03-27-at-18.15.11.jpeg",1440,807,false],"2048x2048":["https:\/\/elfederalmendoza.com.ar\/wp-content\/uploads\/2023\/03\/WhatsApp-Image-2023-03-27-at-18.15.11.jpeg",1440,807,false],"ultp_layout_landscape_large":["https:\/\/elfederalmendoza.com.ar\/wp-content\/uploads\/2023\/03\/WhatsApp-Image-2023-03-27-at-18.15.11-1200x800.jpeg",1200,800,true],"ultp_layout_landscape":["https:\/\/elfederalmendoza.com.ar\/wp-content\/uploads\/2023\/03\/WhatsApp-Image-2023-03-27-at-18.15.11-870x570.jpeg",870,570,true],"ultp_layout_portrait":["https:\/\/elfederalmendoza.com.ar\/wp-content\/uploads\/2023\/03\/WhatsApp-Image-2023-03-27-at-18.15.11-600x807.jpeg",600,807,true],"ultp_layout_square":["https:\/\/elfederalmendoza.com.ar\/wp-content\/uploads\/2023\/03\/WhatsApp-Image-2023-03-27-at-18.15.11-600x600.jpeg",600,600,true],"rpwe-thumbnail":["https:\/\/elfederalmendoza.com.ar\/wp-content\/uploads\/2023\/03\/WhatsApp-Image-2023-03-27-at-18.15.11-45x45.jpeg",45,45,true],"advps-thumb-one":["https:\/\/elfederalmendoza.com.ar\/wp-content\/uploads\/2023\/03\/WhatsApp-Image-2023-03-27-at-18.15.11-1200x420.jpeg",1200,420,true]},"rttpg_author":{"display_name":"Redacci\u00f3n El Federal","author_link":"https:\/\/elfederalmendoza.com.ar\/index.php\/author\/angelflores\/"},"rttpg_comment":0,"rttpg_category":"<a href=\"https:\/\/elfederalmendoza.com.ar\/index.php\/category\/arg\/\" rel=\"category tag\">Argentina<\/a>","rttpg_excerpt":"A 9 a\u00f1os del crimen y despu\u00e9s de cuatro postergaciones, en julio empezar\u00e1 el juicio a dos vecinos por el asesinato a golpes de un chico de 18 a\u00f1os&nbsp;al que acusaban de haberle robado un bolso a una joven en la ciudad de Rosario. La v\u00edctima se llamaba David Moreira y escapaba en moto junto&hellip;","_links":{"self":[{"href":"https:\/\/elfederalmendoza.com.ar\/index.php\/wp-json\/wp\/v2\/posts\/21499","targetHints":{"allow":["GET"]}}],"collection":[{"href":"https:\/\/elfederalmendoza.com.ar\/index.php\/wp-json\/wp\/v2\/posts"}],"about":[{"href":"https:\/\/elfederalmendoza.com.ar\/index.php\/wp-json\/wp\/v2\/types\/post"}],"author":[{"embeddable":true,"href":"https:\/\/elfederalmendoza.com.ar\/index.php\/wp-json\/wp\/v2\/users\/2"}],"replies":[{"embeddable":true,"href":"https:\/\/elfederalmendoza.com.ar\/index.php\/wp-json\/wp\/v2\/comments?post=21499"}],"version-history":[{"count":1,"href":"https:\/\/elfederalmendoza.com.ar\/index.php\/wp-json\/wp\/v2\/posts\/21499\/revisions"}],"predecessor-version":[{"id":21502,"href":"https:\/\/elfederalmendoza.com.ar\/index.php\/wp-json\/wp\/v2\/posts\/21499\/revisions\/21502"}],"wp:featuredmedia":[{"embeddable":true,"href":"https:\/\/elfederalmendoza.com.ar\/index.php\/wp-json\/wp\/v2\/media\/21501"}],"wp:attachment":[{"href":"https:\/\/elfederalmendoza.com.ar\/index.php\/wp-json\/wp\/v2\/media?parent=21499"}],"wp:term":[{"taxonomy":"category","embeddable":true,"href":"https:\/\/elfederalmendoza.com.ar\/index.php\/wp-json\/wp\/v2\/categories?post=21499"},{"taxonomy":"post_tag","embeddable":true,"href":"https:\/\/elfederalmendoza.com.ar\/index.php\/wp-json\/wp\/v2\/tags?post=21499"}],"curies":[{"name":"wp","href":"https:\/\/api.w.org\/{rel}","templated":true}]}}