{"id":215,"date":"2019-11-04T08:56:45","date_gmt":"2019-11-04T11:56:45","guid":{"rendered":"https:\/\/elfederalmendoza.com\/?p=215"},"modified":"2019-11-04T08:56:45","modified_gmt":"2019-11-04T11:56:45","slug":"mendoza-como-registrar-la-tarjeta-sube-a-partir-de-este-lunes","status":"publish","type":"post","link":"https:\/\/elfederalmendoza.com.ar\/index.php\/2019\/11\/04\/mendoza-como-registrar-la-tarjeta-sube-a-partir-de-este-lunes\/","title":{"rendered":"-MENDOZA- C\u00f3mo registrar la tarjeta SUBE a partir de este lunes"},"content":{"rendered":"<p>Desde este lunes comienza la etapa de registro del Sistema \u00danico de Boleto Electr\u00f3nico (SUBE), que les permitir\u00e1 a los usuarios crear su cuenta para obtener beneficios, recuperar saldo en caso de p\u00e9rdida de la tarjeta, ver movimientos y recibir informaci\u00f3n \u00fatil de transporte p\u00fablico.<\/p>\n<p><strong>Como primer paso, este mismo lunes los interesados deber\u00e1n obtener su turno a trav\u00e9s de mendoTRAN.com.ar o bien llamando al 148, opci\u00f3n 7.\u00a0<\/strong><\/p>\n<p><iframe loading=\"lazy\" title=\"Paso a paso: c\u00f3mo es el proceso de registro del Sistema \u00danico de Boleto Electr\u00f3nico (SUBE)\" width=\"640\" height=\"480\" src=\"https:\/\/www.youtube.com\/embed\/L3Q8M9pfPqA?start=1&#038;feature=oembed\" frameborder=\"0\" allow=\"accelerometer; autoplay; clipboard-write; encrypted-media; gyroscope; picture-in-picture; web-share\" referrerpolicy=\"strict-origin-when-cross-origin\" allowfullscreen><\/iframe><\/p>\n<p>Luego le ser\u00e1 asignado al usuario el tr\u00e1mite en alguna de las unidades de gesti\u00f3n que estar\u00e1n funcionando en el Gran Mendoza:<\/p>\n<p id=\"m122-121-123\" class=\"paragraph \">-Terminal Mendoza, planta baja y primer piso, ala Oeste.<\/p>\n<p id=\"m127-126-128\" class=\"paragraph \">-Casa de Gobierno.<\/p>\n<p id=\"m132-131-133\" class=\"paragraph \">-Ente Mendoza Turismo: San Mart\u00edn 1143 casi Garibaldi de Ciudad.<\/p>\n<p id=\"m137-136-138\" class=\"paragraph \">-Centro de Atenci\u00f3n de Per\u00fa y Rivadavia, Ciudad.<\/p>\n<p id=\"m142-141-143\" class=\"paragraph \">Cabe aclarar que\u00a0<em>en\u00a0 esta primera etapa solo se podr\u00e1n registrar aquellas personas que no tengan ning\u00fan tipo de gratuidad y las que utilicen el Abono Personal.<\/em><\/p>\n<p id=\"m147-146-148\" class=\"paragraph \"><strong>\u00bfPara qu\u00e9 sirve tener una cuenta?<\/strong><\/p>\n<p id=\"m152-151-153\" class=\"paragraph \">Al registrar tu tarjeta, pod\u00e9s cuidar tu saldo y acceder a la informaci\u00f3n de tus viajes, est\u00e9s donde est\u00e9s:<\/p>\n<p id=\"m157-156-158\" class=\"paragraph \"><em>Recuper\u00e1s el saldo en caso de perder o romper la tarjeta.<\/em><\/p>\n<p id=\"m162-161-163\" class=\"paragraph \"><em>Ves tus viajes y descuentos obtenidos.<\/em><\/p>\n<p id=\"m167-166-168\" class=\"paragraph \"><em>Acced\u00e9s a la Tarifa Social, en caso de que est\u00e9s dentro de los grupos beneficiarios.<\/em><\/p>\n<p id=\"m172-171-173\" class=\"paragraph \"><em>Realiz\u00e1s gestiones por nuestro sitio web, solo con tu clave SUBE.<\/em><\/p>\n<p id=\"m177-176-178\" class=\"paragraph \"><em>Recib\u00eds informaci\u00f3n de transporte p\u00fablico.<\/em><\/p>\n","protected":false},"excerpt":{"rendered":"<p>Desde este lunes comienza la etapa de registro del Sistema \u00danico de Boleto Electr\u00f3nico (SUBE), que les permitir\u00e1 a los usuarios crear su cuenta para obtener beneficios, recuperar saldo en caso de p\u00e9rdida de la tarjeta, ver movimientos y recibir informaci\u00f3n \u00fatil de transporte p\u00fablico. Como primer paso, este mismo lunes los interesados deber\u00e1n obtener<a class=\"read-more\" href=\"https:\/\/elfederalmendoza.com.ar\/index.php\/2019\/11\/04\/mendoza-como-registrar-la-tarjeta-sube-a-partir-de-este-lunes\/\"> [&hellip;]<\/a><\/p>\n","protected":false},"author":2,"featured_media":216,"comment_status":"open","ping_status":"open","sticky":false,"template":"","format":"image","meta":{"footnotes":""},"categories":[1],"tags":[11,92],"class_list":["post-215","post","type-post","status-publish","format-image","has-post-thumbnail","hentry","category-mza","tag-mendoza","tag-tarjeta-sube","post_format-post-format-image"],"rttpg_featured_image_url":{"full":["https:\/\/elfederalmendoza.com.ar\/wp-content\/uploads\/2019\/11\/5dbf57dc82e65.jpeg",800,450,false],"landscape":["https:\/\/elfederalmendoza.com.ar\/wp-content\/uploads\/2019\/11\/5dbf57dc82e65.jpeg",800,450,false],"portraits":["https:\/\/elfederalmendoza.com.ar\/wp-content\/uploads\/2019\/11\/5dbf57dc82e65.jpeg",800,450,false],"thumbnail":["https:\/\/elfederalmendoza.com.ar\/wp-content\/uploads\/2019\/11\/5dbf57dc82e65-150x150.jpeg",150,150,true],"medium":["https:\/\/elfederalmendoza.com.ar\/wp-content\/uploads\/2019\/11\/5dbf57dc82e65-300x169.jpeg",300,169,true],"large":["https:\/\/elfederalmendoza.com.ar\/wp-content\/uploads\/2019\/11\/5dbf57dc82e65.jpeg",640,360,false],"1536x1536":["https:\/\/elfederalmendoza.com.ar\/wp-content\/uploads\/2019\/11\/5dbf57dc82e65.jpeg",800,450,false],"2048x2048":["https:\/\/elfederalmendoza.com.ar\/wp-content\/uploads\/2019\/11\/5dbf57dc82e65.jpeg",800,450,false],"ultp_layout_landscape_large":["https:\/\/elfederalmendoza.com.ar\/wp-content\/uploads\/2019\/11\/5dbf57dc82e65.jpeg",800,450,false],"ultp_layout_landscape":["https:\/\/elfederalmendoza.com.ar\/wp-content\/uploads\/2019\/11\/5dbf57dc82e65.jpeg",800,450,false],"ultp_layout_portrait":["https:\/\/elfederalmendoza.com.ar\/wp-content\/uploads\/2019\/11\/5dbf57dc82e65.jpeg",600,338,false],"ultp_layout_square":["https:\/\/elfederalmendoza.com.ar\/wp-content\/uploads\/2019\/11\/5dbf57dc82e65.jpeg",600,338,false],"rpwe-thumbnail":["https:\/\/elfederalmendoza.com.ar\/wp-content\/uploads\/2019\/11\/5dbf57dc82e65-45x45.jpeg",45,45,true],"advps-thumb-one":["https:\/\/elfederalmendoza.com.ar\/wp-content\/uploads\/2019\/11\/5dbf57dc82e65-600x220.jpeg",600,220,true]},"rttpg_author":{"display_name":"Redacci\u00f3n El Federal","author_link":"https:\/\/elfederalmendoza.com.ar\/index.php\/author\/angelflores\/"},"rttpg_comment":0,"rttpg_category":"<a href=\"https:\/\/elfederalmendoza.com.ar\/index.php\/category\/mza\/\" rel=\"category tag\">Mendoza<\/a>","rttpg_excerpt":"Desde este lunes comienza la etapa de registro del Sistema \u00danico de Boleto Electr\u00f3nico (SUBE), que les permitir\u00e1 a los usuarios crear su cuenta para obtener beneficios, recuperar saldo en caso de p\u00e9rdida de la tarjeta, ver movimientos y recibir informaci\u00f3n \u00fatil de transporte p\u00fablico. Como primer paso, este mismo lunes los interesados deber\u00e1n obtener&hellip;","_links":{"self":[{"href":"https:\/\/elfederalmendoza.com.ar\/index.php\/wp-json\/wp\/v2\/posts\/215","targetHints":{"allow":["GET"]}}],"collection":[{"href":"https:\/\/elfederalmendoza.com.ar\/index.php\/wp-json\/wp\/v2\/posts"}],"about":[{"href":"https:\/\/elfederalmendoza.com.ar\/index.php\/wp-json\/wp\/v2\/types\/post"}],"author":[{"embeddable":true,"href":"https:\/\/elfederalmendoza.com.ar\/index.php\/wp-json\/wp\/v2\/users\/2"}],"replies":[{"embeddable":true,"href":"https:\/\/elfederalmendoza.com.ar\/index.php\/wp-json\/wp\/v2\/comments?post=215"}],"version-history":[{"count":1,"href":"https:\/\/elfederalmendoza.com.ar\/index.php\/wp-json\/wp\/v2\/posts\/215\/revisions"}],"predecessor-version":[{"id":217,"href":"https:\/\/elfederalmendoza.com.ar\/index.php\/wp-json\/wp\/v2\/posts\/215\/revisions\/217"}],"wp:featuredmedia":[{"embeddable":true,"href":"https:\/\/elfederalmendoza.com.ar\/index.php\/wp-json\/wp\/v2\/media\/216"}],"wp:attachment":[{"href":"https:\/\/elfederalmendoza.com.ar\/index.php\/wp-json\/wp\/v2\/media?parent=215"}],"wp:term":[{"taxonomy":"category","embeddable":true,"href":"https:\/\/elfederalmendoza.com.ar\/index.php\/wp-json\/wp\/v2\/categories?post=215"},{"taxonomy":"post_tag","embeddable":true,"href":"https:\/\/elfederalmendoza.com.ar\/index.php\/wp-json\/wp\/v2\/tags?post=215"}],"curies":[{"name":"wp","href":"https:\/\/api.w.org\/{rel}","templated":true}]}}