{"id":21506,"date":"2023-03-28T10:14:10","date_gmt":"2023-03-28T13:14:10","guid":{"rendered":"https:\/\/elfederalmendoza.com\/?p=21506"},"modified":"2023-03-28T10:14:12","modified_gmt":"2023-03-28T13:14:12","slug":"el-audio-violenta-agresion-de-juan-grabois-a-cristina-perez-durante-una-entrevista-sos-una-sinverguenza","status":"publish","type":"post","link":"https:\/\/elfederalmendoza.com.ar\/index.php\/2023\/03\/28\/el-audio-violenta-agresion-de-juan-grabois-a-cristina-perez-durante-una-entrevista-sos-una-sinverguenza\/","title":{"rendered":"-EL AUDIO- Violenta agresi\u00f3n de Juan Grabois a Cristina P\u00e9rez durante una entrevista: \u00abSos una sinverg\u00fcenza\u00bb"},"content":{"rendered":"\n<p>Al defender la entrega de tierras en Mar del Plata por parte del Estado Nacional a personas presuntamente vinculadas a su organizaci\u00f3n, el dirigente social<strong>&nbsp;Juan Grabois&nbsp;<\/strong>agredi\u00f3 verbalmente a la periodista&nbsp;<strong>Cristina P\u00e9rez<\/strong>&nbsp;a la que, entre otras cosas, acus\u00f3 de ser \u201cmentirosa, xen\u00f3foba, racista y clasista\u201d.<\/p>\n\n\n\n<p>El violento cruce comenz\u00f3 cuando la conductora le consult\u00f3 por la denuncia que present\u00f3 recientemente el intendente de General Pueyrred\u00f3n, Guillermo Montenegro, contra el presidente de la&nbsp;<strong>Agencia de Administraci\u00f3n de Bienes del Estado (AABE)<\/strong>, Eduardo Alfonso Albanes y dos integrantes de la Asociaci\u00f3n Civil \u201cTercer Tiempo\u201d, que forma parte del&nbsp;<strong>Movimiento de Trabajadores Excluidos (MTE)<\/strong>, por la cesi\u00f3n de un inmueble de 140 hect\u00e1reas en la ciudad balnearia.<\/p>\n\n\n\n<p>\u201cMir\u00e1, te cuento. Esas tierras en el 2016 Macri las puso a la venta, no las pudo vender porque era inconstitucional. Lo primero que te quiero plantear es que si fuera un problema de Montenegro, es un problema municipal. El problema es que Macri, Larreta y Bullrich, sin conocer absolutamente nada de la situaci\u00f3n, salieron a acusarme a m\u00ed de tomar tierras. Lo que hay ah\u00ed es un proyecto agroecol\u00f3gico del que yo ten\u00eda poco conocimiento, que lo lidera el CONICET, la Universidad de Mar del Plata, con una asociaci\u00f3n civil, en una tierra que estaba ociosa hace, por lo menos, 25 a\u00f1os, que no hay absolutamente nada ah\u00ed, donde no se va a instalar ninguna familia, se va a realizar un proyecto de agricultura familiar\u201d, precis\u00f3 al respecto Grabois.<\/p>\n\n\n\n<p>La tensi\u00f3n en la conversaci\u00f3n, que se dio en el programa&nbsp;<em>Cristina sin vueltas<\/em>, que se emite por&nbsp;<em>Radio Rivadavia<\/em>, escal\u00f3 cuando la periodista le remarc\u00f3 al entrevistado que a ese predio habr\u00edan llegado personas oriundas del partido de La Matanza, supuestamente vinculadas a su organizaci\u00f3n, que \u201cllegaron, digamos, sin aviso, y acamparon en el lugar y se instalaron all\u00ed sin mayor noci\u00f3n de titularidad\u201d.<\/p>\n\n\n\n<p><img loading=\"lazy\" decoding=\"async\" alt=\"Juan Grabois en Mar del Plata\" height=\"852\" width=\"1280\" class=\"\" src=\"https:\/\/cloudfront-us-east-1.images.arcpublishing.com\/infobae\/JAQ2H77JLZHW3EW2I56KFMYROI.jpeg\" srcset=\"https:\/\/www.infobae.com\/new-resizer\/SO55ls6wlDJvV_W3afGeG1ad-j0=\/420x280\/filters:format(webp):quality(85)\/cloudfront-us-east-1.images.arcpublishing.com\/infobae\/JAQ2H77JLZHW3EW2I56KFMYROI.jpeg 420w,https:\/\/www.infobae.com\/new-resizer\/5PqFen4LR8EuSGepQ4usqRreeSU=\/768x512\/filters:format(webp):quality(85)\/cloudfront-us-east-1.images.arcpublishing.com\/infobae\/JAQ2H77JLZHW3EW2I56KFMYROI.jpeg 768w,https:\/\/www.infobae.com\/new-resizer\/-bsiMOVAyuIYiUu_74Vf81uRPZk=\/992x661\/filters:format(webp):quality(85)\/cloudfront-us-east-1.images.arcpublishing.com\/infobae\/JAQ2H77JLZHW3EW2I56KFMYROI.jpeg 992w,https:\/\/www.infobae.com\/new-resizer\/doge3ksEzsLh-sL6_e6kfQhj2Fo=\/1200x800\/filters:format(webp):quality(85)\/cloudfront-us-east-1.images.arcpublishing.com\/infobae\/JAQ2H77JLZHW3EW2I56KFMYROI.jpeg 1200w,https:\/\/www.infobae.com\/new-resizer\/SkOnAqxSE_vTWQ-hxyZ_jMtmsGI=\/1440x960\/filters:format(webp):quality(85)\/cloudfront-us-east-1.images.arcpublishing.com\/infobae\/JAQ2H77JLZHW3EW2I56KFMYROI.jpeg 1440w\">Juan Grabois en Mar del Plata<\/p>\n\n\n\n<p>\u201cBueno, \u00bfsab\u00e9s lo que pasa? Las noticias mienten. Es gente de Mar del Plata, de Bat\u00e1n, del CONICET, del INTA de Mar del Plata y de la universidad de Mar del Plata, no hay nadie de La Matanza. Lo de La Matanza es para matarse de la risa, es como, eh, digamos, el paradigma de lo que ellos quieren asustar a la gente, que van a ir un mont\u00f3n de negros del conurbano a tomarles la tierra, encima metieron La Matanza en el medio, ni siquiera dijeron, no s\u00e9, Vicente L\u00f3pez, no, La Matanza pusieron. Mir\u00e1, no hay nada raro\u201d, respondi\u00f3 Grabois.<\/p>\n\n\n\n<p>En este sentido, el referente del MTE sostuvo que \u201cel lugar estaba totalmente abandonado, sucio, etc\u00e9tera\u201d, por lo que hab\u00eda \u201cque limpiarlo y ponerlo a punto\u201d mientras avanzaba el proyecto de ley para entregar ese terreno en concesi\u00f3n.<\/p>\n\n\n\n<p>Fue entonces que Cristina P\u00e9rez sostuvo que, en realidad, \u201clo que queda claro es que reparten tierras con afinidad pol\u00edtica, como pasa con los mapuches\u201d, tras lo cual el dirigente la acus\u00f3 de ser \u201cuna sinverg\u00fcenza\u201d.<\/p>\n\n\n\n<p>\u201c<strong>\u00a1Usted es una xen\u00f3foba, es una racista y es una clasista!&nbsp;<\/strong>\u00a1Lo que usted est\u00e1 diciendo, la verdad, es de una maldad impresionante! \u00a1Que tierras que est\u00e1n vac\u00edas, que no se las van a regalar ni se las van a vender, que se las van a dejar en uso para que hagan un proyecto agroecol\u00f3gico a gente que necesita laburar la tierra! La verdad es que es una sinverg\u00fcenzada\u201d, contest\u00f3.<\/p>\n\n\n\n<p><img loading=\"lazy\" decoding=\"async\" alt=\"El violento cruce surgi\u00f3 por la discusi\u00f3n sobre los terrenos en los que se encuentran los militantes vinculados a Grabois \" height=\"1066\" width=\"1600\" class=\"\" src=\"https:\/\/cloudfront-us-east-1.images.arcpublishing.com\/infobae\/G7KLDGXDFNFMRGDDP3OUCBYDTQ.jpeg\" srcset=\"https:\/\/www.infobae.com\/new-resizer\/iDzTNSkh-Kxwx9w6JTRldxnQTNk=\/420x280\/filters:format(webp):quality(85)\/cloudfront-us-east-1.images.arcpublishing.com\/infobae\/G7KLDGXDFNFMRGDDP3OUCBYDTQ.jpeg 420w,https:\/\/www.infobae.com\/new-resizer\/dLfvkWdnSyREcvq67XY020fulVY=\/768x512\/filters:format(webp):quality(85)\/cloudfront-us-east-1.images.arcpublishing.com\/infobae\/G7KLDGXDFNFMRGDDP3OUCBYDTQ.jpeg 768w,https:\/\/www.infobae.com\/new-resizer\/bFRKxEiaPQIP3nwMBcPCZDEeuU0=\/992x661\/filters:format(webp):quality(85)\/cloudfront-us-east-1.images.arcpublishing.com\/infobae\/G7KLDGXDFNFMRGDDP3OUCBYDTQ.jpeg 992w,https:\/\/www.infobae.com\/new-resizer\/cLd14XGFX-ndZDd5vuDx3o08n88=\/1200x800\/filters:format(webp):quality(85)\/cloudfront-us-east-1.images.arcpublishing.com\/infobae\/G7KLDGXDFNFMRGDDP3OUCBYDTQ.jpeg 1200w,https:\/\/www.infobae.com\/new-resizer\/8CsvtCFCwx-2pBeAnI4Kpyj5pEQ=\/1440x960\/filters:format(webp):quality(85)\/cloudfront-us-east-1.images.arcpublishing.com\/infobae\/G7KLDGXDFNFMRGDDP3OUCBYDTQ.jpeg 1440w\">El violento cruce surgi\u00f3 por la discusi\u00f3n sobre los terrenos en los que se encuentran los militantes vinculados a Grabois<\/p>\n\n\n\n<p>Ante esta agresi\u00f3n, Cristina P\u00e9rez le recrimin\u00f3 a Grabois que \u201cutiliza ofensas para defender causas que van al margen de la Constituci\u00f3n Nacional\u201d y le record\u00f3 el conflicto en el que tambi\u00e9n se vio involucrado en el 2020, cuando personas vinculadas a su organizaci\u00f3n ocuparon un campo de la familia del ex ministro de Agricultura,&nbsp;<strong>Luis Miguel Etchevehere<\/strong>.<\/p>\n\n\n\n<p>\u201c<strong>Usted es una mala persona, es una basura y es la clara representaci\u00f3n de los problemas que tenemos en este pa\u00eds. Gente que quieren todos para ustedes.&nbsp;<\/strong>Ustedes tienen todos para ustedes, no quieren nada para los dem\u00e1s. No quieren que los humildes tengan nada y, francamente, se\u00f1ora P\u00e9rez, usted es una basura de persona y me llena de orgullo que gente como usted, gente como Macri, gente como Bullrich y gente como Larreta, me persigan, me difamen, digan que llevo gente de La Matanza. Es una caricia a mi alma que la gente m\u00e1s horrorosa de este pa\u00eds, lo fascistas de este pa\u00eds, los xen\u00f3fobos de este pa\u00eds, como usted, que no quieren nada para los dem\u00e1s\u201d, contest\u00f3, ya visiblemente molesto.<\/p>\n\n\n\n<h2 class=\"wp-block-heading\">La respuesta de Cristina P\u00e9rez<\/h2>\n\n\n\n<p>Tras el fuerte cruce con Grabois, la periodista habl\u00f3 con&nbsp;<strong>Infobae<\/strong>&nbsp;y cont\u00f3 sus sensaciones.&nbsp;<strong>\u201cNunca me toc\u00f3 hacer una entrevistas con tanta violencia.&nbsp;<\/strong>No tengo problema en polemizar y cruzarme con el protagonista de la nota. Pero nunca hab\u00eda recibido tantos insultos. Cont\u00e9 unos 10 en muy poco tiempo\u201d, asegur\u00f3 la conductora del noticiero de&nbsp;<em>Telef\u00e9<\/em>.<\/p>\n\n\n\n<p>En otro momento del contacto, la periodista asegur\u00f3 \u201cseguir en shock\u201d por la andanada de agravios que recibi\u00f3 por parte del dirigente. En ese sentido, sostuvo que el punto de conflicto fue por la cesi\u00f3n de terrenos a la organizaci\u00f3n social que lidera, los cuales se encuentran en Mar del Plata.<\/p>\n\n\n\n<p><strong>\u201cEl que descalifica se est\u00e1 describiendo. Me sorprendi\u00f3 que Grabois apelara a tantos insultos. Si ten\u00eda raz\u00f3n era mejor argumentar, que agraviar a quien le preguntaba\u201d<\/strong>, explic\u00f3.<\/p>\n\n\n\n<p>Por \u00faltimo, P\u00e9rez sostuvo: \u201cCuando la gente est\u00e1 bajo presi\u00f3n, se muestra tal cual es. Y Grabois demostr\u00f3 ser un hombre violento. Si ten\u00eda raz\u00f3n, no ten\u00eda por qu\u00e9 insultarme\u201d.<\/p>\n\n\n\n<figure class=\"wp-block-embed is-type-video is-provider-youtube wp-block-embed-youtube wp-embed-aspect-16-9 wp-has-aspect-ratio\"><div class=\"wp-block-embed__wrapper\">\n<iframe loading=\"lazy\" title=\"Se pudri\u00f3 todo en Radio Rivadavia: Grabois se calent\u00f3 y le dijo de todo al aire a Cristina P\u00e9rez\" width=\"640\" height=\"360\" src=\"https:\/\/www.youtube.com\/embed\/8q7nFrlS81c?feature=oembed\" frameborder=\"0\" allow=\"accelerometer; autoplay; clipboard-write; encrypted-media; gyroscope; picture-in-picture; web-share\" referrerpolicy=\"strict-origin-when-cross-origin\" allowfullscreen><\/iframe>\n<\/div><\/figure>\n","protected":false},"excerpt":{"rendered":"<p>Al defender la entrega de tierras en Mar del Plata por parte del Estado Nacional a personas presuntamente vinculadas a su organizaci\u00f3n, el dirigente social&nbsp;Juan Grabois&nbsp;agredi\u00f3 verbalmente a la periodista&nbsp;Cristina P\u00e9rez&nbsp;a la que, entre otras cosas, acus\u00f3 de ser \u201cmentirosa, xen\u00f3foba, racista y clasista\u201d. El violento cruce comenz\u00f3 cuando la conductora le consult\u00f3 por la<a class=\"read-more\" href=\"https:\/\/elfederalmendoza.com.ar\/index.php\/2023\/03\/28\/el-audio-violenta-agresion-de-juan-grabois-a-cristina-perez-durante-una-entrevista-sos-una-sinverguenza\/\"> [&hellip;]<\/a><\/p>\n","protected":false},"author":2,"featured_media":21507,"comment_status":"open","ping_status":"open","sticky":false,"template":"","format":"standard","meta":{"footnotes":""},"categories":[5618],"tags":[],"class_list":["post-21506","post","type-post","status-publish","format-standard","has-post-thumbnail","hentry","category-arg"],"rttpg_featured_image_url":{"full":["https:\/\/elfederalmendoza.com.ar\/wp-content\/uploads\/2023\/03\/cristina-perez2.jpg",946,597,false],"landscape":["https:\/\/elfederalmendoza.com.ar\/wp-content\/uploads\/2023\/03\/cristina-perez2.jpg",946,597,false],"portraits":["https:\/\/elfederalmendoza.com.ar\/wp-content\/uploads\/2023\/03\/cristina-perez2.jpg",946,597,false],"thumbnail":["https:\/\/elfederalmendoza.com.ar\/wp-content\/uploads\/2023\/03\/cristina-perez2-150x150.jpg",150,150,true],"medium":["https:\/\/elfederalmendoza.com.ar\/wp-content\/uploads\/2023\/03\/cristina-perez2-300x189.jpg",300,189,true],"large":["https:\/\/elfederalmendoza.com.ar\/wp-content\/uploads\/2023\/03\/cristina-perez2.jpg",640,404,false],"1536x1536":["https:\/\/elfederalmendoza.com.ar\/wp-content\/uploads\/2023\/03\/cristina-perez2.jpg",946,597,false],"2048x2048":["https:\/\/elfederalmendoza.com.ar\/wp-content\/uploads\/2023\/03\/cristina-perez2.jpg",946,597,false],"ultp_layout_landscape_large":["https:\/\/elfederalmendoza.com.ar\/wp-content\/uploads\/2023\/03\/cristina-perez2.jpg",946,597,false],"ultp_layout_landscape":["https:\/\/elfederalmendoza.com.ar\/wp-content\/uploads\/2023\/03\/cristina-perez2-870x570.jpg",870,570,true],"ultp_layout_portrait":["https:\/\/elfederalmendoza.com.ar\/wp-content\/uploads\/2023\/03\/cristina-perez2-600x597.jpg",600,597,true],"ultp_layout_square":["https:\/\/elfederalmendoza.com.ar\/wp-content\/uploads\/2023\/03\/cristina-perez2-600x597.jpg",600,597,true],"rpwe-thumbnail":["https:\/\/elfederalmendoza.com.ar\/wp-content\/uploads\/2023\/03\/cristina-perez2-45x45.jpg",45,45,true],"advps-thumb-one":["https:\/\/elfederalmendoza.com.ar\/wp-content\/uploads\/2023\/03\/cristina-perez2-946x420.jpg",946,420,true]},"rttpg_author":{"display_name":"Redacci\u00f3n El Federal","author_link":"https:\/\/elfederalmendoza.com.ar\/index.php\/author\/angelflores\/"},"rttpg_comment":0,"rttpg_category":"<a href=\"https:\/\/elfederalmendoza.com.ar\/index.php\/category\/arg\/\" rel=\"category tag\">Argentina<\/a>","rttpg_excerpt":"Al defender la entrega de tierras en Mar del Plata por parte del Estado Nacional a personas presuntamente vinculadas a su organizaci\u00f3n, el dirigente social&nbsp;Juan Grabois&nbsp;agredi\u00f3 verbalmente a la periodista&nbsp;Cristina P\u00e9rez&nbsp;a la que, entre otras cosas, acus\u00f3 de ser \u201cmentirosa, xen\u00f3foba, racista y clasista\u201d. El violento cruce comenz\u00f3 cuando la conductora le consult\u00f3 por la&hellip;","_links":{"self":[{"href":"https:\/\/elfederalmendoza.com.ar\/index.php\/wp-json\/wp\/v2\/posts\/21506","targetHints":{"allow":["GET"]}}],"collection":[{"href":"https:\/\/elfederalmendoza.com.ar\/index.php\/wp-json\/wp\/v2\/posts"}],"about":[{"href":"https:\/\/elfederalmendoza.com.ar\/index.php\/wp-json\/wp\/v2\/types\/post"}],"author":[{"embeddable":true,"href":"https:\/\/elfederalmendoza.com.ar\/index.php\/wp-json\/wp\/v2\/users\/2"}],"replies":[{"embeddable":true,"href":"https:\/\/elfederalmendoza.com.ar\/index.php\/wp-json\/wp\/v2\/comments?post=21506"}],"version-history":[{"count":1,"href":"https:\/\/elfederalmendoza.com.ar\/index.php\/wp-json\/wp\/v2\/posts\/21506\/revisions"}],"predecessor-version":[{"id":21508,"href":"https:\/\/elfederalmendoza.com.ar\/index.php\/wp-json\/wp\/v2\/posts\/21506\/revisions\/21508"}],"wp:featuredmedia":[{"embeddable":true,"href":"https:\/\/elfederalmendoza.com.ar\/index.php\/wp-json\/wp\/v2\/media\/21507"}],"wp:attachment":[{"href":"https:\/\/elfederalmendoza.com.ar\/index.php\/wp-json\/wp\/v2\/media?parent=21506"}],"wp:term":[{"taxonomy":"category","embeddable":true,"href":"https:\/\/elfederalmendoza.com.ar\/index.php\/wp-json\/wp\/v2\/categories?post=21506"},{"taxonomy":"post_tag","embeddable":true,"href":"https:\/\/elfederalmendoza.com.ar\/index.php\/wp-json\/wp\/v2\/tags?post=21506"}],"curies":[{"name":"wp","href":"https:\/\/api.w.org\/{rel}","templated":true}]}}